{"id":25368,"date":"2021-12-14T12:21:47","date_gmt":"2021-12-14T11:21:47","guid":{"rendered":"http:\/\/info.sadowne.pl\/?p=25368"},"modified":"2021-12-14T12:21:47","modified_gmt":"2021-12-14T11:21:47","slug":"kronika-policyjna-06-12-grudnia-2021","status":"publish","type":"post","link":"http:\/\/info.sadowne.pl\/?p=25368","title":{"rendered":"Kronika policyjna 06 \u2013 12 grudnia 2021"},"content":{"rendered":"<p><strong><a href=\"http:\/\/info.sadowne.pl\/wp-content\/uploads\/2015\/04\/komisariat-3.jpg\"><img loading=\"lazy\" decoding=\"async\" class=\"alignleft size-thumbnail wp-image-8553\" src=\"http:\/\/info.sadowne.pl\/wp-content\/uploads\/2015\/04\/komisariat-3-180x130.jpg\" alt=\"\" width=\"180\" height=\"130\" \/><\/a>W ostatnich dniach na terenie powiatu w\u0119growskiego dosz\u0142o do zdarze\u0144 drogowych. Policjanci apeluj\u0105 o ostro\u017cno\u015b\u0107.<\/strong><!--more--><\/p>\n<p>06 grudnia w m. Miedzna mieszkanka pow. w\u0119growskiego, kieruj\u0105c pojazdem marki Skoda, nie dostosowa\u0142a pr\u0119dko\u015bci do warunk\u00f3w panuj\u0105cych na drodze i straci\u0142 panowanie nad pojazdem na oblodzonej nawierzchni jezdni po czym zjecha\u0142a do rowu, gdzie pojazd uleg\u0142 wywr\u00f3ceniu. Nikt nie dozna\u0142 obra\u017ce\u0144.<\/p>\n<p>07 grudnia w m. W\u0119gr\u00f3w mieszkaniec pow. siedleckiego, wykonuj\u0105c prace kopark\u0105 marki Catepillar nie zachowa\u0142 szczeg\u00f3lnej ostro\u017cno\u015bci i uderzy\u0142 w przeje\u017cd\u017caj\u0105cy pojazd marki Citroen. Nikt nie dozna\u0142 obra\u017ce\u0144.<\/p>\n<p>09 grudnia w m. W\u0119gr\u00f3w mieszkaniec pow. w\u0119growskiego, kieruj\u0105c pojazdem marki Seat nie ust\u0105pi\u0142 pierwsze\u0144stwa przejazdu kieruj\u0105cemu pojazdem marki Kia doprowadzaj\u0105c do zderzenia. Nikt nie dozna\u0142 obra\u017ce\u0144.<\/p>\n<p>12 grudnia w m. W\u0119gr\u00f3w na ul. Al. Solidarno\u015bci dosz\u0142o do zdarzenia drogowego z udzia\u0142em dw\u00f3ch pojazd\u00f3w VW Polo oraz VW Passat koloru srebrnego, kt\u00f3rego kieruj\u0105cy oddali\u0142 si\u0119 z miejsca zdarzenia. Wszystkie osoby posiadaj\u0105ce informacje w powy\u017cszej sprawie prosimy o zg\u0142oszenie si\u0119 na policj\u0119.<\/p>\n<p>Policjanci apeluj\u0105 o ostro\u017cno\u015b\u0107 i zwi\u0119kszon\u0105 uwag\u0119 na drogach<\/p>\n<p><strong>m\u0142. asp. Monika Ksi\u0119\u017copolska<\/strong><\/p>\n","protected":false},"excerpt":{"rendered":"<p>W ostatnich dniach na terenie powiatu w\u0119growskiego dosz\u0142o do zdarze\u0144 drogowych. Policjanci apeluj\u0105 o ostro\u017cno\u015b\u0107.<\/p>\n","protected":false},"author":1,"featured_media":0,"comment_status":"closed","ping_status":"closed","sticky":false,"template":"","format":"standard","meta":{"footnotes":""},"categories":[5,266,4],"tags":[261,3174],"class_list":["post-25368","post","type-post","status-publish","format-standard","hentry","category-newsy","category-policja-policja-straz-pozarna-pogotowie-ratunkowe","category-policja-straz-pozarna-pogotowie-ratunkowe","tag-komenda-powiatowa-policji-w-wegrowie","tag-kronika-policyjna"],"views":2128,"_links":{"self":[{"href":"http:\/\/info.sadowne.pl\/index.php?rest_route=\/wp\/v2\/posts\/25368","targetHints":{"allow":["GET"]}}],"collection":[{"href":"http:\/\/info.sadowne.pl\/index.php?rest_route=\/wp\/v2\/posts"}],"about":[{"href":"http:\/\/info.sadowne.pl\/index.php?rest_route=\/wp\/v2\/types\/post"}],"author":[{"embeddable":true,"href":"http:\/\/info.sadowne.pl\/index.php?rest_route=\/wp\/v2\/users\/1"}],"replies":[{"embeddable":true,"href":"http:\/\/info.sadowne.pl\/index.php?rest_route=%2Fwp%2Fv2%2Fcomments&post=25368"}],"version-history":[{"count":1,"href":"http:\/\/info.sadowne.pl\/index.php?rest_route=\/wp\/v2\/posts\/25368\/revisions"}],"predecessor-version":[{"id":25369,"href":"http:\/\/info.sadowne.pl\/index.php?rest_route=\/wp\/v2\/posts\/25368\/revisions\/25369"}],"wp:attachment":[{"href":"http:\/\/info.sadowne.pl\/index.php?rest_route=%2Fwp%2Fv2%2Fmedia&parent=25368"}],"wp:term":[{"taxonomy":"category","embeddable":true,"href":"http:\/\/info.sadowne.pl\/index.php?rest_route=%2Fwp%2Fv2%2Fcategories&post=25368"},{"taxonomy":"post_tag","embeddable":true,"href":"http:\/\/info.sadowne.pl\/index.php?rest_route=%2Fwp%2Fv2%2Ftags&post=25368"}],"curies":[{"name":"wp","href":"https:\/\/api.w.org\/{rel}","templated":true}]}}