{"id":25443,"date":"2021-12-27T14:14:56","date_gmt":"2021-12-27T13:14:56","guid":{"rendered":"http:\/\/info.sadowne.pl\/?p=25443"},"modified":"2021-12-27T14:14:56","modified_gmt":"2021-12-27T13:14:56","slug":"kronika-policyjna-20-25-grudnia-2021","status":"publish","type":"post","link":"http:\/\/info.sadowne.pl\/?p=25443","title":{"rendered":"Kronika policyjna 20-25 grudnia 2021"},"content":{"rendered":"<p><strong><a href=\"http:\/\/info.sadowne.pl\/wp-content\/uploads\/2015\/04\/komisariat-3.jpg\"><img loading=\"lazy\" decoding=\"async\" class=\"alignleft size-thumbnail wp-image-8553\" src=\"http:\/\/info.sadowne.pl\/wp-content\/uploads\/2015\/04\/komisariat-3-180x130.jpg\" alt=\"\" width=\"180\" height=\"130\" \/><\/a>W ostatnich dniach na terenie powiatu w\u0119growskiego dosz\u0142o do zdarze\u0144 drogowych. Policjanci apeluj\u0105 o ostro\u017cno\u015b\u0107.<\/strong><!--more--><\/p>\n<p>20 grudnia w m. Kalinowiec mieszkaniec pow. w\u0119growskiego, kieruj\u0105c pojazdem marki Renault nie zachowa\u0142 bezpiecznej odleg\u0142o\u015bci od poprzedzaj\u0105cego go pojazdu marki Renault i uderzy\u0142 w jego ty\u0142. Nikt nie dozna\u0142 obra\u017ce\u0144.<\/p>\n<p>21 grudnia w m. K\u0105ty mieszkanka pow. w\u0119growskiego, kieruj\u0105c pojazdem marki Dacia nie ust\u0105pi\u0142a pierwsze\u0144stwa przejazdu kieruj\u0105cemu pojazdem marki Mercedes doprowadzaj\u0105c do zderzenia. Kieruj\u0105ca Daci\u0105 w wyniku doznanych obra\u017ce\u0144 zosta\u0142a przewieziona do szpitala. Post\u0119powanie prowadzi PP w Korytnicy.<\/p>\n<p>W tym samym dniu w m. \u0141och\u00f3w mieszkanka pow. w\u0119growskiego, kieruj\u0105c pojazdem marki VW nie ust\u0105pi\u0142a pierwsze\u0144stwa przejazdu pojazdowi marki Subaru doprowadzaj\u0105c do zderzenia. Nikt nie dozna\u0142 obra\u017ce\u0144.<\/p>\n<p>22 grudnia w m. \u0141och\u00f3w mieszkaniec pow. w\u0119growskiego, kieruj\u0105c pojazdem marki Toyota w\u0142\u0105czaj\u0105c si\u0119 do ruchu uderzy\u0142 w pojazd marki Kia. Nikt nie dozna\u0142 obra\u017ce\u0144.<\/p>\n<p>W tym samym dniu w m. Stary \u015awi\u0119toch\u00f3w mieszkaniec pow. w\u0119growskiego, kieruj\u0105c pojazdem marki VW zderzy\u0142 si\u0119 \u0142osiem, kt\u00f3ry wszed\u0142 na jezdni\u0119. Nikt nie dozna\u0142 obra\u017ce\u0144.<\/p>\n<p>23 grudnia w m. W\u0119gr\u00f3w mieszkanka Warszawy, kieruj\u0105c pojazdem marki Volvo, podczas manewru cofania uderzy\u0142a w pojazd marki BMW. Nikt nie dozna\u0142 obra\u017ce\u0144.<\/p>\n<p>24 grudnia w m. Wrotn\u00f3w mieszkaniec pow. soko\u0142owskiego, kieruj\u0105c pojazdem marki Renault, nie dostosowa\u0142 pr\u0119dko\u015bci do warunk\u00f3w panuj\u0105cych na drodze w wyniku czego uderzy\u0142 w drzewo. Nikt nie dozna\u0142 obra\u017ce\u0144.<\/p>\n<p>25 grudnia w m. Gr\u0119bk\u00f3w mieszkaniec pow. otwockiego, kieruj\u0105c pojazdem marki Audi nie zachowa\u0142 bezpiecznej odleg\u0142o\u015bci od poprzedzaj\u0105cego go pojazdu marki Toyota doprowadzaj\u0105c do zderzenia. Pasa\u017cerka Audi w wyniku doznanych obra\u017ce\u0144 zosta\u0142a przewieziona do szpitala. Post\u0119powanie prowadzi KPP w W\u0119growie.<\/p>\n<p><strong>Policjanci apeluj\u0105 o ostro\u017cno\u015b\u0107 i zwi\u0119kszon\u0105 uwag\u0119 na drogach.<\/strong><\/p>\n<p><strong>m\u0142.asp. Monika Ksi\u0119\u017copolska<\/strong><\/p>\n","protected":false},"excerpt":{"rendered":"<p>W ostatnich dniach na terenie powiatu w\u0119growskiego dosz\u0142o do zdarze\u0144 drogowych. Policjanci apeluj\u0105 o ostro\u017cno\u015b\u0107.<\/p>\n","protected":false},"author":1,"featured_media":0,"comment_status":"closed","ping_status":"closed","sticky":false,"template":"","format":"standard","meta":{"footnotes":""},"categories":[5,266,4],"tags":[261,3174],"class_list":["post-25443","post","type-post","status-publish","format-standard","hentry","category-newsy","category-policja-policja-straz-pozarna-pogotowie-ratunkowe","category-policja-straz-pozarna-pogotowie-ratunkowe","tag-komenda-powiatowa-policji-w-wegrowie","tag-kronika-policyjna"],"views":2069,"_links":{"self":[{"href":"http:\/\/info.sadowne.pl\/index.php?rest_route=\/wp\/v2\/posts\/25443","targetHints":{"allow":["GET"]}}],"collection":[{"href":"http:\/\/info.sadowne.pl\/index.php?rest_route=\/wp\/v2\/posts"}],"about":[{"href":"http:\/\/info.sadowne.pl\/index.php?rest_route=\/wp\/v2\/types\/post"}],"author":[{"embeddable":true,"href":"http:\/\/info.sadowne.pl\/index.php?rest_route=\/wp\/v2\/users\/1"}],"replies":[{"embeddable":true,"href":"http:\/\/info.sadowne.pl\/index.php?rest_route=%2Fwp%2Fv2%2Fcomments&post=25443"}],"version-history":[{"count":1,"href":"http:\/\/info.sadowne.pl\/index.php?rest_route=\/wp\/v2\/posts\/25443\/revisions"}],"predecessor-version":[{"id":25444,"href":"http:\/\/info.sadowne.pl\/index.php?rest_route=\/wp\/v2\/posts\/25443\/revisions\/25444"}],"wp:attachment":[{"href":"http:\/\/info.sadowne.pl\/index.php?rest_route=%2Fwp%2Fv2%2Fmedia&parent=25443"}],"wp:term":[{"taxonomy":"category","embeddable":true,"href":"http:\/\/info.sadowne.pl\/index.php?rest_route=%2Fwp%2Fv2%2Fcategories&post=25443"},{"taxonomy":"post_tag","embeddable":true,"href":"http:\/\/info.sadowne.pl\/index.php?rest_route=%2Fwp%2Fv2%2Ftags&post=25443"}],"curies":[{"name":"wp","href":"https:\/\/api.w.org\/{rel}","templated":true}]}}