{"id":25452,"date":"2021-12-29T12:41:30","date_gmt":"2021-12-29T11:41:30","guid":{"rendered":"http:\/\/info.sadowne.pl\/?p=25452"},"modified":"2021-12-29T12:41:30","modified_gmt":"2021-12-29T11:41:30","slug":"pomoz-janie-i-jej-rodzinie-po-pozarze-domu","status":"publish","type":"post","link":"http:\/\/info.sadowne.pl\/?p=25452","title":{"rendered":"Pom\u00f3\u017c Janie i jej rodzinie po po\u017carze domu"},"content":{"rendered":"<p><strong><a href=\"http:\/\/info.sadowne.pl\/wp-content\/uploads\/2021\/12\/2021.12.29.3.jpg\" target=\"_blank\" rel=\"noopener\"><img loading=\"lazy\" decoding=\"async\" class=\"alignleft wp-image-25453 size-thumbnail\" src=\"http:\/\/info.sadowne.pl\/wp-content\/uploads\/2021\/12\/2021.12.29.3-180x130.jpg\" alt=\"\" width=\"180\" height=\"130\" \/><\/a>Mo\u017cemy pom\u00f3c np. poprzez wp\u0142acenie dowolnej kwoty na rzecz poszkodowanej rodziny na portalu zrzutka.pl.<\/strong><!--more--><\/p>\n<p>Jana &#8211; mama tr\u00f3jki dzieci, kt\u00f3ra niedawno straci\u0142a m\u0119\u017ca po ci\u0119\u017ckiej chorobie, by\u0142a piel\u0119gniark\u0105 pomagaj\u0105ca innym, organistka w kaplicy w Mrozowej Woli nie mog\u0142a razem z rodzin\u0105 cieszy\u0107 si\u0119 cho\u0107 troch\u0119 czasem \u015bwi\u0105t Bo\u017cego Narodzenia. We wtorek 28 grudnia tragiczny po\u017car strawi\u0142 jej dom w Ko\u0142odzi\u0105\u017cu (gmina Sadowne).<\/p>\n<p>Znalaz\u0142a si\u0119 w ci\u0119\u017ckiej sytuacji i potrzebuje naszej pomocy, aby podnie\u015b si\u0119 na nogi, odbudowa\u0107 dom, zapewni\u0107 przysz\u0142o\u015b\u0107 swojej rodzinie, zw\u0142aszcza dzieciom. Ka\u017cda z\u0142ot\u00f3wka jest na wag\u0119 z\u0142ota i mo\u017ce pom\u00f3c poszkodowanej rodzinie.<\/p>\n<p>D<strong>zi\u0119kujemy za ka\u017cde wsparcie i gesty \u017cyczliwo\u015bci.<\/strong><\/p>\n<p><strong>Wi\u0119cej na stronie <span style=\"color: #0000ff;\"><a style=\"color: #0000ff;\" href=\"https:\/\/zrzutka.pl\/r9m8t7?utm_medium=social&amp;utm_source=facebook&amp;utm_campaign=sharing_button&amp;fbclid=IwAR3QvkwkuSRkbPrtM3WZJNAtzYW52VBSg8id8glNiKoYIKTl_5BhsjaHGZ0\" target=\"_blank\" rel=\"noopener\">https:\/\/zrzutka.pl\/r9m8t7?utm_medium=social&amp;utm_source=facebook&amp;utm_campaign=sharing_button&amp;fbclid=IwAR3QvkwkuSRkbPrtM3WZJNAtzYW52VBSg8id8glNiKoYIKTl_5BhsjaHGZ0<\/a><\/span><\/strong><\/p>\n","protected":false},"excerpt":{"rendered":"<p>Mo\u017cemy pom\u00f3c np. poprzez wp\u0142acenie dowolnej kwoty na rzecz poszkodowanej rodziny na portalu zrzutka.pl.<\/p>\n","protected":false},"author":1,"featured_media":0,"comment_status":"closed","ping_status":"closed","sticky":false,"template":"","format":"standard","meta":{"footnotes":""},"categories":[5,1],"tags":[1021,3683,3684],"class_list":["post-25452","post","type-post","status-publish","format-standard","hentry","category-newsy","category-inne","tag-pomaganie-potrzebujacym","tag-pozar-w-kolodziazu","tag-zrzutka-na-rzecz-jany-i-jej-rodziny"],"views":2466,"_links":{"self":[{"href":"http:\/\/info.sadowne.pl\/index.php?rest_route=\/wp\/v2\/posts\/25452","targetHints":{"allow":["GET"]}}],"collection":[{"href":"http:\/\/info.sadowne.pl\/index.php?rest_route=\/wp\/v2\/posts"}],"about":[{"href":"http:\/\/info.sadowne.pl\/index.php?rest_route=\/wp\/v2\/types\/post"}],"author":[{"embeddable":true,"href":"http:\/\/info.sadowne.pl\/index.php?rest_route=\/wp\/v2\/users\/1"}],"replies":[{"embeddable":true,"href":"http:\/\/info.sadowne.pl\/index.php?rest_route=%2Fwp%2Fv2%2Fcomments&post=25452"}],"version-history":[{"count":1,"href":"http:\/\/info.sadowne.pl\/index.php?rest_route=\/wp\/v2\/posts\/25452\/revisions"}],"predecessor-version":[{"id":25454,"href":"http:\/\/info.sadowne.pl\/index.php?rest_route=\/wp\/v2\/posts\/25452\/revisions\/25454"}],"wp:attachment":[{"href":"http:\/\/info.sadowne.pl\/index.php?rest_route=%2Fwp%2Fv2%2Fmedia&parent=25452"}],"wp:term":[{"taxonomy":"category","embeddable":true,"href":"http:\/\/info.sadowne.pl\/index.php?rest_route=%2Fwp%2Fv2%2Fcategories&post=25452"},{"taxonomy":"post_tag","embeddable":true,"href":"http:\/\/info.sadowne.pl\/index.php?rest_route=%2Fwp%2Fv2%2Ftags&post=25452"}],"curies":[{"name":"wp","href":"https:\/\/api.w.org\/{rel}","templated":true}]}}