{"id":25497,"date":"2022-01-10T16:20:48","date_gmt":"2022-01-10T15:20:48","guid":{"rendered":"http:\/\/info.sadowne.pl\/?p=25497"},"modified":"2022-01-10T16:20:48","modified_gmt":"2022-01-10T15:20:48","slug":"marsz-charytatywny-z-wymiernymi-sukcesami","status":"publish","type":"post","link":"http:\/\/info.sadowne.pl\/?p=25497","title":{"rendered":"Marsz charytatywny z wymiernymi sukcesami"},"content":{"rendered":"<p><strong><a href=\"http:\/\/info.sadowne.pl\/wp-content\/uploads\/2022\/01\/2022.01.10.1.jpg\" target=\"_blank\" rel=\"noopener\"><img loading=\"lazy\" decoding=\"async\" class=\"alignleft wp-image-25498 size-thumbnail\" src=\"http:\/\/info.sadowne.pl\/wp-content\/uploads\/2022\/01\/2022.01.10.1-180x130.jpg\" alt=\"\" width=\"180\" height=\"130\" \/><\/a>Kilogramy karmy dla podopiecznych \u201ePsiego Azylu\u201d w \u0141ochowie, niemal 9 km \u201ew nogach\u201d, hektolitry \u201esosnowego\u201d tlenu w p\u0142ucach, setki przyjaznych u\u015bmiech\u00f3w i rozm\u00f3w, smaki na mecie i \u201ehistoryczne smaczki\u201d w ko\u0144c\u00f3wce \u201enewsa\u201d&#8230;<\/strong><!--more--><\/p>\n<p>\u2026 no i (mam nadziej\u0119, \u017ce) kilogramy mniej na wadze u prawie trzydziestki uczestnik\u00f3w z Ostrowi, Ostr\u00f3wka, Sadownego i okolic \u2013 tak mo\u017cna podsumowa\u0107 dzisiejszy charytatywny marsz NW w Sadownem.<\/p>\n<p>A rozliczaj\u0105c go czasowo-przestrzennie trzeba wskaza\u0107, \u017ce po kr\u00f3tkiej rozgrzewce i salwie z \u201edwururki\u201d prof. Krzysztofa K\u0105dzieli ruszyli\u015bmy karnie za Sylwi\u0105 Ilczuk na le\u015bn\u0105 tras\u0119 dooko\u0142a Draku. Z polany \u015aw. Huberta, ko\u0142o le\u015bnicz\u00f3wek i dalej przez dolink\u0119 Bojewki dotarli\u015bmy do skraju g\u0142\u00f3wnie sosnowego lasu zwanego niegdy\u015b \u201eKazalnice\u201d (o czym w \u201esmaczkach\u201d). Tu przed g\u00f3rk\u0105 \u201eStrzelnic\u0105\u201d odbili\u015bmy w lewo, by po kilku minutach i podziwianiu \u015bwie\u017cych sadzonek sosenek (I kwadrans marszu) odbi\u0107 w prawo i wspi\u0105\u0107 si\u0119 na \u201eStrom\u0105\u201d. Puls przyspieszy\u0142, wi\u0119c chwytaj\u0105c oddech popozowali\u015bmy do fotek, kt\u00f3re jak na zawo\u0142anie pyka\u0142 zjawiaj\u0105cy si\u0119 tu punktualnie i nie wiadomo sk\u0105d K. K\u0105dziela.<\/p>\n<p>Ruszyli\u015bmy prosto w szersz\u0105 lini\u0119 za \u201eStrom\u0105\u201d, a gdy po prawej pojawi\u0142o si\u0119 w ca\u0142ej okaza\u0142o\u015bci (bo w postaci wyci\u0119tego \u015bwie\u017co zr\u0119bu) wzniesienie \u201eObserwatora\u201d, skr\u0119cili\u015bmy w lewo, by pokonuj\u0105c dwa kolejne wzniesienia przeci\u0105\u0107 szos\u0119 z Draku na Sok\u00f3\u0142k\u0119 (tu\u017c przed ni\u0105 i czo\u0142\u00f3wk\u0105 naszego peletonu umkn\u0119\u0142a sp\u0142oszona sarenka). Dalej odbili\u015bmy w prawo, za ostatnimi posesjami Draku i po ponad p\u00f3l godzinie marszu doszli\u015bmy do r\u00f3wnolegle biegn\u0105cej wzd\u0142u\u017c linii kolejowej, asfaltowej \u201edrogi wewn\u0119trznej PKP\u201d. Ni\u0105 ruszyli\u015bmy w lewo, a po przeci\u0119ciu Bojewki troch\u0119 odpocz\u0119li\u015bmy przy \u017celaznym krzy\u017cu \u201epandemicznym\u201d, kt\u00f3ry ju\u017c w lesie zwanym Jegiel, zdaje si\u0119 stoi w miejscu drewnianego, prawos\u0142awnego, co upami\u0119tnia\u0142 miejsce poch\u00f3wku francuskiego in\u017cyniera, buduj\u0105cego kolej \u017celazn\u0105 carowi.<\/p>\n<p>Dalej doszli\u015bmy do miejsca jeszcze niedawno zdobionego wiekowymi sosnami na zlikwidowanym ju\u017c przeje\u017adzie rybiowskim (III kwadrans) i odbili\u015bmy w lewo, w las, by po kilkuset metrach zn\u00f3w pokonywa\u0107 le\u015bne wzniesienia, czyli G\u00f3ry Bogackie. Najpierw to pokryte wrzosami, z kt\u00f3rego rozchodz\u0105 si\u0119 le\u015bne linie w pi\u0119\u0107 stron, potem (po zej\u015bciu w lewo, kilkuset metrach i skr\u0119cie w prawo \u2013 min\u0119\u0142a godzina marszu) wymagaj\u0105ce trzy g\u00f3rki, jedna za drug\u0105, r\u00f3wnoleg\u0142e do ci\u0105gn\u0105cej si\u0119 z prawej, r\u00f3wnie wyd\u0142u\u017conej wydmy, na kt\u00f3rej szczycie niedawno sta\u0142 obserwator w Jeglu.<\/p>\n<p>Gdy po lewej otworzy\u0142a si\u0119 rozleg\u0142a panorama kolejnego zr\u0119bu, w dali Kurza Grz\u0119da, w\u0105w\u00f3z z rezerwatem \u201eMokry Jegiel\u201d, a znad sosen dobiega\u0142y krakania przelatuj\u0105cych kruk\u00f3w, skr\u0119cili\u015bmy w lewo, w \u017cwirow\u0105, le\u015bn\u0105, szerok\u0105 drog\u0119, a z niej w prawo, w nieco w\u0119\u017csz\u0105 biegn\u0105c\u0105 wprost ku ul. Stra\u017cackiej (V kwadrans). Ju\u017c na skraju \u015br\u00f3dle\u015bnej \u0142\u0105ki odbili\u015bmy w lewo, w tzw. I-wsz\u0105 lini\u0119, w po\u0142owie kt\u00f3rej z lewej, dzi\u0119ki kolejnemu zr\u0119bowi, dostrzegli\u015bmy snuj\u0105cy si\u0119 z niemal kilometra leniwie dym z ogniska. Przyspieszenie by\u0142o oczywiste, finisz marszu radosny, bo po takiej aktywno\u015bci smak kie\u0142basek, pasztecik\u00f3w, ciast, kawy, herbaty itp., podkr\u0119cony dymem z ogniska by\u0142 niepowtarzalny.<\/p>\n<p><a href=\"http:\/\/info.sadowne.pl\/wp-content\/uploads\/2022\/01\/2022.01.10.3-scaled.jpg\" target=\"_blank\" rel=\"noopener\"><img loading=\"lazy\" decoding=\"async\" class=\"alignright wp-image-25499 size-medium\" src=\"http:\/\/info.sadowne.pl\/wp-content\/uploads\/2022\/01\/2022.01.10.3-300x253.jpg\" alt=\"\" width=\"300\" height=\"253\" srcset=\"http:\/\/info.sadowne.pl\/wp-content\/uploads\/2022\/01\/2022.01.10.3-300x253.jpg 300w, http:\/\/info.sadowne.pl\/wp-content\/uploads\/2022\/01\/2022.01.10.3-1024x865.jpg 1024w, http:\/\/info.sadowne.pl\/wp-content\/uploads\/2022\/01\/2022.01.10.3-768x649.jpg 768w, http:\/\/info.sadowne.pl\/wp-content\/uploads\/2022\/01\/2022.01.10.3-1536x1297.jpg 1536w, http:\/\/info.sadowne.pl\/wp-content\/uploads\/2022\/01\/2022.01.10.3-2048x1730.jpg 2048w\" sizes=\"auto, (max-width: 300px) 100vw, 300px\" \/><\/a>A co do zapowiadanych \u201esmaczk\u00f3w\u201d, to \u201ewyguglowa\u0107\u201d mo\u017cna, \u017ce Kazalnice i G\u00f3ry Bogackie w Sadownem by\u0142y przedmiotem bada\u0144 naukowych przed ponad stu laty. Co wi\u0119cej badania te przeprowadzi\u0142 u progu swej kariery profesor Stanis\u0142aw Ma\u0142kowski, m.in. tw\u00f3rca Muzeum Ziemi i autor ponad 150 prac naukowych. Tym bardziej znamienne, \u017ce w\u015br\u00f3d kilkunastu najwa\u017cniejszych jego prac wymienia si\u0119 te pierwsze z 1912 i 1913 r. opublikowane w roczniku \u201eKosmos\u201d za 1912 r. oraz wydanym w 1913 r. 47. tomie Sprawozdania Komisji Fizjograficznej Krakowskiej Akademii Umiej\u0119tno\u015bci.<\/p>\n<p><a href=\"http:\/\/info.sadowne.pl\/wp-content\/uploads\/2022\/01\/2022.01.10.2.jpg\"><img loading=\"lazy\" decoding=\"async\" class=\"alignleft size-medium wp-image-25500\" src=\"http:\/\/info.sadowne.pl\/wp-content\/uploads\/2022\/01\/2022.01.10.2-300x121.jpg\" alt=\"\" width=\"300\" height=\"121\" srcset=\"http:\/\/info.sadowne.pl\/wp-content\/uploads\/2022\/01\/2022.01.10.2-300x121.jpg 300w, http:\/\/info.sadowne.pl\/wp-content\/uploads\/2022\/01\/2022.01.10.2.jpg 609w\" sizes=\"auto, (max-width: 300px) 100vw, 300px\" \/><\/a>Tych bardziej dociekliwych zach\u0119camy nie tylko do poznania \u017cyciorysu Profesora, ale te\u017c do w\/w Sprawozdania, gdzie opr\u00f3cz wynik\u00f3w bada\u0144 naukowych s\u0105 te\u017c fotografie fragment\u00f3w Bogackich G\u00f3r i ich mapa. Konia za\u015b z rz\u0119dem temu, co t\u0105 map\u0119 m\u00f3g\u0142by zsynchronizowa\u0107 z mapk\u0105 dzisiejszego marszu.<\/p>\n<p><span style=\"color: #0000ff;\"><a style=\"color: #0000ff;\" href=\"https:\/\/photos.google.com\/share\/AF1QipNMS-vXuAeEqIteXBOIT8pPuxaiqDljukFHa6ozxUQaigr7seSF2Lfg9HJ0saczDA?key=bWJFMTdtVEdqenZOSUJ6cXpEazV2Q3dkS3FyUk5n\" target=\"_blank\" rel=\"noopener\"><strong>Zdj\u0119cia w galerii Google&gt;&gt;&gt;<\/strong><\/a><\/span><\/p>\n<p><strong>Tekst:<\/strong> RW<\/p>\n<p><strong>Foto:<\/strong> GOK Sadowne<\/p>\n<p><strong>\u0179r\u00f3d\u0142a:<\/strong><\/p>\n<p>&#8211; <a href=\"http:\/\/www.old.orienteering.org.pl\">www.old.orienteering.org.pl<\/a><\/p>\n<p>&#8211; <a href=\"http:\/\/www.photos.google.com\">www.photos.google.com<\/a><\/p>\n","protected":false},"excerpt":{"rendered":"<p>Kilogramy karmy dla podopiecznych \u201ePsiego Azylu\u201d w \u0141ochowie, niemal 9 km \u201ew nogach\u201d, hektolitry \u201esosnowego\u201d tlenu w p\u0142ucach, setki przyjaznych u\u015bmiech\u00f3w i rozm\u00f3w, smaki na mecie i \u201ehistoryczne smaczki\u201d w ko\u0144c\u00f3wce \u201enewsa\u201d&#8230;<\/p>\n","protected":false},"author":1,"featured_media":0,"comment_status":"closed","ping_status":"closed","sticky":false,"template":"","format":"standard","meta":{"footnotes":""},"categories":[5,91,6],"tags":[3689,169],"class_list":["post-25497","post","type-post","status-publish","format-standard","hentry","category-newsy","category-gminny-osrodek-kultury","category-kultura-rozrywka-edukacja","tag-charytatywny-marsz-nordic-walking-w-sadownem","tag-gminny-osrodek-kultury-w-sadownem"],"views":2553,"_links":{"self":[{"href":"http:\/\/info.sadowne.pl\/index.php?rest_route=\/wp\/v2\/posts\/25497","targetHints":{"allow":["GET"]}}],"collection":[{"href":"http:\/\/info.sadowne.pl\/index.php?rest_route=\/wp\/v2\/posts"}],"about":[{"href":"http:\/\/info.sadowne.pl\/index.php?rest_route=\/wp\/v2\/types\/post"}],"author":[{"embeddable":true,"href":"http:\/\/info.sadowne.pl\/index.php?rest_route=\/wp\/v2\/users\/1"}],"replies":[{"embeddable":true,"href":"http:\/\/info.sadowne.pl\/index.php?rest_route=%2Fwp%2Fv2%2Fcomments&post=25497"}],"version-history":[{"count":1,"href":"http:\/\/info.sadowne.pl\/index.php?rest_route=\/wp\/v2\/posts\/25497\/revisions"}],"predecessor-version":[{"id":25501,"href":"http:\/\/info.sadowne.pl\/index.php?rest_route=\/wp\/v2\/posts\/25497\/revisions\/25501"}],"wp:attachment":[{"href":"http:\/\/info.sadowne.pl\/index.php?rest_route=%2Fwp%2Fv2%2Fmedia&parent=25497"}],"wp:term":[{"taxonomy":"category","embeddable":true,"href":"http:\/\/info.sadowne.pl\/index.php?rest_route=%2Fwp%2Fv2%2Fcategories&post=25497"},{"taxonomy":"post_tag","embeddable":true,"href":"http:\/\/info.sadowne.pl\/index.php?rest_route=%2Fwp%2Fv2%2Ftags&post=25497"}],"curies":[{"name":"wp","href":"https:\/\/api.w.org\/{rel}","templated":true}]}}