{"id":25502,"date":"2022-01-11T19:28:47","date_gmt":"2022-01-11T18:28:47","guid":{"rendered":"http:\/\/info.sadowne.pl\/?p=25502"},"modified":"2022-01-11T19:29:08","modified_gmt":"2022-01-11T18:29:08","slug":"rozstrzygniecie-konkursu-2","status":"publish","type":"post","link":"http:\/\/info.sadowne.pl\/?p=25502","title":{"rendered":"Rozstrzygni\u0119cie Konkursu!"},"content":{"rendered":"<p><strong><a href=\"http:\/\/info.sadowne.pl\/wp-content\/uploads\/2022\/01\/2022.01.04.1.jpg\" target=\"_blank\" rel=\"noopener\"><img loading=\"lazy\" decoding=\"async\" class=\"alignleft wp-image-25482 size-thumbnail\" src=\"http:\/\/info.sadowne.pl\/wp-content\/uploads\/2022\/01\/2022.01.04.1-180x130.jpg\" alt=\"\" width=\"180\" height=\"130\" \/><\/a>Gminny O\u015brodek Kultury w Sadownem po raz kolejny og\u0142osi\u0142 konkurs pn. \u201eNAJ\u0141ADNIEJSZA BO\u017bONARODZENIOWA DEKORACJA POSESJI GMINY SADOWNE 2021\u201d.\u00a0<\/strong><!--more--><\/p>\n<p>4 stycznia 2022\u00a0roku komisja powo\u0142ana przez Dyrektora Gminnego O\u015brodka Kultury w Sadownem odwiedzi\u0142a wszystkie zg\u0142oszone posesje i dokona\u0142a oceny.\u00a0Ka\u017cdy z niezale\u017cnych juror\u00f3w dokona\u0142 oceny udekorowanych posesji i na wsp\u00f3lnym spotkaniu jury dosz\u0142o do wsp\u00f3lnego wniosku, \u017ce w bie\u017c\u0105cym roku b\u0119dzie to pierwsza nagroda, na kt\u00f3r\u0105 zas\u0142u\u017cyli ex aequo\u00a0pp. M i T Pu\u015bcion z Zarzetki oraz pp. A i D Skarpetowscy z Oci\u0119tego.<\/p>\n<p><a href=\"http:\/\/info.sadowne.pl\/wp-content\/uploads\/2022\/01\/2022.01.11.1.jpg\"><img loading=\"lazy\" decoding=\"async\" class=\"aligncenter size-full wp-image-25503\" src=\"http:\/\/info.sadowne.pl\/wp-content\/uploads\/2022\/01\/2022.01.11.1.jpg\" alt=\"\" width=\"454\" height=\"454\" srcset=\"http:\/\/info.sadowne.pl\/wp-content\/uploads\/2022\/01\/2022.01.11.1.jpg 454w, http:\/\/info.sadowne.pl\/wp-content\/uploads\/2022\/01\/2022.01.11.1-300x300.jpg 300w\" sizes=\"auto, (max-width: 454px) 100vw, 454px\" \/><\/a><\/p>\n<p>Z wielk\u0105 rado\u015bci\u0105 pragniemy przekaza\u0107 Pa\u0144stwu, \u017ce obydwie te dekoracje zachwyci\u0142y juror\u00f3w swoj\u0105 niepowtarzalno\u015bci\u0105. Cieszymy si\u0119, \u017ce dzi\u0119ki takim osobom, jak te, kt\u00f3re zg\u0142osi\u0142y swoje posesje do konkursu z roku na rok nasza Gmina staje si\u0119 coraz pi\u0119kniejsza.\u00a0 Ju\u017c dzisiaj wiemy, \u017ce w przysz\u0142ym roku og\u0142osimy podobny konkurs, bo je\u017cd\u017c\u0105c po gminie widzieli\u015bmy wiele pi\u0119knych dekoracji bo\u017conarodzeniowych, kt\u00f3re, mamy nadziej\u0119, rozb\u0142ysn\u0105\u00a0 ponownie na Bo\u017ce Narodzenie 2022 i zostan\u0105 zg\u0142oszone do nast\u0119pnej edycji\u00a0 Konkursu.<\/p>\n<p>O terminie wr\u0119czenia nagr\u00f3d zwyci\u0119zcy zostan\u0105 poinformowani w najbli\u017cszym czasie.<\/p>\n<p><span style=\"color: #0000ff;\"><strong><a style=\"color: #0000ff;\" href=\"https:\/\/photos.google.com\/share\/AF1QipNjmULP-3nsZ9knHHb54D95IAPxy-4nU-WcH8gy1YZa5uQfwmT39UyUx_eaX3U0Nw?key=c1ZheDBmV2VNNXY5Q3BxTnZITnkya09QWXQ1R0hR\" target=\"_blank\" rel=\"noopener\"><u>Zdj\u0119cia nades\u0142ane przez zwyci\u0119skich w\u0142a\u015bcicieli posesji&gt;&gt;&gt;<\/u><\/a><\/strong><\/span><\/p>\n<p><strong>\u0179r\u00f3d\u0142o:<\/strong> <a href=\"http:\/\/www.gok.sadowne.pl\">www.gok.sadowne.pl<\/a><\/p>\n","protected":false},"excerpt":{"rendered":"<p>Gminny O\u015brodek Kultury w Sadownem po raz kolejny og\u0142osi\u0142 konkurs pn. \u201eNAJ\u0141ADNIEJSZA BO\u017bONARODZENIOWA DEKORACJA POSESJI GMINY SADOWNE 2021\u201d.\u00a0<\/p>\n","protected":false},"author":1,"featured_media":0,"comment_status":"closed","ping_status":"closed","sticky":false,"template":"","format":"standard","meta":{"footnotes":""},"categories":[5,91,6],"tags":[169,3673],"class_list":["post-25502","post","type-post","status-publish","format-standard","hentry","category-newsy","category-gminny-osrodek-kultury","category-kultura-rozrywka-edukacja","tag-gminny-osrodek-kultury-w-sadownem","tag-konkurs-na-najladniejsza-bozonarodzeniowa-dekoracje-posesji-gminy-sadowne"],"views":1933,"_links":{"self":[{"href":"http:\/\/info.sadowne.pl\/index.php?rest_route=\/wp\/v2\/posts\/25502","targetHints":{"allow":["GET"]}}],"collection":[{"href":"http:\/\/info.sadowne.pl\/index.php?rest_route=\/wp\/v2\/posts"}],"about":[{"href":"http:\/\/info.sadowne.pl\/index.php?rest_route=\/wp\/v2\/types\/post"}],"author":[{"embeddable":true,"href":"http:\/\/info.sadowne.pl\/index.php?rest_route=\/wp\/v2\/users\/1"}],"replies":[{"embeddable":true,"href":"http:\/\/info.sadowne.pl\/index.php?rest_route=%2Fwp%2Fv2%2Fcomments&post=25502"}],"version-history":[{"count":2,"href":"http:\/\/info.sadowne.pl\/index.php?rest_route=\/wp\/v2\/posts\/25502\/revisions"}],"predecessor-version":[{"id":25505,"href":"http:\/\/info.sadowne.pl\/index.php?rest_route=\/wp\/v2\/posts\/25502\/revisions\/25505"}],"wp:attachment":[{"href":"http:\/\/info.sadowne.pl\/index.php?rest_route=%2Fwp%2Fv2%2Fmedia&parent=25502"}],"wp:term":[{"taxonomy":"category","embeddable":true,"href":"http:\/\/info.sadowne.pl\/index.php?rest_route=%2Fwp%2Fv2%2Fcategories&post=25502"},{"taxonomy":"post_tag","embeddable":true,"href":"http:\/\/info.sadowne.pl\/index.php?rest_route=%2Fwp%2Fv2%2Ftags&post=25502"}],"curies":[{"name":"wp","href":"https:\/\/api.w.org\/{rel}","templated":true}]}}