{"id":25529,"date":"2022-01-19T15:24:03","date_gmt":"2022-01-19T14:24:03","guid":{"rendered":"http:\/\/info.sadowne.pl\/?p=25529"},"modified":"2022-01-19T15:24:03","modified_gmt":"2022-01-19T14:24:03","slug":"gok-zaprasza-na-zajecia","status":"publish","type":"post","link":"http:\/\/info.sadowne.pl\/?p=25529","title":{"rendered":"GOK zaprasza na zaj\u0119cia!"},"content":{"rendered":"<p><strong><a href=\"http:\/\/info.sadowne.pl\/wp-content\/uploads\/2022\/01\/2022.01.19.2.jpg\"><img loading=\"lazy\" decoding=\"async\" class=\"alignleft size-thumbnail wp-image-25530\" src=\"http:\/\/info.sadowne.pl\/wp-content\/uploads\/2022\/01\/2022.01.19.2-180x130.jpg\" alt=\"\" width=\"180\" height=\"130\" \/><\/a>Tegoroczne ferie zimowe rozpoczynaj\u0105 si\u0119 w naszym wojew\u00f3dztwie 31 stycznia. W Gminnym O\u015brodku Kultury w Sadownem ju\u017c trwaj\u0105 zapisy na zaj\u0119cia feryjne. \u00a0<\/strong><!--more--><\/p>\n<p><a href=\"http:\/\/info.sadowne.pl\/wp-content\/uploads\/2022\/01\/2022.01.19.2.jpg\"><img loading=\"lazy\" decoding=\"async\" class=\"aligncenter size-full wp-image-25530\" src=\"http:\/\/info.sadowne.pl\/wp-content\/uploads\/2022\/01\/2022.01.19.2.jpg\" alt=\"\" width=\"608\" height=\"860\" srcset=\"http:\/\/info.sadowne.pl\/wp-content\/uploads\/2022\/01\/2022.01.19.2.jpg 608w, http:\/\/info.sadowne.pl\/wp-content\/uploads\/2022\/01\/2022.01.19.2-212x300.jpg 212w\" sizes=\"auto, (max-width: 608px) 100vw, 608px\" \/><\/a><\/p>\n","protected":false},"excerpt":{"rendered":"<p>Tegoroczne ferie zimowe rozpoczynaj\u0105 si\u0119 w naszym wojew\u00f3dztwie 31 stycznia. W Gminnym O\u015brodku Kultury w Sadownem ju\u017c trwaj\u0105 zapisy na zaj\u0119cia feryjne. \u00a0<\/p>\n","protected":false},"author":1,"featured_media":0,"comment_status":"closed","ping_status":"closed","sticky":false,"template":"","format":"standard","meta":{"footnotes":""},"categories":[5,91,6],"tags":[3693,169],"class_list":["post-25529","post","type-post","status-publish","format-standard","hentry","category-newsy","category-gminny-osrodek-kultury","category-kultura-rozrywka-edukacja","tag-ferie-zimowe-2022-w-sadownem","tag-gminny-osrodek-kultury-w-sadownem"],"views":2147,"_links":{"self":[{"href":"http:\/\/info.sadowne.pl\/index.php?rest_route=\/wp\/v2\/posts\/25529","targetHints":{"allow":["GET"]}}],"collection":[{"href":"http:\/\/info.sadowne.pl\/index.php?rest_route=\/wp\/v2\/posts"}],"about":[{"href":"http:\/\/info.sadowne.pl\/index.php?rest_route=\/wp\/v2\/types\/post"}],"author":[{"embeddable":true,"href":"http:\/\/info.sadowne.pl\/index.php?rest_route=\/wp\/v2\/users\/1"}],"replies":[{"embeddable":true,"href":"http:\/\/info.sadowne.pl\/index.php?rest_route=%2Fwp%2Fv2%2Fcomments&post=25529"}],"version-history":[{"count":1,"href":"http:\/\/info.sadowne.pl\/index.php?rest_route=\/wp\/v2\/posts\/25529\/revisions"}],"predecessor-version":[{"id":25531,"href":"http:\/\/info.sadowne.pl\/index.php?rest_route=\/wp\/v2\/posts\/25529\/revisions\/25531"}],"wp:attachment":[{"href":"http:\/\/info.sadowne.pl\/index.php?rest_route=%2Fwp%2Fv2%2Fmedia&parent=25529"}],"wp:term":[{"taxonomy":"category","embeddable":true,"href":"http:\/\/info.sadowne.pl\/index.php?rest_route=%2Fwp%2Fv2%2Fcategories&post=25529"},{"taxonomy":"post_tag","embeddable":true,"href":"http:\/\/info.sadowne.pl\/index.php?rest_route=%2Fwp%2Fv2%2Ftags&post=25529"}],"curies":[{"name":"wp","href":"https:\/\/api.w.org\/{rel}","templated":true}]}}