{"id":25630,"date":"2022-02-14T18:00:55","date_gmt":"2022-02-14T17:00:55","guid":{"rendered":"http:\/\/info.sadowne.pl\/?p=25630"},"modified":"2022-02-14T18:00:55","modified_gmt":"2022-02-14T17:00:55","slug":"kronika-policyjna-08-13-lutego-2022","status":"publish","type":"post","link":"http:\/\/info.sadowne.pl\/?p=25630","title":{"rendered":"Kronika policyjna 08 \u2013 13 lutego 2022"},"content":{"rendered":"<p><strong><a href=\"http:\/\/info.sadowne.pl\/wp-content\/uploads\/2015\/04\/komisariat-3.jpg\"><img loading=\"lazy\" decoding=\"async\" class=\"alignleft size-thumbnail wp-image-8553\" src=\"http:\/\/info.sadowne.pl\/wp-content\/uploads\/2015\/04\/komisariat-3-180x130.jpg\" alt=\"\" width=\"180\" height=\"130\" \/><\/a>W ostatnich dniach na terenie powiatu w\u0119growskiego dosz\u0142o do zdarze\u0144 drogowych. Policjanci apeluj\u0105 o ostro\u017cno\u015b\u0107.<\/strong><!--more--><\/p>\n<p>08 lutego w m. W\u0119gr\u00f3w mieszkaniec pow. soko\u0142owskiego nie stosuj\u0105c si\u0119 do orzeczonego przez s\u0105d zakazu prowadzenia pojazd\u00f3w mechanicznych, kierowa\u0142 samochodem marki Chevrolet oraz doprowadzi\u0142 do kolizji drogowej z innymi pojazdami. Wykonuj\u0105c manewr skr\u0119tu w lewo doprowadzi\u0142 do zderzenia si\u0119 z pojazdem marki Audi. Nast\u0119pnie uderzy\u0142 w stoj\u0105cy pojazd marki Toyota. Nikt nie dozna\u0142 obra\u017ce\u0144. Postepowanie prowadzi KPP w W\u0119growie.<\/p>\n<p>W tym samym dniu w m. \u0141och\u00f3w kieruj\u0105cy autobusem marki Irisbus wyje\u017cd\u017caj\u0105c z przystanku autobusowego zderzy\u0142 si\u0119 z przebiegaj\u0105cym przez przej\u015bcie dla pieszych m\u0119\u017cczyzn\u0105, kt\u00f3ry w wyniku doznanych obra\u017ce\u0144 zosta\u0142 przewieziony do szpitala. Postepowanie prowadzi KP w \u0141ochowie.<\/p>\n<p>10 lutego w m. Szaruty mieszkanka pow. siedleckiego, kieruj\u0105c pojazdem marki Mazda zderzy\u0142a si\u0119 z dzikiem, kt\u00f3ry przebiega\u0142 przez jezdni\u0119. Kieruj\u0105ca nie dozna\u0142a obra\u017ce\u0144.<\/p>\n<p>13 lutego w m. W\u0119gr\u00f3w mieszkaniec pow. w\u0119growskiego, kieruj\u0105c pojazdem marki Citroen straci\u0142 panowanie nad pojazdem w wyniku czego uderzy\u0142 w przydro\u017cne drzewo, po czym oddali\u0142 si\u0119 z miejsca zdarzenia. Post\u0119powanie prowadzi KPP w W\u0119growie.<\/p>\n<p>Policjanci apeluj\u0105 o ostro\u017cno\u015b\u0107 i zwi\u0119kszon\u0105 uwag\u0119 na drogach<\/p>\n<p>m\u0142. asp. Monika Ksi\u0119\u017copolska<\/p>\n","protected":false},"excerpt":{"rendered":"<p>W ostatnich dniach na terenie powiatu w\u0119growskiego dosz\u0142o do zdarze\u0144 drogowych. Policjanci apeluj\u0105 o ostro\u017cno\u015b\u0107.<\/p>\n","protected":false},"author":1,"featured_media":0,"comment_status":"closed","ping_status":"closed","sticky":false,"template":"","format":"standard","meta":{"footnotes":""},"categories":[5,266,4],"tags":[261,3174],"class_list":["post-25630","post","type-post","status-publish","format-standard","hentry","category-newsy","category-policja-policja-straz-pozarna-pogotowie-ratunkowe","category-policja-straz-pozarna-pogotowie-ratunkowe","tag-komenda-powiatowa-policji-w-wegrowie","tag-kronika-policyjna"],"views":1791,"_links":{"self":[{"href":"http:\/\/info.sadowne.pl\/index.php?rest_route=\/wp\/v2\/posts\/25630","targetHints":{"allow":["GET"]}}],"collection":[{"href":"http:\/\/info.sadowne.pl\/index.php?rest_route=\/wp\/v2\/posts"}],"about":[{"href":"http:\/\/info.sadowne.pl\/index.php?rest_route=\/wp\/v2\/types\/post"}],"author":[{"embeddable":true,"href":"http:\/\/info.sadowne.pl\/index.php?rest_route=\/wp\/v2\/users\/1"}],"replies":[{"embeddable":true,"href":"http:\/\/info.sadowne.pl\/index.php?rest_route=%2Fwp%2Fv2%2Fcomments&post=25630"}],"version-history":[{"count":1,"href":"http:\/\/info.sadowne.pl\/index.php?rest_route=\/wp\/v2\/posts\/25630\/revisions"}],"predecessor-version":[{"id":25631,"href":"http:\/\/info.sadowne.pl\/index.php?rest_route=\/wp\/v2\/posts\/25630\/revisions\/25631"}],"wp:attachment":[{"href":"http:\/\/info.sadowne.pl\/index.php?rest_route=%2Fwp%2Fv2%2Fmedia&parent=25630"}],"wp:term":[{"taxonomy":"category","embeddable":true,"href":"http:\/\/info.sadowne.pl\/index.php?rest_route=%2Fwp%2Fv2%2Fcategories&post=25630"},{"taxonomy":"post_tag","embeddable":true,"href":"http:\/\/info.sadowne.pl\/index.php?rest_route=%2Fwp%2Fv2%2Ftags&post=25630"}],"curies":[{"name":"wp","href":"https:\/\/api.w.org\/{rel}","templated":true}]}}