{"id":25632,"date":"2022-02-14T18:04:28","date_gmt":"2022-02-14T17:04:28","guid":{"rendered":"http:\/\/info.sadowne.pl\/?p=25632"},"modified":"2022-02-14T18:04:28","modified_gmt":"2022-02-14T17:04:28","slug":"kronika-strazacka-07-13-lutego-2022","status":"publish","type":"post","link":"http:\/\/info.sadowne.pl\/?p=25632","title":{"rendered":"Kronika stra\u017cacka 07 &#8211; 13 lutego 2022"},"content":{"rendered":"<p><strong><a href=\"http:\/\/info.sadowne.pl\/wp-content\/uploads\/2013\/07\/straz3.jpg\"><img loading=\"lazy\" decoding=\"async\" class=\"alignleft size-thumbnail wp-image-2625\" src=\"http:\/\/info.sadowne.pl\/wp-content\/uploads\/2013\/07\/straz3-180x130.jpg\" alt=\"\" width=\"180\" height=\"130\" \/><\/a>W okresie od 07 do 13 lutego na terenie powiatu w\u0119growskiego zanotowano: 10 zdarze\u0144, przy kt\u00f3rych<\/strong> <strong>interweniowa\u0142y<\/strong> <strong>jednostki<\/strong> <strong>ochrony<\/strong> <strong>przeciwpo\u017carowej, w tym:<\/strong><strong> 2 po\u017cary, 8 miejscowych zagro\u017ce\u0144.<\/strong><!--more--><\/p>\n<p><strong>07.02.2022 \u2013 Turna, gm. Korytnica \u2013 po\u017car drzewa na linii elektrycznej.<\/strong><\/p>\n<p>Do SK KP PSP W\u0119gr\u00f3w wp\u0142yn\u0119\u0142o telefoniczne zg\u0142oszenie o po\u017carze trawy po przewr\u00f3ceniu si\u0119 drzewa na lini\u0119 energetyczn\u0105. Po przybyciu na miejsce zdarzenia zast\u0119pu JRG W\u0119gr\u00f3w, stra\u017cacy stwierdzili, \u017ce wskutek silnego wiatru powalone drzewo uszkodzi\u0142o lini\u0119 energetyczn\u0105, po czym dosz\u0142o do zapalenia pnia drzewa. Na miejscu zdarzenia Pogotowie Energetyczne od\u0142\u0105czy\u0142o przep\u0142yw pr\u0105du w linii energetycznej. Dzia\u0142ania zast\u0119pu polega\u0142y na zabezpieczeniu miejsca zdarzenia i podaniu jednego pr\u0105du ga\u015bniczego wody w natarciu na ognisko po\u017caru. Dzia\u0142ania doprowadzi\u0142y do lokalizacji po\u017caru i ugaszeniu pal\u0105cego si\u0119 drzewa. Na tym dzia\u0142ania zako\u0144czono.<strong>\u00a0<\/strong><\/p>\n<p><strong>07.02.2022 <\/strong><strong>\u2013 Sobo\u0144, gm. Wierzbno \u2013 pomoc ZRM.<\/strong><\/p>\n<p>Do stanowiska kierowania KP PSP w W\u0119growie wp\u0142yn\u0119\u0142o zg\u0142oszenie telefoniczne od dyspozytora ZRM z pro\u015bb\u0105 o wyci\u0105gni\u0119cie karetki, kt\u00f3ra ugrz\u0119z\u0142a w b\u0142ocie podczas interwencji medycznej. Przybyli na miejsce ratownicy z OSP Wierzbno, u\u017cywaj\u0105c liny, wyci\u0105gn\u0119li pojazd karetki z podmok\u0142ego terenu na drog\u0119. Nast\u0119pnie ratownicy medyczni odjechali z pacjentem do szpitala, a dzia\u0142ania ratownik\u00f3w zosta\u0142y zako\u0144czone.<\/p>\n<p><strong>09.02.2022 <\/strong><strong>\u2013 Zieleniec, gm. Sadowne \u2013 potr\u0105cenie osoby przez poci\u0105g.<\/strong><\/p>\n<p>Poci\u0105g na szlaku Sadowne &#8211; \u0141och\u00f3w, ok 1km przed stacj\u0105 Sadowne W\u0119growskie, jad\u0105c od \u0141ochowa,\u00a0 potr\u0105ci\u0142 kobiet\u0119. Do zdarzenia zadysponowano JRG PSP oraz OSP Sadowne, Mrozowa Wola i Zieleniec. Po doje\u017adzie na miejsce OSP Sadowne, stra\u017cacy stwierdzili, \u017ce kobieta jest nieprzytomna, brak funkcji \u017cyciowych, brak innych s\u0142u\u017cb na miejscu. Stra\u017cacy natychmiast przyst\u0105pili do resuscytacji. Dzia\u0142ania kolejnych zast\u0119p\u00f3w przyby\u0142ych na miejsce zdarzenia polega\u0142y na zabezpieczeniu miejsca zdarzenia oraz udzieleniu kwalifikowanej pomocy przedmedycznej kobiecie. Poszkodowana zosta\u0142a przekazana przyby\u0142emu ZRM. Lekarz stwierdzi\u0142 zgon kobiety. Nast\u0119pnie zast\u0119py stra\u017cy po\u017carnej pomog\u0142y osobom podr\u00f3\u017cuj\u0105cym poci\u0105giem (86 pasa\u017cer\u00f3w) w bezpiecznym przej\u015bciu na pobliski peron. Miejsce zdarzenia zosta\u0142o przekazane policji. Na miejscu akcji w celu o\u015bwietlenia miejsce zdarzenia do czasu ustalenia przyczyn wyja\u015bniaj\u0105cy okoliczno\u015bci wypadku pozosta\u0142 zast\u0119p OSP Sadowne.<\/p>\n<p><strong>12.02.2022 <\/strong><strong>\u2013 Liw \u2013 <\/strong><strong>wypadek drogowy DW 697.<\/strong><\/p>\n<p>Do zdarzenia zadysponowano zast\u0119p z JRG oraz miejscowe OSP KSRG Liw.\u00a0 Po przybyciu na miejsce zdarzenia zast\u0119pu JRG okaza\u0142o si\u0119, \u017ce samoch\u00f3d osobowy znajduje si\u0119 w rowie i zajmuje cz\u0119\u015bciowo jeden pas jezdni (samochodem podr\u00f3\u017cowa\u0142y trzy osoby, kt\u00f3re opu\u015bci\u0142y pojazd o w\u0142asnych si\u0142ach przed przyjazdem stra\u017cy po\u017carnej), ZRM na miejscu. Dzia\u0142ania zast\u0119p\u00f3w polega\u0142y na zabezpieczeniu miejsca zdarzenia, od\u0142\u0105czenia akumulatora, sprawdzeniu ewentualnych wyciek\u00f3w (nie stwierdzono) oraz kierowano ruchem drogowym w miejscu zdarzenia. Zesp\u00f3\u0142 PRM zabra\u0142 jedn\u0105 poszkodowan\u0105 osob\u0119 do szpitala. Na pro\u015bb\u0119 policji, na miejscu dzia\u0142a\u0144 pozosta\u0142 zast\u0119p OSP Liw do pomocy w zabezpieczeniu miejsca zdarzenia i kierowaniu ruchem, natomiast zast\u0119p JRG zako\u0144czy\u0142 dzia\u0142ania i powr\u00f3ci\u0142 do koszar.<\/p>\n<p><strong>KP PSP W\u0119gr\u00f3w<\/strong><\/p>\n","protected":false},"excerpt":{"rendered":"<p>W okresie od 07 do 13 lutego na terenie powiatu w\u0119growskiego zanotowano: 10 zdarze\u0144, przy kt\u00f3rych interweniowa\u0142y jednostki ochrony przeciwpo\u017carowej, w tym: 2 po\u017cary, 8 miejscowych zagro\u017ce\u0144.<\/p>\n","protected":false},"author":1,"featured_media":0,"comment_status":"closed","ping_status":"closed","sticky":false,"template":"","format":"standard","meta":{"footnotes":""},"categories":[5,4,267],"tags":[491],"class_list":["post-25632","post","type-post","status-publish","format-standard","hentry","category-newsy","category-policja-straz-pozarna-pogotowie-ratunkowe","category-straz-pozarna-policja-straz-pozarna-pogotowie-ratunkowe","tag-komenda-powiatowa-panstwowej-strazy-pozarnej-w-wegrowie"],"views":1869,"_links":{"self":[{"href":"http:\/\/info.sadowne.pl\/index.php?rest_route=\/wp\/v2\/posts\/25632","targetHints":{"allow":["GET"]}}],"collection":[{"href":"http:\/\/info.sadowne.pl\/index.php?rest_route=\/wp\/v2\/posts"}],"about":[{"href":"http:\/\/info.sadowne.pl\/index.php?rest_route=\/wp\/v2\/types\/post"}],"author":[{"embeddable":true,"href":"http:\/\/info.sadowne.pl\/index.php?rest_route=\/wp\/v2\/users\/1"}],"replies":[{"embeddable":true,"href":"http:\/\/info.sadowne.pl\/index.php?rest_route=%2Fwp%2Fv2%2Fcomments&post=25632"}],"version-history":[{"count":2,"href":"http:\/\/info.sadowne.pl\/index.php?rest_route=\/wp\/v2\/posts\/25632\/revisions"}],"predecessor-version":[{"id":25634,"href":"http:\/\/info.sadowne.pl\/index.php?rest_route=\/wp\/v2\/posts\/25632\/revisions\/25634"}],"wp:attachment":[{"href":"http:\/\/info.sadowne.pl\/index.php?rest_route=%2Fwp%2Fv2%2Fmedia&parent=25632"}],"wp:term":[{"taxonomy":"category","embeddable":true,"href":"http:\/\/info.sadowne.pl\/index.php?rest_route=%2Fwp%2Fv2%2Fcategories&post=25632"},{"taxonomy":"post_tag","embeddable":true,"href":"http:\/\/info.sadowne.pl\/index.php?rest_route=%2Fwp%2Fv2%2Ftags&post=25632"}],"curies":[{"name":"wp","href":"https:\/\/api.w.org\/{rel}","templated":true}]}}