{"id":25664,"date":"2022-02-28T11:23:36","date_gmt":"2022-02-28T10:23:36","guid":{"rendered":"http:\/\/info.sadowne.pl\/?p=25664"},"modified":"2022-02-28T11:23:36","modified_gmt":"2022-02-28T10:23:36","slug":"kronika-policyjna-21-27-lutego-2022","status":"publish","type":"post","link":"http:\/\/info.sadowne.pl\/?p=25664","title":{"rendered":"Kronika policyjna 21 \u2013 27 lutego 2022"},"content":{"rendered":"<p><strong><a href=\"http:\/\/info.sadowne.pl\/wp-content\/uploads\/2019\/08\/komisariat16.jpg\"><img loading=\"lazy\" decoding=\"async\" class=\"alignleft size-thumbnail wp-image-20958\" src=\"http:\/\/info.sadowne.pl\/wp-content\/uploads\/2019\/08\/komisariat16-180x130.jpg\" alt=\"\" width=\"180\" height=\"130\" \/><\/a>W ostatnich dniach na terenie powiatu w\u0119growskiego dosz\u0142o do zdarze\u0144 drogowych. Policjanci apeluj\u0105 o ostro\u017cno\u015b\u0107.<\/strong><!--more--><\/p>\n<p>21 lutego w m. Po\u0142azie \u015awi\u0119tochowskie mieszkaniec pow. w\u0119growskiego, kieruj\u0105c pojazdem marki Opel uderzy\u0142 w przebiegaj\u0105c\u0105 przez jezdni\u0119 sarn\u0119. Nikt nie dozna\u0142 obra\u017ce\u0144.<\/p>\n<p>22 lutego w m Korytnica dosz\u0142o do zdarzenia drogowego ci\u0105gnika rolniczego marki Renault wraz z przyczep\u0105 z samochodem osobowym marki Volvo, kt\u00f3ry najecha\u0142 na ty\u0142 przyczepy. Kieruj\u0105cy ci\u0105gnikiem nie posiada\u0142 wymaganych uprawnie\u0144 do kierowania. Okoliczno\u015bci zdarzenia wyja\u015bni post\u0119powanie prowadzone przez KPP w W\u0119growie.<\/p>\n<p>23 lutego w m. W\u0119gr\u00f3w mieszkaniec pow. w\u0119growskiego, kieruj\u0105c pojazdem marki Peugeot, wykonuj\u0105c manewr cofania na parkingu, uderzy\u0142 w zaparkowany pojazd marki Iveco. Nikt nie dozna\u0142 obra\u017ce\u0144.<\/p>\n<p>25 lutego w m. \u0141och\u00f3w mieszkaniec pow. \u017cyrardowskiego kieruj\u0105c pojazdem marki Daf nie dostosowa\u0142 pr\u0119dko\u015bci do warunk\u00f3w panuj\u0105cych na drodze i uderzy\u0142 w pojazd marki Peugeot, kt\u00f3ry uderzy\u0142 pojazd marki Peugeot, a ten natomiast uderzy\u0142 w pojazd Daf. Nikt nie dozna\u0142 obra\u017ce\u0144.<\/p>\n<p>Policjanci apeluj\u0105 o ostro\u017cno\u015b\u0107 i zwi\u0119kszon\u0105 uwag\u0119 na drogach<\/p>\n<p>m\u0142. asp. Monika Ksi\u0119\u017copolska<\/p>\n","protected":false},"excerpt":{"rendered":"<p>W ostatnich dniach na terenie powiatu w\u0119growskiego dosz\u0142o do zdarze\u0144 drogowych. Policjanci apeluj\u0105 o ostro\u017cno\u015b\u0107.<\/p>\n","protected":false},"author":1,"featured_media":0,"comment_status":"closed","ping_status":"closed","sticky":false,"template":"","format":"standard","meta":{"footnotes":""},"categories":[5,266,4],"tags":[261,3174],"class_list":["post-25664","post","type-post","status-publish","format-standard","hentry","category-newsy","category-policja-policja-straz-pozarna-pogotowie-ratunkowe","category-policja-straz-pozarna-pogotowie-ratunkowe","tag-komenda-powiatowa-policji-w-wegrowie","tag-kronika-policyjna"],"views":2040,"_links":{"self":[{"href":"http:\/\/info.sadowne.pl\/index.php?rest_route=\/wp\/v2\/posts\/25664","targetHints":{"allow":["GET"]}}],"collection":[{"href":"http:\/\/info.sadowne.pl\/index.php?rest_route=\/wp\/v2\/posts"}],"about":[{"href":"http:\/\/info.sadowne.pl\/index.php?rest_route=\/wp\/v2\/types\/post"}],"author":[{"embeddable":true,"href":"http:\/\/info.sadowne.pl\/index.php?rest_route=\/wp\/v2\/users\/1"}],"replies":[{"embeddable":true,"href":"http:\/\/info.sadowne.pl\/index.php?rest_route=%2Fwp%2Fv2%2Fcomments&post=25664"}],"version-history":[{"count":1,"href":"http:\/\/info.sadowne.pl\/index.php?rest_route=\/wp\/v2\/posts\/25664\/revisions"}],"predecessor-version":[{"id":25665,"href":"http:\/\/info.sadowne.pl\/index.php?rest_route=\/wp\/v2\/posts\/25664\/revisions\/25665"}],"wp:attachment":[{"href":"http:\/\/info.sadowne.pl\/index.php?rest_route=%2Fwp%2Fv2%2Fmedia&parent=25664"}],"wp:term":[{"taxonomy":"category","embeddable":true,"href":"http:\/\/info.sadowne.pl\/index.php?rest_route=%2Fwp%2Fv2%2Fcategories&post=25664"},{"taxonomy":"post_tag","embeddable":true,"href":"http:\/\/info.sadowne.pl\/index.php?rest_route=%2Fwp%2Fv2%2Ftags&post=25664"}],"curies":[{"name":"wp","href":"https:\/\/api.w.org\/{rel}","templated":true}]}}