{"id":25830,"date":"2022-04-04T12:41:43","date_gmt":"2022-04-04T10:41:43","guid":{"rendered":"http:\/\/info.sadowne.pl\/?p=25830"},"modified":"2022-04-04T12:41:43","modified_gmt":"2022-04-04T10:41:43","slug":"kronika-policyjna-28-03-02-04-2022","status":"publish","type":"post","link":"http:\/\/info.sadowne.pl\/?p=25830","title":{"rendered":"Kronika policyjna 28.03 \u2013 02.04.2022"},"content":{"rendered":"<p><strong><a href=\"http:\/\/info.sadowne.pl\/wp-content\/uploads\/2015\/04\/komisariat-3.jpg\"><img loading=\"lazy\" decoding=\"async\" class=\"alignleft size-thumbnail wp-image-8553\" src=\"http:\/\/info.sadowne.pl\/wp-content\/uploads\/2015\/04\/komisariat-3-180x130.jpg\" alt=\"\" width=\"180\" height=\"130\" \/><\/a>W ostatnich dniach na terenie powiatu w\u0119growskiego dosz\u0142o do zdarze\u0144 drogowych. Policjanci apeluj\u0105 o ostro\u017cno\u015b\u0107.<\/strong><!--more--><\/p>\n<p>28 marca w m. W\u0119gr\u00f3w mieszkaniec pow. w\u0119growskiego, kieruj\u0105c pojazdem marki Honda, nie ust\u0105pi\u0142 pierwsze\u0144stwa przejazdu kieruj\u0105cemu pojazdem marki Iveco. Nikt nie dozna\u0142 obra\u017ce\u0144.<\/p>\n<p>W tym samym dniu w m. Szaruty mieszkaniec pow. w\u0119growskiego, kieruj\u0105c pojazdem marki BMW nie ust\u0105pi\u0142 pierwsze\u0144stwa przejazdu kieruj\u0105cej pojazdem marki Honda doprowadzaj\u0105c do zderzenia. Nikt nie dozna\u0142 obra\u017ce\u0144.<\/p>\n<p>31 marca w m. Sadole\u015b mieszkaniec pow. w\u0119growskiego, kieruj\u0105c pojazdem marki Seat nie dostosowa\u0142 pr\u0119dko\u015bci do warunk\u00f3w panuj\u0105cych na drodze w wyniku czego wpad\u0142 w po\u015blizg i uderzy\u0142 w drzewo. W wyniku doznanych obra\u017ce\u0144 zosta\u0142 przewieziony do szpitala. Post\u0119powanie prowadzi KP w \u0141ochowie.<\/p>\n<p>Tego samego dnia w m. Wierzbno mieszkaniec pow. bia\u0142ostockiego, kieruj\u0105c pojazdem marki Suzuki zderzy\u0142 si\u0119 z sarn\u0105, kt\u00f3ra wbieg\u0142a na jezdni\u0119. Nikt nie dozna\u0142 obra\u017ce\u0144.<\/p>\n<p>31 marca w m. W\u0119gr\u00f3w mieszkaniec pow. w\u0119growskiego, kieruj\u0105c pojazdem marki Hyundai wykonuj\u0105c nieprawid\u0142owo manewr cofania uderzy\u0142 w przeje\u017cd\u017caj\u0105cy pojazd marki Peugeot. Nikt nie dozna\u0142 obra\u017ce\u0144.<\/p>\n<p>01 kwietnia w m. Roguszyn mieszkaniec pow. w\u0119growskiego, kieruj\u0105c pojazdem marki Citroen nie dostosowa\u0142 pr\u0119dko\u015bci do warunk\u00f3w panuj\u0105cych na drodze w wyniku czego zjecha\u0142 do przydro\u017cnego rowu. Nikt nie dozna\u0142 obra\u017ce\u0144.<\/p>\n<p>02 kwietnia w m. W\u0119gr\u00f3w kieruj\u0105cej pojazdem marki Renault wprost przed jad\u0105cy pojazd upad\u0142o drzewo. Nikt nie dozna\u0142 obra\u017ce\u0144.<\/p>\n<p>W tym samym dniu w m. Pogorzelec na pojazd marki VW spad\u0142 konar drzewa uszkadzaj\u0105c go. Nikt nie dozna\u0142 obra\u017ce\u0144.<\/p>\n<p>Policjanci apeluj\u0105 o ostro\u017cno\u015b\u0107 i zwi\u0119kszon\u0105 uwag\u0119 na drogach.<\/p>\n<p>m\u0142. asp. Monika Ksi\u0119\u017copolska<\/p>\n<p>&nbsp;<\/p>\n","protected":false},"excerpt":{"rendered":"<p>W ostatnich dniach na terenie powiatu w\u0119growskiego dosz\u0142o do zdarze\u0144 drogowych. Policjanci apeluj\u0105 o ostro\u017cno\u015b\u0107.<\/p>\n","protected":false},"author":1,"featured_media":0,"comment_status":"closed","ping_status":"closed","sticky":false,"template":"","format":"standard","meta":{"footnotes":""},"categories":[5,266,4],"tags":[261,3174],"class_list":["post-25830","post","type-post","status-publish","format-standard","hentry","category-newsy","category-policja-policja-straz-pozarna-pogotowie-ratunkowe","category-policja-straz-pozarna-pogotowie-ratunkowe","tag-komenda-powiatowa-policji-w-wegrowie","tag-kronika-policyjna"],"views":1993,"_links":{"self":[{"href":"http:\/\/info.sadowne.pl\/index.php?rest_route=\/wp\/v2\/posts\/25830","targetHints":{"allow":["GET"]}}],"collection":[{"href":"http:\/\/info.sadowne.pl\/index.php?rest_route=\/wp\/v2\/posts"}],"about":[{"href":"http:\/\/info.sadowne.pl\/index.php?rest_route=\/wp\/v2\/types\/post"}],"author":[{"embeddable":true,"href":"http:\/\/info.sadowne.pl\/index.php?rest_route=\/wp\/v2\/users\/1"}],"replies":[{"embeddable":true,"href":"http:\/\/info.sadowne.pl\/index.php?rest_route=%2Fwp%2Fv2%2Fcomments&post=25830"}],"version-history":[{"count":1,"href":"http:\/\/info.sadowne.pl\/index.php?rest_route=\/wp\/v2\/posts\/25830\/revisions"}],"predecessor-version":[{"id":25831,"href":"http:\/\/info.sadowne.pl\/index.php?rest_route=\/wp\/v2\/posts\/25830\/revisions\/25831"}],"wp:attachment":[{"href":"http:\/\/info.sadowne.pl\/index.php?rest_route=%2Fwp%2Fv2%2Fmedia&parent=25830"}],"wp:term":[{"taxonomy":"category","embeddable":true,"href":"http:\/\/info.sadowne.pl\/index.php?rest_route=%2Fwp%2Fv2%2Fcategories&post=25830"},{"taxonomy":"post_tag","embeddable":true,"href":"http:\/\/info.sadowne.pl\/index.php?rest_route=%2Fwp%2Fv2%2Ftags&post=25830"}],"curies":[{"name":"wp","href":"https:\/\/api.w.org\/{rel}","templated":true}]}}