{"id":25849,"date":"2022-04-08T18:06:31","date_gmt":"2022-04-08T16:06:31","guid":{"rendered":"http:\/\/info.sadowne.pl\/?p=25849"},"modified":"2022-04-08T18:06:31","modified_gmt":"2022-04-08T16:06:31","slug":"bylismy-na-targach-edukacyjnych","status":"publish","type":"post","link":"http:\/\/info.sadowne.pl\/?p=25849","title":{"rendered":"Byli\u015bmy na Targach Edukacyjnych"},"content":{"rendered":"<p><a href=\"http:\/\/info.sadowne.pl\/wp-content\/uploads\/2022\/04\/2022.04.08.1.jpg\" target=\"_blank\" rel=\"noopener\"><img loading=\"lazy\" decoding=\"async\" class=\"alignleft wp-image-25850 size-thumbnail\" src=\"http:\/\/info.sadowne.pl\/wp-content\/uploads\/2022\/04\/2022.04.08.1-180x130.jpg\" alt=\"\" width=\"180\" height=\"130\" \/><\/a><\/p>\n<p><strong>8 kwietnia w W\u0119growie odby\u0142y si\u0119 I Targi Edukacyjne Powiatu W\u0119growskiego. Swoj\u0105 ofert\u0119 edukacyjn\u0105 zaprezentowa\u0142 r\u00f3wnie\u017c Zesp\u00f3\u0142 Szk\u00f3\u0142 Ponadpodstawowych w Sadownem.<\/strong><!--more--><\/p>\n<p>W tym roku po raz pierwszy Starostwo Powiatowe w W\u0119growie zorganizowa\u0142o Targi Edukacyjne, podczas kt\u00f3rych szko\u0142y \u015brednie powiatu w\u0119growskiego zach\u0119ca\u0142y uczni\u00f3w ostatnich klas szk\u00f3\u0142 podstawowych do wyboru plac\u00f3wki o\u015bwiatowej, w kt\u00f3rej b\u0119d\u0105 kontynuowa\u0107 swoj\u0105 nauk\u0119.<\/p>\n<p>Targi odby\u0142y si\u0119 8 kwietnia 2022 roku w Hali Sportowej Zespo\u0142u Szk\u00f3\u0142 Ponadpodstawowych im. Jana Kochanowskiego w W\u0119growie, patronat nad nimi obj\u0119\u0142a Senator RP p. Maria Koc. W\u015br\u00f3d zaproszonych go\u015bci mogli\u015bmy zauwa\u017cy\u0107 parlamentarzyst\u00f3w, samorz\u0105dowc\u00f3w, dyrektor\u00f3w szk\u00f3\u0142 ponadpodstawowych, podstawowych, a tak\u017ce przedstawicieli instytucji oraz szk\u00f3\u0142 wspieraj\u0105cych lub wsp\u00f3\u0142pracuj\u0105cych z powiatem w\u0119growskim.<\/p>\n<p>Po oficjalnym otwarciu Targ\u00f3w oraz prezentacji multimedialnej przygotowanej przez szko\u0142y, g\u0142os zabrali przedstawiciele Organizator\u00f3w i Go\u015bci: Starosta W\u0119growski p. Ewa Besztak, Senator RP p. Maria Koc i I Mazowiecki Wicekurator O\u015bwiaty p. Dorota Skrzypek. Nast\u0119pnie, w cz\u0119\u015bci artystycznej mogli\u015bmy zobaczy\u0107: Zesp\u00f3\u0142 Szk\u00f3\u0142 Ponadpodstawowych im. Jana Kochanowskiego w W\u0119growie, I Liceum Og\u00f3lnokszta\u0142c\u0105ce im. Adama Mickiewicza w W\u0119growie, Zesp\u00f3\u0142 Szk\u00f3\u0142 Ponadpodstawowych w \u0141ochowie i Zesp\u00f3\u0142 Szk\u00f3\u0142 Ponadpodstawowych w Sadownem.<\/p>\n<p>ZSP Sadowne podczas Targ\u00f3w by\u0142o reprezentowane przez siln\u0105 grup\u0119 nauczycieli i uczni\u00f3w \u2013 oczywi\u015bcie pod kierownictwem p. Dyrektora S\u0142awomira Ryszawy, a tak\u017ce \u201epod okiem\u201d Wicestarosty p. Marka Renika, nadal zwi\u0105zanego z ZSP Sadowne. Du\u017ce uznanie nale\u017cy si\u0119 mocno oklaskiwanemu podczas cz\u0119\u015bci artystycznej Zespo\u0142owi Ta\u0144ca Ludowego \u201eOrkan\u201d, kt\u00f3ry przygotowali do wyst\u0119pu pp.: Miros\u0142awa Renik, Marta Osman i Kamil Kie\u0142ek. W mi\u0119dzyczasie wspomagali oni r\u00f3wnie\u017c stoisko ZSP Sadowne, gdzie kr\u00f3lowali g\u0142\u00f3wnie uczniowie Technikum \u017bywienia i Us\u0142ug Gastronomicznych i p. Magdalena Figo\u0144. Stoisko to cieszy\u0142o si\u0119 du\u017cym powodzeniem w\u015br\u00f3d uczestnicz\u0105cych w Targach uczni\u00f3w podstaw\u00f3wek powiatu w\u0119growskiego, a tak\u017ce zaproszonych go\u015bci (potwierdza\u0142 to wyr\u00f3\u017cniaj\u0105cy si\u0119 t\u0142um przy tym stoisku).<\/p>\n<p>Targi spe\u0142ni\u0142y swoj\u0105 rol\u0119, a wielu absolwent\u00f3w podstaw\u00f3wek podj\u0119\u0142o prawdopodobnie decyzj\u0119 o wyborze szko\u0142y \u015bredniej, a tych niezdecydowanych i \u201ema\u0142o\u201d zdecydowanych zapraszamy na stron\u0119 Zespo\u0142u Szk\u00f3\u0142 Ponadpodstawowych w Sadownem, gdzie w\u015br\u00f3d aktualno\u015bci, prezentuj\u0105cych sukcesy szko\u0142y, uruchomiono ju\u017c zak\u0142adk\u0119 \u201eRekrutacja\u201d, umo\u017cliwiaj\u0105c\u0105 krok po kroku wyb\u00f3r odpowiedniej dla siebie szko\u0142y sadowie\u0144skiej i z\u0142o\u017cenie w terminie podania o przyj\u0119cie do tej szko\u0142y. Zach\u0119camy do odwiedzenia szkolnej strony &#8211; <span style=\"color: #0000ff;\"><strong><a style=\"color: #0000ff;\" href=\"https:\/\/www.liceumsadowne.pl\/\" target=\"_blank\" rel=\"noopener\">https:\/\/www.liceumsadowne.pl\/<\/a><\/strong><\/span>.<\/p>\n<p><span style=\"color: #0000ff;\"><a style=\"color: #0000ff;\" href=\"https:\/\/photos.app.goo.gl\/SWmyABL97x13mbWf8\" target=\"_blank\" rel=\"noopener\"><strong>Zdj\u0119cia w galerii Google&gt;&gt;&gt;<\/strong><\/a><\/span><\/p>\n<p><span style=\"color: #0000ff;\"><a style=\"color: #0000ff;\" href=\"https:\/\/youtu.be\/qQ6WrGf-W00\" target=\"_blank\" rel=\"noopener\"><strong>Zobacz te\u017c film&gt;&gt;&gt;<\/strong><\/a><\/span><\/p>\n<p><strong>Tekst\/foto:<\/strong> S\u0142awek Chyli\u0144ski<\/p>\n","protected":false},"excerpt":{"rendered":"<p>8 kwietnia w W\u0119growie odby\u0142y si\u0119 I Targi Edukacyjne Powiatu W\u0119growskiego. Swoj\u0105 ofert\u0119 edukacyjn\u0105 zaprezentowa\u0142 r\u00f3wnie\u017c Zesp\u00f3\u0142 Szk\u00f3\u0142 Ponadpodstawowych w Sadownem.<\/p>\n","protected":false},"author":1,"featured_media":0,"comment_status":"closed","ping_status":"closed","sticky":false,"template":"","format":"standard","meta":{"footnotes":""},"categories":[5,1752,85],"tags":[3749,254,3197],"class_list":["post-25849","post","type-post","status-publish","format-standard","hentry","category-newsy","category-edukacja","category-zsp","tag-targi-edukacyjne-powiatu-wegrowskiego-2022","tag-technikum-zywienia-i-uslug-gastronomicznych-w-sadownem","tag-zespol-szkol-ponadpodstawowych-w-sadownem"],"views":2731,"_links":{"self":[{"href":"http:\/\/info.sadowne.pl\/index.php?rest_route=\/wp\/v2\/posts\/25849","targetHints":{"allow":["GET"]}}],"collection":[{"href":"http:\/\/info.sadowne.pl\/index.php?rest_route=\/wp\/v2\/posts"}],"about":[{"href":"http:\/\/info.sadowne.pl\/index.php?rest_route=\/wp\/v2\/types\/post"}],"author":[{"embeddable":true,"href":"http:\/\/info.sadowne.pl\/index.php?rest_route=\/wp\/v2\/users\/1"}],"replies":[{"embeddable":true,"href":"http:\/\/info.sadowne.pl\/index.php?rest_route=%2Fwp%2Fv2%2Fcomments&post=25849"}],"version-history":[{"count":1,"href":"http:\/\/info.sadowne.pl\/index.php?rest_route=\/wp\/v2\/posts\/25849\/revisions"}],"predecessor-version":[{"id":25851,"href":"http:\/\/info.sadowne.pl\/index.php?rest_route=\/wp\/v2\/posts\/25849\/revisions\/25851"}],"wp:attachment":[{"href":"http:\/\/info.sadowne.pl\/index.php?rest_route=%2Fwp%2Fv2%2Fmedia&parent=25849"}],"wp:term":[{"taxonomy":"category","embeddable":true,"href":"http:\/\/info.sadowne.pl\/index.php?rest_route=%2Fwp%2Fv2%2Fcategories&post=25849"},{"taxonomy":"post_tag","embeddable":true,"href":"http:\/\/info.sadowne.pl\/index.php?rest_route=%2Fwp%2Fv2%2Ftags&post=25849"}],"curies":[{"name":"wp","href":"https:\/\/api.w.org\/{rel}","templated":true}]}}