{"id":25917,"date":"2022-04-25T10:48:44","date_gmt":"2022-04-25T08:48:44","guid":{"rendered":"http:\/\/info.sadowne.pl\/?p=25917"},"modified":"2022-04-25T13:44:55","modified_gmt":"2022-04-25T11:44:55","slug":"kronika-policyjna-18-24-kwietnia-2022","status":"publish","type":"post","link":"http:\/\/info.sadowne.pl\/?p=25917","title":{"rendered":"Kronika policyjna 18 \u2013 24 kwietnia 2022"},"content":{"rendered":"<p><strong><a href=\"http:\/\/info.sadowne.pl\/wp-content\/uploads\/2015\/04\/komisariat-3.jpg\"><img loading=\"lazy\" decoding=\"async\" class=\"alignleft size-thumbnail wp-image-8553\" src=\"http:\/\/info.sadowne.pl\/wp-content\/uploads\/2015\/04\/komisariat-3-180x130.jpg\" alt=\"\" width=\"180\" height=\"130\" \/><\/a>W ostatnich dniach na terenie powiatu w\u0119growskiego dosz\u0142o do zdarze\u0144 drogowych. Policjanci apeluj\u0105 o ostro\u017cno\u015b\u0107.<\/strong><!--more--><\/p>\n<p>18 kwietnia w m. Kamionna mieszkaniec pow. inowroc\u0142awskiego, kieruj\u0105c pojazdem marki Toyota zderzy\u0142 si\u0119 z sarn\u0105, kt\u00f3ra wbieg\u0142a na jezdni\u0119.<\/p>\n<p>W tym samym dniu w m. Oci\u0119te mieszkaniec pow. wo\u0142omi\u0144skiego, kieruj\u0105c pojazdem marki Renault r\u00f3wnie\u017c zderzy\u0142 si\u0119 z sarn\u0105, kt\u00f3ra wbieg\u0142a na jezdni\u0119.<\/p>\n<p>21 kwietnia w m. W\u0119gr\u00f3w mieszkaniec pow. soko\u0142owskiego, kieruj\u0105c pojazdem marki Mercedes podczas wykonywania manewru wymijania uderzy\u0142 w pojazd marki Volvo. Nikt nie dozna\u0142 obra\u017ce\u0144.<\/p>\n<p>23 kwietnia w m. Liw mieszkaniec pow. siedleckiego kieruj\u0105c pojazdem marki Subaru wykonuj\u0105c manewr skr\u0119tu w lewo zderzy\u0142 si\u0119 z pojazdem marki BMW, kt\u00f3ry wcze\u015bniej podj\u0105\u0142 manewr jego wyprzedzania. Nikt nie dozna\u0142 obra\u017ce\u0144.<\/p>\n<p>W tym samym dniu w m. W\u0119gr\u00f3w mieszkaniec pow. w\u0119growskiego kieruj\u0105c ci\u0105gnikiem rolniczym marki Ursus nie ust\u0105pi\u0142 pierwsze\u0144stwa przejazdu kieruj\u0105cemu pojazdem marki Renault. Nikt nie dozna\u0142 obra\u017ce\u0144.<\/p>\n<p>24 kwietnia w m. Kamionna mieszkaniec pow. w\u0119growskiego, kieruj\u0105c pojazdem marki BMW w trakcie wykonywania manewru skr\u0119tu w lewo nie ust\u0105pi\u0142 pierwsze\u0144stwa przejazdu jad\u0105cemu z naprzeciwka kieruj\u0105cemu Audi doprowadzaj\u0105c do zderzenia. Kieruj\u0105cy Audi w wyniku zderzenia zjecha\u0142 na przeciwleg\u0142y pas ruchu i zderzy\u0142 si\u0119 czo\u0142owo z pojazdem marki Renault, w kt\u00f3rego ty\u0142 uderzy\u0142 pojazd marki Opel. Pasa\u017cerowie BMW i Audi w wyniku doznanych obra\u017ce\u0144 zostali przewiezieni do szpitala. Post\u0119powanie w tej sprawie prowadzi KP w \u0141ochowie.<\/p>\n<p>W tym samym dniu w m. Sadowne mieszkanka pow. w\u0119growskiego, kieruj\u0105c pojazdem marki Toyota zderzy\u0142a si\u0119 z sarn\u0105, kt\u00f3ra wbieg\u0142a na jezdni\u0119.<\/p>\n<p>Policjanci apeluj\u0105 o ostro\u017cno\u015b\u0107 i zwi\u0119kszon\u0105 uwag\u0119 na drogach<\/p>\n<p>m\u0142. asp. Monika Ksi\u0119\u017copolska<\/p>\n<p>&nbsp;<\/p>\n","protected":false},"excerpt":{"rendered":"<p>W ostatnich dniach na terenie powiatu w\u0119growskiego dosz\u0142o do zdarze\u0144 drogowych. Policjanci apeluj\u0105 o ostro\u017cno\u015b\u0107.<\/p>\n","protected":false},"author":1,"featured_media":0,"comment_status":"closed","ping_status":"closed","sticky":false,"template":"","format":"standard","meta":{"footnotes":""},"categories":[5,266,4],"tags":[261,3174],"class_list":["post-25917","post","type-post","status-publish","format-standard","hentry","category-newsy","category-policja-policja-straz-pozarna-pogotowie-ratunkowe","category-policja-straz-pozarna-pogotowie-ratunkowe","tag-komenda-powiatowa-policji-w-wegrowie","tag-kronika-policyjna"],"views":2177,"_links":{"self":[{"href":"http:\/\/info.sadowne.pl\/index.php?rest_route=\/wp\/v2\/posts\/25917","targetHints":{"allow":["GET"]}}],"collection":[{"href":"http:\/\/info.sadowne.pl\/index.php?rest_route=\/wp\/v2\/posts"}],"about":[{"href":"http:\/\/info.sadowne.pl\/index.php?rest_route=\/wp\/v2\/types\/post"}],"author":[{"embeddable":true,"href":"http:\/\/info.sadowne.pl\/index.php?rest_route=\/wp\/v2\/users\/1"}],"replies":[{"embeddable":true,"href":"http:\/\/info.sadowne.pl\/index.php?rest_route=%2Fwp%2Fv2%2Fcomments&post=25917"}],"version-history":[{"count":2,"href":"http:\/\/info.sadowne.pl\/index.php?rest_route=\/wp\/v2\/posts\/25917\/revisions"}],"predecessor-version":[{"id":25926,"href":"http:\/\/info.sadowne.pl\/index.php?rest_route=\/wp\/v2\/posts\/25917\/revisions\/25926"}],"wp:attachment":[{"href":"http:\/\/info.sadowne.pl\/index.php?rest_route=%2Fwp%2Fv2%2Fmedia&parent=25917"}],"wp:term":[{"taxonomy":"category","embeddable":true,"href":"http:\/\/info.sadowne.pl\/index.php?rest_route=%2Fwp%2Fv2%2Fcategories&post=25917"},{"taxonomy":"post_tag","embeddable":true,"href":"http:\/\/info.sadowne.pl\/index.php?rest_route=%2Fwp%2Fv2%2Ftags&post=25917"}],"curies":[{"name":"wp","href":"https:\/\/api.w.org\/{rel}","templated":true}]}}