{"id":26147,"date":"2022-06-25T23:54:02","date_gmt":"2022-06-25T21:54:02","guid":{"rendered":"http:\/\/info.sadowne.pl\/?p=26147"},"modified":"2022-06-25T23:54:02","modified_gmt":"2022-06-25T21:54:02","slug":"viii-miedzynarodowy-festiwal-poloneza-w-sadownem","status":"publish","type":"post","link":"http:\/\/info.sadowne.pl\/?p=26147","title":{"rendered":"VIII Mi\u0119dzynarodowy Festiwal Poloneza w Sadownem"},"content":{"rendered":"<p><a href=\"http:\/\/info.sadowne.pl\/wp-content\/uploads\/2022\/06\/2022.06.25.1.jpg\" target=\"_blank\" rel=\"noopener\"><img loading=\"lazy\" decoding=\"async\" class=\"alignleft wp-image-26148 size-thumbnail\" src=\"http:\/\/info.sadowne.pl\/wp-content\/uploads\/2022\/06\/2022.06.25.1-180x130.jpg\" alt=\"\" width=\"180\" height=\"130\" \/><\/a><\/p>\n<p><strong>25 czerwca 2022 r. w Gminnej Hali Sportowej w Sadownem odby\u0142a si\u0119 gala fina\u0142owa VIII Mi\u0119dzynarodowego Festiwalu Poloneza. <\/strong><!--more--><\/p>\n<p>Ju\u017c po raz drugi mieli\u015bmy przyjemno\u015b\u0107 kontaktu na naszym terenie z polonezem i znanymi artystami. Zapewnili nam go Organizatorzy VIII edycji Festiwalu: CZE-NE-KA Fundacja Przyja\u017ani Ludzi i Zwierz\u0105t, Zesp\u00f3\u0142 Ta\u0144ca Historycznego CHOREA ANTIQUA, Muzeum Jana Paw\u0142a II i Prymasa Wyszy\u0144skiego, Samorz\u0105d Wojew\u00f3dztwa Mazowieckiego oraz Gmina Sadowne.<\/p>\n<p><strong>Kilka s\u0142\u00f3w o <\/strong><strong>g\u0142\u00f3wnych <\/strong><strong>Organizatorach:<\/strong><\/p>\n<p><strong>Fundacja Przyja\u017ani Ludzi i Zwierz\u0105t \u201eCZE-NE-KA\u201d<\/strong>\u00a0zosta\u0142a zarejestrowana w czerwcu 1998 roku. G\u0142\u00f3wnym jej celem jest upowszechnianie dogoterapii, jako metody rehabilitacji w wybranych schorzeniach dzieci i m\u0142odzie\u017cy, a tak\u017ce m.in. organizowanie oboz\u00f3w, rajd\u00f3w i wy\u015bcig\u00f3w psich zaprz\u0119g\u00f3w, propagowanie w\u0142a\u015bciwego stosunku do zwierz\u0105t, animowanie dzia\u0142alno\u015bci w zakresie kultury i sztuki, prowadzenie bada\u0144 nad wp\u0142ywem zwierz\u0105t na \u017cycie ludzi i dzia\u0142ania na rzecz rehabilitacji, a tak\u017ce aktywizacji zawodowej os\u00f3b niepe\u0142nosprawnych oraz przeciwdzia\u0142anie patologiom spo\u0142ecznym (wi\u0119cej o Fundacji na stronie\u00a0<span style=\"color: #0000ff;\"><strong><a style=\"color: #0000ff;\" href=\"http:\/\/old.czeneka.org\/index.php?dzial=index\" target=\"_blank\" rel=\"noopener\">http:\/\/old.czeneka.org\/index.php?dzial=index<\/a><\/strong><\/span>).<\/p>\n<p><strong>Zesp\u00f3\u0142 CHOREA ANTIGUA<\/strong>\u00a0powsta\u0142 w 1988 r. przy Klubie Tanecznym FAN -TAN.\u00a0Jego kierownikiem jest Pani Maria Czerwi\u0144ska\u2026 Zesp\u00f3\u0142 prezentuje i popularyzuje oryginalne choreografie ta\u0144c\u00f3w dworskich Renesansu i wczesnego Baroku (wi\u0119cej o Zespole na stronie\u00a0<span style=\"color: #0000ff;\"><strong><a style=\"color: #0000ff;\" href=\"http:\/\/old.czeneka.org\/index.php?dzial=chorea\" target=\"_blank\" rel=\"noopener\">http:\/\/old.czeneka.org\/index.php?dzial=chorea<\/a><\/strong><\/span>).<\/p>\n<p>Tegoroczny koncert g\u0142\u00f3wny zaszczycili swoj\u0105 obecno\u015bci\u0105 pp.: Wicemarsza\u0142ek Wojew\u00f3dztwa Mazowieckiego El\u017cbieta Lanc, Wicestarosta W\u0119growski Marek Renik, W\u00f3jt Gminy Sadowne Waldemar Cyran z ma\u0142\u017conk\u0105 Katarzyn\u0105, Pracownik Urz\u0119du Marsza\u0142kowskiego Anna Panas, Dyrektor GOK w Sadownem Ewa Pi\u00f3rkowska, Dyrektor SP w Sadownem Ma\u0142gorzata Koro\u015b, Wicedyrektor SP Sadowne Ma\u0142gorzata Zy\u015bk, Dyrektor ZSP w Sadownem S\u0142awomir Ryszawa, Proboszcz Parafii Sadowne ks. Antoni Kunicki oraz mieszka\u0144cy gminy Sadowne i ich go\u015bcie.<\/p>\n<p><strong>Troch\u0119 <\/strong><strong>o Festiwalu:<\/strong><\/p>\n<p>Pomimo tak du\u017cej popularno\u015bci tego ta\u0144ca, nie spos\u00f3b znale\u017a\u0107 przedsi\u0119wzi\u0119cie, kt\u00f3re by\u0142oby w ca\u0142o\u015bci po\u015bwi\u0119cone tej cudownej sztuce. W odpowiedzi na ten problem Fundacja CZE-NE-KA i dzia\u0142aj\u0105cy w jej ramach Zesp\u00f3\u0142 Ta\u0144ca Historycznego CHOREA ANTIQUA postanowi\u0142y zorganizowa\u0107 I Mi\u0119dzynarodowy Festiwal POLONEZA. Odby\u0142 si\u0119 on w 2015 roku pod honorowym patronatem Marsza\u0142ka Wojew\u00f3dztwa Mazowieckiego Pana Adama Struzika. W tym roku odby\u0142a si\u0119 ju\u017c \u00f3sma edycja Festiwalu, a rozpocz\u0119\u0142a si\u0119 ona 4 czerwca w Warszawie. Organizatorzy zaplanowali te\u017c koncert g\u0142\u00f3wny z udzia\u0142em uczestnik\u00f3w Festiwalu. Odby\u0142 si\u0119 on popo\u0142udniem 25 czerwca 2022 roku w Gminnej Hali Sportowej w Sadownem. Poprowadzi\u0142 go, jak w poprzedniej edycji, p. Pawe\u0142 \u015awi\u0119torecki.<\/p>\n<p><strong>Gala w Sadownem rozpocz\u0119\u0142a si\u0119 oczywi\u015bcie polonezem i przem\u00f3wieniami Organizator\u00f3w oraz zaproszonych go\u015bci. <\/strong><strong>Nast\u0119pnie pod<\/strong><strong>czas koncertu galowego wyst\u0105pili<\/strong><strong>:<\/strong><\/p>\n<p>\u2013 Zesp\u00f3\u0142 Ta\u0144ca Historycznego CHOREA ANTIQUA<\/p>\n<p>\u2013 Zesp\u00f3\u0142 Ta\u0144ca Ludowego ORKAN<\/p>\n<p>&#8211; Piotr Latoszy\u0144ski<\/p>\n<p>&#8211; Bo\u017cena Sitek<\/p>\n<p>&#8211; Grupa Integracyjna S\u0141ONECZNI<\/p>\n<p>\u2013 Leonid Volodko<\/p>\n<p>&#8211; Zesp\u00f3\u0142 Folklorystyczny CALISIA<\/p>\n<p>&#8211; Zesp\u00f3\u0142 Pie\u015bni i Ta\u0144ca Ziemi Nowomiejskiej<\/p>\n<p>&#8211; TAKT Zesp\u00f3\u0142 Taneczny z ZSOiZ w Ciechanowcu<\/p>\n<p>&#8211; Tadeusz Kowalczyk<\/p>\n<p>&#8211; Antonina Kokszar<\/p>\n<p>&#8211; Zesp\u00f3\u0142 \u015apiewaczy SADOWIANKI<\/p>\n<p><strong>Koncert zako\u0144czy\u0142y podzi\u0119kowania i wyrazy uznania dla uczestnik\u00f3w od Organizator\u00f3w.<\/strong><\/p>\n<p><strong>A po koncercie \u2013 oczywi\u015bcie biesiada szlachecka.<\/strong><\/p>\n<p><span style=\"color: #0000ff;\"><a style=\"color: #0000ff;\" href=\"https:\/\/photos.app.goo.gl\/h6mi7A2wxbx2DmwE6\" target=\"_blank\" rel=\"noopener\"><strong>Zdj\u0119cia w galerii Google&gt;&gt;&gt;<\/strong><\/a><\/span><\/p>\n<p><span style=\"color: #0000ff;\"><a style=\"color: #0000ff;\" href=\"https:\/\/youtu.be\/CE9FImmHuGM\" target=\"_blank\" rel=\"noopener\"><strong>Zobacz te\u017c film&gt;&gt;&gt;<\/strong><\/a><\/span><\/p>\n<p><strong>Tekst\/foto: <\/strong>S\u0142awek Chyli\u0144ski<\/p>\n","protected":false},"excerpt":{"rendered":"<p>25 czerwca 2022 r. w Gminnej Hali Sportowej w Sadownem odby\u0142a si\u0119 gala fina\u0142owa VIII Mi\u0119dzynarodowego Festiwalu Poloneza.<\/p>\n","protected":false},"author":1,"featured_media":0,"comment_status":"closed","ping_status":"closed","sticky":false,"template":"","format":"standard","meta":{"footnotes":""},"categories":[5,41],"tags":[3802,3582,3800,3803],"class_list":["post-26147","post","type-post","status-publish","format-standard","hentry","category-newsy","category-wiesci-gminne","tag-festiwal-poloneza-w-sadownem","tag-fundacja-cze-ne-ka","tag-viii-miedzynarodowy-festiwal-poloneza","tag-zespol-tanca-historycznego-chorea-antiqua"],"views":2525,"_links":{"self":[{"href":"http:\/\/info.sadowne.pl\/index.php?rest_route=\/wp\/v2\/posts\/26147","targetHints":{"allow":["GET"]}}],"collection":[{"href":"http:\/\/info.sadowne.pl\/index.php?rest_route=\/wp\/v2\/posts"}],"about":[{"href":"http:\/\/info.sadowne.pl\/index.php?rest_route=\/wp\/v2\/types\/post"}],"author":[{"embeddable":true,"href":"http:\/\/info.sadowne.pl\/index.php?rest_route=\/wp\/v2\/users\/1"}],"replies":[{"embeddable":true,"href":"http:\/\/info.sadowne.pl\/index.php?rest_route=%2Fwp%2Fv2%2Fcomments&post=26147"}],"version-history":[{"count":1,"href":"http:\/\/info.sadowne.pl\/index.php?rest_route=\/wp\/v2\/posts\/26147\/revisions"}],"predecessor-version":[{"id":26149,"href":"http:\/\/info.sadowne.pl\/index.php?rest_route=\/wp\/v2\/posts\/26147\/revisions\/26149"}],"wp:attachment":[{"href":"http:\/\/info.sadowne.pl\/index.php?rest_route=%2Fwp%2Fv2%2Fmedia&parent=26147"}],"wp:term":[{"taxonomy":"category","embeddable":true,"href":"http:\/\/info.sadowne.pl\/index.php?rest_route=%2Fwp%2Fv2%2Fcategories&post=26147"},{"taxonomy":"post_tag","embeddable":true,"href":"http:\/\/info.sadowne.pl\/index.php?rest_route=%2Fwp%2Fv2%2Ftags&post=26147"}],"curies":[{"name":"wp","href":"https:\/\/api.w.org\/{rel}","templated":true}]}}