{"id":26273,"date":"2022-08-15T19:51:09","date_gmt":"2022-08-15T17:51:09","guid":{"rendered":"http:\/\/info.sadowne.pl\/?p=26273"},"modified":"2022-08-15T19:51:09","modified_gmt":"2022-08-15T17:51:09","slug":"dozynki-gminno-parafialne-2022-w-sadownem","status":"publish","type":"post","link":"http:\/\/info.sadowne.pl\/?p=26273","title":{"rendered":"Do\u017cynki Gminno &#8211; Parafialne 2022 w Sadownem"},"content":{"rendered":"<p><a href=\"http:\/\/info.sadowne.pl\/wp-content\/uploads\/2022\/08\/2022.08.15.1.jpg\" target=\"_blank\" rel=\"noopener\"><img loading=\"lazy\" decoding=\"async\" class=\"alignleft wp-image-26274 size-thumbnail\" src=\"http:\/\/info.sadowne.pl\/wp-content\/uploads\/2022\/08\/2022.08.15.1-180x130.jpg\" alt=\"\" width=\"180\" height=\"130\" \/><\/a><strong>15 sierpnia <\/strong><strong>2022 <\/strong><strong>w Sadownem <\/strong><strong>ju\u017c po raz \u00f3smy <\/strong><strong>odby\u0142y si\u0119 Do\u017cynki Gminno \u2013 Parafialne. <\/strong><!--more--><\/p>\n<p><strong>Has\u0142o przewodn<\/strong><strong>ie tegorocznych Do\u017cynek to: \u201eRolnicy pracuj\u0105, od g\u0142odu ratuj\u0105<\/strong><strong>\u201d, a ich gospodarzem by\u0142<\/strong><strong>o so\u0142ectwo Sok\u00f3\u0142ka<\/strong><strong>.<\/strong><\/p>\n<p>15 sierpnia br. przypada r\u00f3wnie\u017c 102. rocznica \u201eCudu nad Wis\u0142\u0105\u201d i \u015awi\u0119to Wojska Polskiego. Z uwagi na to postanowiono tego dnia uczci\u0107 pami\u0119\u0107 \u017co\u0142nierzy Wojska Polskiego poleg\u0142ych w wojnie polsko-bolszewickiej. Przed uroczysto\u015bciami do\u017cynkowymi na sadowie\u0144skim cmentarzu, gdzie znajduje si\u0119 odrestaurowany nagrobek poleg\u0142ego na naszym terenie w 1920 roku nieznanego \u017co\u0142nierza Wojska Polskiego, uczczono pami\u0119\u0107 wszystkich poleg\u0142ych w czasie tej wojny \u017co\u0142nierzy polskich. Na mogile z\u0142o\u017cono wi\u0105zanki kwiat\u00f3w i zapalono symboliczne znicze.<\/p>\n<p>G\u0142\u00f3wne uroczysto\u015bci do\u017cynkowe rozpocz\u0119\u0142y si\u0119 msz\u0105 \u015bw. w intencji rolnik\u00f3w w miejscowym ko\u015bciele parafialnym, celebrowan\u0105 przez proboszcza ks. Antoniego Kunickiego i z udzia\u0142em zaproszonych ksi\u0119\u017cy pos\u0142uguj\u0105cych w Ukrainie i Francji.<\/p>\n<p>Przygotowane przez poszczeg\u00f3lne so\u0142ectwa wie\u0144ce do\u017cynkowe i ich asysty, po powitaniu na \u201eprogu\u201d \u015bwi\u0105tyni przez proboszcza parafii ks. Antoniego Kunickiego, wprowadzili do ko\u015bcio\u0142a Starostowie Do\u017cynek \u2013 Pa\u0144stwo Dorota i Jaros\u0142aw Go\u0142\u0119biewscy z Sok\u00f3\u0142ki. Po mszy \u015bw. barwny orszak do\u017cynkowy przemaszerowa\u0142 na parking za ko\u015bcio\u0142em, gdzie dalsz\u0105 cz\u0119\u015b\u0107 uroczysto\u015bci poprowadzi\u0142 Zast\u0119pca W\u00f3jta Gminy Sadowne p. Marcin Gr\u0119da, a do\u017cynkowe obrz\u0119dy i ceremonia\u0142 do\u017cynkowy wykona\u0142 Zesp\u00f3\u0142 \u015apiewaczy \u201eSadowianki\u201d.<\/p>\n<p>W imieniu gospodarzy uroczysto\u015bci: W\u00f3jta Gminy Sadowne p. Waldemara Cyrana i proboszcza parafii Sadowne ks. Antoniego Kunickiego, p. Gr\u0119da powita\u0142 przyby\u0142ych go\u015bci, w\u015br\u00f3d kt\u00f3rych znale\u017ali si\u0119 pp.: Kamila Gasiuk-Pihowicz \u2013 Pose\u0142 na Sejm RP, Maciej G\u00f3rski \u2013 Pose\u0142 na Sejm RP, El\u017cbieta Lanc \u2013 Cz\u0142onek Zarz\u0105du Wojew\u00f3dztwa Mazowieckiego (tu reprezentuj\u0105ca r\u00f3wnie\u017c Samorz\u0105d Wojew\u00f3dztwa Mazowieckiego, kt\u00f3ry wsp\u00f3\u0142finansowa\u0142 sadowie\u0144skie Do\u017cynki), Anna Kaszuba \u2013 Kierownik Delegatury w Siedlcach Mazowieckiego Urz\u0119du Wojew\u00f3dzkiego, Marek Renik \u2013 Wicestarosta W\u0119growski, Micha\u0142 Postek \u2013 Zast\u0119pca W\u00f3jta gminy Izabelin, o. Roman Ivaniluk \u2013 proboszcz parafii greko-katolickiej w Kosivie na Ukrainie, ks. Stanis\u0142aw Wojciechowski \u2013 by\u0142y proboszcz wraz z ksi\u0119\u017cmi parafii Sadowne, Tomasz Szymanik \u2013 Przewodnicz\u0105cy Rady Gminy Sadowne wraz z radnymi, Ma\u0142gorzata Zy\u015bk \u2013 Radna Powiatu W\u0119growskiego, Adam Kowalczyk \u2013 Kierownik KRUS w W\u0119growie z pracownikami, so\u0142tysi, kierownicy jednostek organizacyjnych Gminy, stra\u017cacy OSP, my\u015bliwi z Ko\u0142a \u0141owieckiego \u015bw. Huberta, zaproszeni go\u015bcie i\u2026 oczywi\u015bcie mieszka\u0144cy oraz rolnicy gminy i parafii Sadowne, kt\u00f3rym po\u015bwi\u0119cona by\u0142a ta uroczysto\u015b\u0107.<\/p>\n<p>Po oficjalnym powitaniu, podczas kt\u00f3rego r\u00f3wnie\u017c g\u0142os zabrali go\u015bcie, Starostowie Do\u017cynek przekazali w\u0142odarzowi Gminy p. Waldemarowi Cyranowi oraz jego ma\u0142\u017conce Katarzynie obrz\u0119dowy chleb, upieczony z tegorocznych zbior\u00f3w zb\u00f3\u017c. Po obrz\u0119dzie dzielenia si\u0119 chlebem, powo\u0142ana przez Organizator\u00f3w Komisja Konkursowa w sk\u0142adzie: ks. Piotr P\u0119dzich, p. Ewa Pi\u00f3rkowska, p. Dorota Mianowicz, p. Danuta Chyli\u0144ska i p. Marcin Gr\u0119da, oceni\u0142a wie\u0144ce do\u017cynkowe uczestnicz\u0105ce w konkursie pn. \u201eNaj\u0142adniejszy Wieniec Do\u017cynkowy 2022\u201d. Do Konkursu zg\u0142oszono 19 wie\u0144c\u00f3w.<\/p>\n<p><strong>W tym roku za naj\u0142adniejsze wie\u0144ce Komisja nagrodzi\u0142a so\u0142ectwa: \u00a0<\/strong><\/p>\n<p><strong><u>W kategorii wie\u0144c\u00f3w tradycyjnych<\/u><\/strong><\/p>\n<p><strong>I miejsce \u2013 Sadole\u015b<\/strong><\/p>\n<p><strong>II miejsce \u2013 KGW Sojk\u00f3wek<\/strong><\/p>\n<p><strong>III miejsce \u2013 P\u0142atkownica + Grabiny &#8211; wyr\u00f3\u017cnione przez ks. Kunickiego<\/strong><\/p>\n<p><strong>(miejsca I-III wyr\u00f3\u017cnione r\u00f3wnie\u017c przez p. Lanc)<\/strong><\/p>\n<p><strong>Wyr\u00f3\u017cnienia: Morzyczyn W\u0142\u00f3ki i Morzyczyn W\u0142o\u015bcia\u0144ski + Sok\u00f3\u0142ka &#8211; wyr\u00f3\u017cniona przez p. Renika<\/strong><\/p>\n<p><strong><u>W kategorii wie\u0144c\u00f3w nowoczesnych<\/u><\/strong><\/p>\n<p><strong>&#8211; Ra\u017cny (g\u0142\u00f3wne wyr\u00f3\u017cnienie)<\/strong><\/p>\n<p><strong>&#8211; Wilczog\u0119by<\/strong><\/p>\n<p><strong>&#8211; Krupi\u0144skie<\/strong><\/p>\n<p><strong>&#8211; Szynkarzyzna<\/strong><\/p>\n<p><strong>&#8211; Oci\u0119te<\/strong><\/p>\n<p>Laureaci Konkursu odebrali puchary, dyplomy i nagrody pieni\u0119\u017cne z r\u0105k przedstawicieli Organizator\u00f3w i sponsor\u00f3w. Swoje nagrody wr\u0119czy\u0142a r\u00f3wnie\u017c p. Kamila Gasiuk-Pihowicz.<\/p>\n<p><strong>Nast\u0119pnie nagrodzono laureat\u00f3w konkursu na \u201eNajpi\u0119kniejszy ogr\u00f3d Gminy Sadowne 2022\u201d. Oto jego wyniki:<\/strong><\/p>\n<p><strong>I miejsce<\/strong>\u00a0\u2013 Tadeusz Gasto\u0142, zam. Zieleniec<\/p>\n<p><strong>II miejsce<\/strong>\u00a0\u2013 Gra\u017cyna Szczechura, zam. Sadowne<\/p>\n<p><strong>III miejsce<\/strong>\u00a0\u2013 Agnieszka Wojciechowska, zam. Sadowne<\/p>\n<p><strong>Wyr\u00f3\u017cnienie<\/strong>\u00a0\u2013 Anna Kaszuba, zam. Sok\u00f3\u0142ka<\/p>\n<p>Nagrody wr\u0119czyli Organizatorzy Konkursu oraz jego sponsorzy: za miejsca I-III \u2013 PSB Mr\u00f3wka Sadowne i za wyr\u00f3\u017cnienie \u2013 Sklep Ogrodniczy AGAWA w Sadownem.<\/p>\n<p>Rozstrzygni\u0119to te\u017c konkursy zorganizowane w czasie Do\u017cynek przez Plac\u00f3wk\u0119 Terenow\u0105 Kasy Rolniczego Ubezpieczenia Spo\u0142ecznego w W\u0119growie. Nagrody laureatom konkursu wr\u0119czy\u0142 p. Adam Kowalczyk \u2013 Kierownik PT oraz jego pracownicy.<\/p>\n<p>W trakcie uroczysto\u015bci do\u017cynkowych spotkanie u\u015bwietnia\u0142 wyst\u0119pem Zesp\u00f3\u0142 \u015apiewaczy \u201eSadowianki\u201d, a obecni mieli mo\u017cliwo\u015b\u0107 skorzystania z pocz\u0119stunku przygotowanego w namiotach przez poszczeg\u00f3lne so\u0142ectwa Ko\u0142o \u0141owieckie \u015bw. Huberta i Gminny O\u015brodek Kultury w Sadownem. Natomiast dla najm\u0142odszych otworzy\u0142 swoje wrota \u201edmuchany plac zabaw\u201d.<\/p>\n<p>Do\u017cynki u\u015bwietni\u0142 r\u00f3wnie\u017c wyst\u0119pem znany nam Zesp\u00f3\u0142 Muzyczny \u201eSAMI SWOI\u201d, a na koniec zagra\u0142 DJ Sado.<\/p>\n<p>I tylko przypomnienie: tegoroczne uroczysto\u015bci do\u017cynkowe przygotowa\u0142 Urz\u0105d Gminy w Sadownem, Parafia p.w. \u015bw. Jana Chrzciciela w Sadownem i Gminny O\u015brodek Kultury w Sadownem. Projekt zosta\u0142 dofinansowany ze \u015brodk\u00f3w Samorz\u0105du Wojew\u00f3dztwa Mazowieckiego.<\/p>\n<p>Obejrzyjmy fotorelacj\u0119 z tej uroczysto\u015bci\u2026<\/p>\n<p><span style=\"color: #0000ff;\"><a style=\"color: #0000ff;\" href=\"https:\/\/photos.app.goo.gl\/WRMT2PVZtVNciyxC9\" target=\"_blank\" rel=\"noopener\"><strong>Zdj\u0119cia w galerii Google&gt;&gt;&gt;<\/strong><\/a><\/span><\/p>\n<p><span style=\"color: #0000ff;\"><a style=\"color: #0000ff;\" href=\"https:\/\/youtu.be\/8jcAVF4rJK8\" target=\"_blank\" rel=\"noopener\"><strong>Zobacz te\u017c film&gt;&gt;&gt;<\/strong><\/a><\/span><\/p>\n<p><strong>Tekst\/foto:<\/strong>\u00a0S\u0142awek Chyli\u0144ski<\/p>\n","protected":false},"excerpt":{"rendered":"<p>15 sierpnia 2022 w Sadownem ju\u017c po raz \u00f3smy odby\u0142y si\u0119 Do\u017cynki Gminno \u2013 Parafialne.<\/p>\n","protected":false},"author":1,"featured_media":0,"comment_status":"closed","ping_status":"closed","sticky":false,"template":"","format":"standard","meta":{"footnotes":""},"categories":[5,91,6],"tags":[3819,169],"class_list":["post-26273","post","type-post","status-publish","format-standard","hentry","category-newsy","category-gminny-osrodek-kultury","category-kultura-rozrywka-edukacja","tag-dozynki-gminno-parafialne-2022-w-sadownem","tag-gminny-osrodek-kultury-w-sadownem"],"views":4636,"_links":{"self":[{"href":"http:\/\/info.sadowne.pl\/index.php?rest_route=\/wp\/v2\/posts\/26273","targetHints":{"allow":["GET"]}}],"collection":[{"href":"http:\/\/info.sadowne.pl\/index.php?rest_route=\/wp\/v2\/posts"}],"about":[{"href":"http:\/\/info.sadowne.pl\/index.php?rest_route=\/wp\/v2\/types\/post"}],"author":[{"embeddable":true,"href":"http:\/\/info.sadowne.pl\/index.php?rest_route=\/wp\/v2\/users\/1"}],"replies":[{"embeddable":true,"href":"http:\/\/info.sadowne.pl\/index.php?rest_route=%2Fwp%2Fv2%2Fcomments&post=26273"}],"version-history":[{"count":1,"href":"http:\/\/info.sadowne.pl\/index.php?rest_route=\/wp\/v2\/posts\/26273\/revisions"}],"predecessor-version":[{"id":26275,"href":"http:\/\/info.sadowne.pl\/index.php?rest_route=\/wp\/v2\/posts\/26273\/revisions\/26275"}],"wp:attachment":[{"href":"http:\/\/info.sadowne.pl\/index.php?rest_route=%2Fwp%2Fv2%2Fmedia&parent=26273"}],"wp:term":[{"taxonomy":"category","embeddable":true,"href":"http:\/\/info.sadowne.pl\/index.php?rest_route=%2Fwp%2Fv2%2Fcategories&post=26273"},{"taxonomy":"post_tag","embeddable":true,"href":"http:\/\/info.sadowne.pl\/index.php?rest_route=%2Fwp%2Fv2%2Ftags&post=26273"}],"curies":[{"name":"wp","href":"https:\/\/api.w.org\/{rel}","templated":true}]}}