{"id":26342,"date":"2022-09-14T19:12:12","date_gmt":"2022-09-14T17:12:12","guid":{"rendered":"http:\/\/info.sadowne.pl\/?p=26342"},"modified":"2022-09-14T19:12:12","modified_gmt":"2022-09-14T17:12:12","slug":"w-tym-roku-ballady-i-romanse-mickiewicza","status":"publish","type":"post","link":"http:\/\/info.sadowne.pl\/?p=26342","title":{"rendered":"W tym roku \u201eBallady i romanse\u201d Mickiewicza"},"content":{"rendered":"<p><a href=\"http:\/\/info.sadowne.pl\/wp-content\/uploads\/2022\/09\/2022.09.14.1.jpg\" target=\"_blank\" rel=\"noopener\"><img loading=\"lazy\" decoding=\"async\" class=\"alignleft wp-image-26343 size-thumbnail\" src=\"http:\/\/info.sadowne.pl\/wp-content\/uploads\/2022\/09\/2022.09.14.1-180x130.jpg\" alt=\"\" width=\"180\" height=\"130\" \/><\/a><\/p>\n<p><strong>14 wrze\u015bnia w sadowie\u0144skiej Gminnym O\u015brodku Kultury odby\u0142o si\u0119 Narodowe Czytanie 2022. Wydarzenie, czytanie \u201eBallad i romans\u00f3w\u201d Mickiewicza zorganizowa\u0142a Gminna Biblioteka Publiczna.<\/strong><!--more--><\/p>\n<p><strong>Adam Mickiewicz \u2013 <\/strong>najwybitniejszy, obok Juliusza S\u0142owackiego i Zygmunta Krasi\u0144skiego, polski tw\u00f3rca romantyczny, poeta, wizjoner, publicysta, dzia\u0142acz polityczny. Urodzi\u0142 si\u0119 24 grudnia 1798 r. w Zaosiu ko\u0142o Nowogr\u00f3dka, zmar\u0142 26 listopada 1855 r. w Konstantynopolu (dzi\u015b: Stambu\u0142). Najwa\u017cniejsze jego dzie\u0142a to: <em>Ballady i romanse<\/em>\u00a0(1822), <em>Gra\u017cyna<\/em>\u00a0(1823),\u00a0<em>Sonety krymskie<\/em>\u00a0(1826),\u00a0<em>Konrad Wallenrod<\/em>\u00a0(1828),\u00a0<em>Dziady<\/em>\u00a0(cz. II i IV 1823, cz.III 1832),\u00a0<em>Ksi\u0119gi narodu polskiego i pielgrzymstwa polskiego<\/em>\u00a0(1833),\u00a0<em>Pan Tadeusz<\/em>\u00a0(1834); wiersze:\u00a0<em>Oda do m\u0142odo\u015bci<\/em>\u00a0(1820),\u00a0<em>Do Matki Polki<\/em>\u00a0(1830),\u00a0<em>\u015amier\u0107 pu\u0142kownika<\/em>\u00a0(1831),\u00a0<em>Reduta Ordona<\/em>\u00a0(1831).<\/p>\n<p><em>Ktokolwiek b\u0119dziesz w Nowogr\u00f3dzkiej stronie, do P\u0142u\u017cyn ciemnego boru wjechawszy, pomnij zatrzyma\u0107 twe konie, by si\u0119 przypatrzy\u0107 jezioru \u2013 <\/em>spotkanie z Mickiewiczem w sali sadowie\u0144skiego GOK-u rozpocz\u0105\u0142 \u201e\u015awiteziem\u201d ks. proboszcz Antoni Kunicki.<\/p>\n<p>Nast\u0119pnie \u2013 kolejno w rol\u0119 narrator\u00f3w wprowadzaj\u0105cych s\u0142uchaczy w rozgrywaj\u0105ce si\u0119 w utworach akcje wcielili si\u0119: p. Marcin Gr\u0119da w utworze \u201ePowr\u00f3t taty\u201d, p. Barbara Klimek \u2013 \u201e\u015awitezianka\u201d i p. Janusz Urbankowski \u2013 \u201eRoamtyczno\u015b\u0107\u201d. Ich s\u0142uchaczami byli g\u0142\u00f3wnie czwartoklasi\u015bci ze swoimi opiekunami: p. Izabel\u0105 Wrzosek i p. Dorot\u0105 Ga\u0142\u0105zk\u0105 ze Szko\u0142y Podstawowej im. b\u0142. ks. Edwarda Grzyma\u0142y w Sadownem.<\/p>\n<p>Spotkanie z Mickiewiczem by\u0142o udane i by\u0107 mo\u017ce zaowocuje w przysz\u0142o\u015bci, gdy dzisiejsi s\u0142uchacze rozpoczn\u0105 w kolejnych klasach, ju\u017c na powa\u017cnie, przygod\u0119 z utworami naszego narodowego wieszcza.<\/p>\n<p>Czytaj\u0105cy z r\u0105k p. Dyrektor Gminnej Biblioteki Publicznej w Sadownem Ewy Pi\u00f3rkowskiej otrzymali specjalne podzi\u0119kowania. Spotkanie to by\u0142o te\u017c okazj\u0105 og\u0142oszenia wynik\u00f3w konkursu \u201eNajbardziej aktywny czytelnik\u201d, kt\u00f3ry przeprowadzi\u0142a GBP w Sadownem. Jak si\u0119 okazuje, najcz\u0119\u015bciej w czasie wakacji 2022 ze zbior\u00f3w Biblioteki korzysta\u0142y panie. Oto oficjalna klasyfikacja:<\/p>\n<p>I miejsce &#8211; Ewa Jak\u00f3bik<\/p>\n<p>II miejsce &#8211; Karolina Kujawa<\/p>\n<p>III miejsce &#8211; Henryka Bala<\/p>\n<p>Na najlepsze czytelniczki czekaj\u0105 nagrody \u2013 do odbioru w Gminnej Bibliotece Publicznej.<\/p>\n<p><span style=\"color: #0000ff;\"><a style=\"color: #0000ff;\" href=\"https:\/\/photos.app.goo.gl\/RmfLfezsg56VCeiR9\" target=\"_blank\" rel=\"noopener\"><strong>Zdj\u0119cia w galerii Google&gt;&gt;&gt;<\/strong><\/a><\/span><\/p>\n<p><strong>Tekst\/foto:<\/strong> S\u0142awek Chyli\u0144ski<\/p>\n","protected":false},"excerpt":{"rendered":"<p>14 wrze\u015bnia w sadowie\u0144skiej Gminnym O\u015brodku Kultury odby\u0142o si\u0119 Narodowe Czytanie 2022. Wydarzenie, czytanie \u201eBallad i romans\u00f3w\u201d Mickiewicza zorganizowa\u0142a Gminna Biblioteka Publiczna.<\/p>\n","protected":false},"author":1,"featured_media":0,"comment_status":"closed","ping_status":"closed","sticky":false,"template":"","format":"standard","meta":{"footnotes":""},"categories":[5,2149,91,6],"tags":[113,169,3827],"class_list":["post-26342","post","type-post","status-publish","format-standard","hentry","category-newsy","category-gminna-biblioteka-publiczna","category-gminny-osrodek-kultury","category-kultura-rozrywka-edukacja","tag-gminna-biblioteka-publiczna-w-sadownem","tag-gminny-osrodek-kultury-w-sadownem","tag-narodowe-czytanie-2022"],"views":2225,"_links":{"self":[{"href":"http:\/\/info.sadowne.pl\/index.php?rest_route=\/wp\/v2\/posts\/26342","targetHints":{"allow":["GET"]}}],"collection":[{"href":"http:\/\/info.sadowne.pl\/index.php?rest_route=\/wp\/v2\/posts"}],"about":[{"href":"http:\/\/info.sadowne.pl\/index.php?rest_route=\/wp\/v2\/types\/post"}],"author":[{"embeddable":true,"href":"http:\/\/info.sadowne.pl\/index.php?rest_route=\/wp\/v2\/users\/1"}],"replies":[{"embeddable":true,"href":"http:\/\/info.sadowne.pl\/index.php?rest_route=%2Fwp%2Fv2%2Fcomments&post=26342"}],"version-history":[{"count":1,"href":"http:\/\/info.sadowne.pl\/index.php?rest_route=\/wp\/v2\/posts\/26342\/revisions"}],"predecessor-version":[{"id":26344,"href":"http:\/\/info.sadowne.pl\/index.php?rest_route=\/wp\/v2\/posts\/26342\/revisions\/26344"}],"wp:attachment":[{"href":"http:\/\/info.sadowne.pl\/index.php?rest_route=%2Fwp%2Fv2%2Fmedia&parent=26342"}],"wp:term":[{"taxonomy":"category","embeddable":true,"href":"http:\/\/info.sadowne.pl\/index.php?rest_route=%2Fwp%2Fv2%2Fcategories&post=26342"},{"taxonomy":"post_tag","embeddable":true,"href":"http:\/\/info.sadowne.pl\/index.php?rest_route=%2Fwp%2Fv2%2Ftags&post=26342"}],"curies":[{"name":"wp","href":"https:\/\/api.w.org\/{rel}","templated":true}]}}