{"id":26454,"date":"2022-10-17T18:02:16","date_gmt":"2022-10-17T16:02:16","guid":{"rendered":"http:\/\/info.sadowne.pl\/?p=26454"},"modified":"2022-10-17T18:02:16","modified_gmt":"2022-10-17T16:02:16","slug":"xxii-dzien-papieski-w-zsp-sadowne","status":"publish","type":"post","link":"http:\/\/info.sadowne.pl\/?p=26454","title":{"rendered":"XXII Dzie\u0144 Papieski w ZSP Sadowne"},"content":{"rendered":"<p><a href=\"http:\/\/info.sadowne.pl\/wp-content\/uploads\/2022\/10\/2022.10.17.1.jpg\" target=\"_blank\" rel=\"noopener\"><img loading=\"lazy\" decoding=\"async\" class=\"alignleft wp-image-26455 size-thumbnail\" src=\"http:\/\/info.sadowne.pl\/wp-content\/uploads\/2022\/10\/2022.10.17.1-180x130.jpg\" alt=\"\" width=\"180\" height=\"130\" \/><\/a><\/p>\n<p><strong>Dzie\u0144 Papieski odbywa si\u0119 w rocznic\u0119 wyboru\u00a0Karola Wojty\u0142y na papie\u017ca\u00a0&#8211; w tym roku 44.\u00a0W ZSP Sadowne uroczysto\u015b\u0107 odby\u0142a si\u0119 17 pa\u017adziernika.<\/strong><!--more--><\/p>\n<p>Jan Pawe\u0142 II zosta\u0142 wybrany papie\u017cem 16 pa\u017adziernika 1978 roku. Z tej okazji od 2005 roku, gdy Sejm ustanowi\u0142 ten dzie\u0144 Dniem Papieskim, obok uroczysto\u015bci religijnych w r\u00f3\u017cnych miastach odbywaj\u0105 si\u0119 koncerty, spotkania i zbi\u00f3rka do puszek na stypendia dla uzdolnionej i niezamo\u017cnej m\u0142odzie\u017cy z ma\u0142ych miejscowo\u015bci. W tym roku swoim li\u015bcie do wiernych polscy biskupi zaznaczyli, \u017ce prze\u017cywaj\u0105c XXII Dzie\u0144 Papieski pod has\u0142em &#8222;Blask prawdy&#8221; chc\u0105 wr\u00f3ci\u0107 do or\u0119dzia, kt\u00f3re \u015bw. Jan Pawe\u0142 II zawar\u0142 w encyklice &#8222;Veritatis splendor&#8221;.<\/p>\n<p>Zesp\u00f3\u0142 Szk\u00f3\u0142 Ponadpodstawowych w Sadownem uczci\u0142 ten Dzie\u0144 17 pa\u017adziernika uroczysto\u015bci\u0105 szkoln\u0105, kt\u00f3r\u0105 przygotowali: ks. Krzysztof Rzepczy\u0144ski, p. Kamil Kie\u0142ek i p. Marta Osman wraz z uczniami. Obecni na uroczysto\u015bci mieli okazj\u0119 obejrze\u0107 inscenizacj\u0119 s\u0142owno \u2013 muzyczn\u0105 z elementami multimedialnymi o \u017cyciu, kap\u0142a\u0144stwie Ojca \u015awi\u0119tego, g\u0142\u00f3wnie w kontek\u015bcie przes\u0142a\u0144 przekazanych Polsce i Polakom podczas Jego kolejnych wizyt w Ojczy\u017anie.<\/p>\n<p>Na zako\u0144czenie \u201eBarka\u201d i kilka s\u0142\u00f3w \u201eod serca\u201d. Has\u0142o XXII Dnia Papieskiego \u201eBlask prawdy\u201d, a tak\u017ce regu\u0142y \u017cycia chrze\u015bcija\u0144skiego by\u0142y elementami wypowiedzi podsumowuj\u0105cych szkoln\u0105 uroczysto\u015b\u0107. O powrocie do warto\u015bci preferowanych przez Ojca \u015awi\u0119tego m\u00f3wili: Wicestarosta W\u0119growski p. Marek Renik i Dyrektor ZSP w Sadownem p. S\u0142awomir Ryszawa. Prawda i wolno\u015b\u0107, to cele katechezy dla wszystkich, dzieci, m\u0142odzie\u017cy i doros\u0142ych \u2013 podsumowa\u0142 Dzie\u0144 Papieski ks. kanonik Stanis\u0142aw Wojciechowski, kt\u00f3ry r\u00f3wnie\u017c na zako\u0144czenie spotkania pob\u0142ogos\u0142awi\u0142 uczestnik\u00f3w relikwiami \u015aw. Jana Paw\u0142a II, przechowywanymi w miejscowym ko\u015bciele parafialnym.<\/p>\n<p><span style=\"color: #0000ff;\"><a style=\"color: #0000ff;\" href=\"https:\/\/photos.app.goo.gl\/9tPHj3gA7kzP6QLV8\" target=\"_blank\" rel=\"noopener\"><strong>Zdj\u0119cia w galerii Google&gt;&gt;&gt;<\/strong><\/a><\/span><\/p>\n<p><strong>Tekst\/foto: <\/strong>S\u0142awek Chyli\u0144ski<\/p>\n","protected":false},"excerpt":{"rendered":"<p>Dzie\u0144 Papieski odbywa si\u0119 w rocznic\u0119 wyboru\u00a0Karola Wojty\u0142y na papie\u017ca\u00a0&#8211; w tym roku 44.\u00a0W ZSP Sadowne uroczysto\u015b\u0107 odby\u0142a si\u0119 17 pa\u017adziernika.<\/p>\n","protected":false},"author":1,"featured_media":0,"comment_status":"closed","ping_status":"closed","sticky":false,"template":"","format":"standard","meta":{"footnotes":""},"categories":[5,1752,85],"tags":[3853,3197],"class_list":["post-26454","post","type-post","status-publish","format-standard","hentry","category-newsy","category-edukacja","category-zsp","tag-xxii-dzien-papieski-w-zsp-sadowne","tag-zespol-szkol-ponadpodstawowych-w-sadownem"],"views":2552,"_links":{"self":[{"href":"http:\/\/info.sadowne.pl\/index.php?rest_route=\/wp\/v2\/posts\/26454","targetHints":{"allow":["GET"]}}],"collection":[{"href":"http:\/\/info.sadowne.pl\/index.php?rest_route=\/wp\/v2\/posts"}],"about":[{"href":"http:\/\/info.sadowne.pl\/index.php?rest_route=\/wp\/v2\/types\/post"}],"author":[{"embeddable":true,"href":"http:\/\/info.sadowne.pl\/index.php?rest_route=\/wp\/v2\/users\/1"}],"replies":[{"embeddable":true,"href":"http:\/\/info.sadowne.pl\/index.php?rest_route=%2Fwp%2Fv2%2Fcomments&post=26454"}],"version-history":[{"count":1,"href":"http:\/\/info.sadowne.pl\/index.php?rest_route=\/wp\/v2\/posts\/26454\/revisions"}],"predecessor-version":[{"id":26456,"href":"http:\/\/info.sadowne.pl\/index.php?rest_route=\/wp\/v2\/posts\/26454\/revisions\/26456"}],"wp:attachment":[{"href":"http:\/\/info.sadowne.pl\/index.php?rest_route=%2Fwp%2Fv2%2Fmedia&parent=26454"}],"wp:term":[{"taxonomy":"category","embeddable":true,"href":"http:\/\/info.sadowne.pl\/index.php?rest_route=%2Fwp%2Fv2%2Fcategories&post=26454"},{"taxonomy":"post_tag","embeddable":true,"href":"http:\/\/info.sadowne.pl\/index.php?rest_route=%2Fwp%2Fv2%2Ftags&post=26454"}],"curies":[{"name":"wp","href":"https:\/\/api.w.org\/{rel}","templated":true}]}}