{"id":26494,"date":"2022-10-21T17:26:46","date_gmt":"2022-10-21T15:26:46","guid":{"rendered":"http:\/\/info.sadowne.pl\/?p=26494"},"modified":"2022-10-21T17:26:46","modified_gmt":"2022-10-21T15:26:46","slug":"zaproszenie-na-konferencje","status":"publish","type":"post","link":"http:\/\/info.sadowne.pl\/?p=26494","title":{"rendered":"Zaproszenie na Konferencj\u0119"},"content":{"rendered":"<p><a href=\"http:\/\/info.sadowne.pl\/wp-content\/uploads\/2022\/10\/2022.10.21.1.jpg\"><img loading=\"lazy\" decoding=\"async\" class=\"alignleft wp-image-26495 size-thumbnail\" src=\"http:\/\/info.sadowne.pl\/wp-content\/uploads\/2022\/10\/2022.10.21.1-180x130.jpg\" alt=\"\" width=\"180\" height=\"130\" \/><\/a><\/p>\n<p><strong>Ruszy\u0142y zapisy na BEZP\u0141ATN\u0104 KONFERENCJ\u0118 \u201eUwolnij si\u0119. B\u0105d\u017a sob\u0105!\u201d, kt\u00f3ra odb\u0119dzie si\u0119 18 listopada 2022 r. w Ostrowi Mazowieckiej.<\/strong><strong>\u00a0<\/strong><!--more--><\/p>\n<p>Szpital w Ostrowi Mazowieckiej wraz z Poradni\u0105 Terapii Uzale\u017cnienia od Alkoholu i Wsp\u00f3\u0142uzale\u017cnienia <strong>zapraszaj\u0105 do udzia\u0142u w bezp\u0142atnej konferencji<\/strong>: rodzic\u00f3w\/opiekun\u00f3w prawnych dzieci i m\u0142odzie\u017cy, pedagog\u00f3w, nauczycieli, policjant\u00f3w, przedstawicieli s\u0142u\u017cby zdrowia oraz inne osoby, kt\u00f3rym na sercu le\u017cy dobro dzieci oraz m\u0142odzie\u017cy z terenu Miasta i Gminy Ostr\u00f3w Mazowiecka oraz Gminy Sadowne.<\/p>\n<p><strong>Celem konferencji jest<\/strong>: poszerzenie wiedzy oraz zwi\u0119kszenie umiej\u0119tno\u015bci z zakresu profilaktyki i stosowania wczesnej interwencji wobec dzieci i m\u0142odzie\u017cy zagro\u017conych lub uzale\u017cnionych od substancji psychoaktywnych, komputera\/Internetu, nowych technologii, pornografii i hazardu.<\/p>\n<p><strong>Wiod\u0105cym tematem konferencji<\/strong> s\u0105 uzale\u017cnienia dzieci i m\u0142odzie\u017cy. Wyk\u0142ady zaproponowane na konferencji pozwol\u0105 uczestnikom zrozumie\u0107 wp\u0142yw okresu pandemii i postpandemii na poziom uzale\u017cnienia w\u015br\u00f3d m\u0142odych ludzi, a tak\u017ce pozna\u0107 psychologiczne mechanizmy rozwoju uzale\u017cnie\u0144. Uczestnicy konferencji nie tylko wys\u0142uchaj\u0105 dw\u00f3ch ciekawych wyk\u0142ad\u00f3w, lecz tak\u017ce wezm\u0105 udzia\u0142 w panelu dyskusyjnym, podczas kt\u00f3rego b\u0119d\u0105 mogli zadawa\u0107 pytania prelegentom specjalizuj\u0105cym si\u0119 w dziedzinie uzale\u017cnie\u0144 behawioralnych i od substancji psychoaktywnych, na co dzie\u0144 pracuj\u0105cych z dzie\u0107mi i m\u0142odzie\u017c\u0105.<\/p>\n<p><strong>Ch\u0119\u0107 udzia\u0142u<\/strong> w konferencji nale\u017cy zg\u0142osi\u0107 pod numerem telefonu: 531 793 437 albo mailowo na adres: <a href=\"mailto:a.sliwinska@szpitalostrowmaz.pl\">a.sliwinska@szpitalostrowmaz.pl<\/a><\/p>\n<p><strong>\u201eZadanie dofinansowane ze \u015brodk\u00f3w z bud\u017cetu Wojew\u00f3dztwa Mazowieckiego\u201d<\/strong><\/p>\n<p>Szczeg\u00f3\u0142y na za\u0142\u0105czonych plakatach.<\/p>\n<p><a href=\"http:\/\/info.sadowne.pl\/wp-content\/uploads\/2022\/10\/2022.10.21.1.jpg\"><img loading=\"lazy\" decoding=\"async\" class=\"aligncenter size-full wp-image-26495\" src=\"http:\/\/info.sadowne.pl\/wp-content\/uploads\/2022\/10\/2022.10.21.1.jpg\" alt=\"\" width=\"608\" height=\"860\" srcset=\"http:\/\/info.sadowne.pl\/wp-content\/uploads\/2022\/10\/2022.10.21.1.jpg 608w, http:\/\/info.sadowne.pl\/wp-content\/uploads\/2022\/10\/2022.10.21.1-212x300.jpg 212w\" sizes=\"auto, (max-width: 608px) 100vw, 608px\" \/><\/a><\/p>\n<p><a href=\"http:\/\/info.sadowne.pl\/wp-content\/uploads\/2022\/10\/2022.10.21.2.jpg\"><img loading=\"lazy\" decoding=\"async\" class=\"aligncenter size-full wp-image-26496\" src=\"http:\/\/info.sadowne.pl\/wp-content\/uploads\/2022\/10\/2022.10.21.2.jpg\" alt=\"\" width=\"608\" height=\"860\" srcset=\"http:\/\/info.sadowne.pl\/wp-content\/uploads\/2022\/10\/2022.10.21.2.jpg 608w, http:\/\/info.sadowne.pl\/wp-content\/uploads\/2022\/10\/2022.10.21.2-212x300.jpg 212w\" sizes=\"auto, (max-width: 608px) 100vw, 608px\" \/><\/a><\/p>\n","protected":false},"excerpt":{"rendered":"<p>Ruszy\u0142y zapisy na BEZP\u0141ATN\u0104 KONFERENCJ\u0118 \u201eUwolnij si\u0119. B\u0105d\u017a sob\u0105!\u201d, kt\u00f3ra odb\u0119dzie si\u0119 18 listopada 2022 r. w Ostrowi Mazowieckiej.\u00a0<\/p>\n","protected":false},"author":1,"featured_media":0,"comment_status":"closed","ping_status":"closed","sticky":false,"template":"","format":"standard","meta":{"footnotes":""},"categories":[5,1,2495],"tags":[3857,3856],"class_list":["post-26494","post","type-post","status-publish","format-standard","hentry","category-newsy","category-inne","category-nasi-sasiedzi","tag-bezplatna-konferencje-uwolnij-sie-badz-soba","tag-szpital-w-ostrowi-mazowieckiej"],"views":1793,"_links":{"self":[{"href":"http:\/\/info.sadowne.pl\/index.php?rest_route=\/wp\/v2\/posts\/26494","targetHints":{"allow":["GET"]}}],"collection":[{"href":"http:\/\/info.sadowne.pl\/index.php?rest_route=\/wp\/v2\/posts"}],"about":[{"href":"http:\/\/info.sadowne.pl\/index.php?rest_route=\/wp\/v2\/types\/post"}],"author":[{"embeddable":true,"href":"http:\/\/info.sadowne.pl\/index.php?rest_route=\/wp\/v2\/users\/1"}],"replies":[{"embeddable":true,"href":"http:\/\/info.sadowne.pl\/index.php?rest_route=%2Fwp%2Fv2%2Fcomments&post=26494"}],"version-history":[{"count":1,"href":"http:\/\/info.sadowne.pl\/index.php?rest_route=\/wp\/v2\/posts\/26494\/revisions"}],"predecessor-version":[{"id":26497,"href":"http:\/\/info.sadowne.pl\/index.php?rest_route=\/wp\/v2\/posts\/26494\/revisions\/26497"}],"wp:attachment":[{"href":"http:\/\/info.sadowne.pl\/index.php?rest_route=%2Fwp%2Fv2%2Fmedia&parent=26494"}],"wp:term":[{"taxonomy":"category","embeddable":true,"href":"http:\/\/info.sadowne.pl\/index.php?rest_route=%2Fwp%2Fv2%2Fcategories&post=26494"},{"taxonomy":"post_tag","embeddable":true,"href":"http:\/\/info.sadowne.pl\/index.php?rest_route=%2Fwp%2Fv2%2Ftags&post=26494"}],"curies":[{"name":"wp","href":"https:\/\/api.w.org\/{rel}","templated":true}]}}