{"id":26534,"date":"2022-11-03T17:55:21","date_gmt":"2022-11-03T16:55:21","guid":{"rendered":"http:\/\/info.sadowne.pl\/?p=26534"},"modified":"2022-11-03T17:55:21","modified_gmt":"2022-11-03T16:55:21","slug":"wojt-gminy-sadowne-zaprasza","status":"publish","type":"post","link":"http:\/\/info.sadowne.pl\/?p=26534","title":{"rendered":"W\u00f3jt Gminy Sadowne zaprasza!"},"content":{"rendered":"<p><strong><a href=\"http:\/\/info.sadowne.pl\/wp-content\/uploads\/2022\/11\/2022.11.03.4.jpg\"><img loading=\"lazy\" decoding=\"async\" class=\"alignleft size-thumbnail wp-image-26535\" src=\"http:\/\/info.sadowne.pl\/wp-content\/uploads\/2022\/11\/2022.11.03.4-180x130.jpg\" alt=\"\" width=\"180\" height=\"130\" \/><\/a>W\u00f3jt Gminy Sadowne zaprasza na Obchody Narodowego \u015awi\u0119ta Niepodleg\u0142o\u015bci 11 Listopada w Gminie Sadowne.<\/strong><!--more--><\/p>\n<p><a href=\"http:\/\/info.sadowne.pl\/wp-content\/uploads\/2022\/11\/2022.11.03.4.jpg\"><img loading=\"lazy\" decoding=\"async\" class=\"aligncenter size-full wp-image-26535\" src=\"http:\/\/info.sadowne.pl\/wp-content\/uploads\/2022\/11\/2022.11.03.4.jpg\" alt=\"\" width=\"608\" height=\"860\" srcset=\"http:\/\/info.sadowne.pl\/wp-content\/uploads\/2022\/11\/2022.11.03.4.jpg 608w, http:\/\/info.sadowne.pl\/wp-content\/uploads\/2022\/11\/2022.11.03.4-212x300.jpg 212w\" sizes=\"auto, (max-width: 608px) 100vw, 608px\" \/><\/a><\/p>\n","protected":false},"excerpt":{"rendered":"<p>W\u00f3jt Gminy Sadowne zaprasza na Obchody Narodowego \u015awi\u0119ta Niepodleg\u0142o\u015bci 11 Listopada w Gminie Sadowne.<\/p>\n","protected":false},"author":1,"featured_media":0,"comment_status":"closed","ping_status":"closed","sticky":false,"template":"","format":"standard","meta":{"footnotes":""},"categories":[5,41],"tags":[1827,3863,3864,2240],"class_list":["post-26534","post","type-post","status-publish","format-standard","hentry","category-newsy","category-wiesci-gminne","tag-gmina-sadowne","tag-niepodlegla-do-hymnu","tag-piknik-niepodleglosciowy-w-sadownem","tag-swieto-niepodleglosci"],"views":2027,"_links":{"self":[{"href":"http:\/\/info.sadowne.pl\/index.php?rest_route=\/wp\/v2\/posts\/26534","targetHints":{"allow":["GET"]}}],"collection":[{"href":"http:\/\/info.sadowne.pl\/index.php?rest_route=\/wp\/v2\/posts"}],"about":[{"href":"http:\/\/info.sadowne.pl\/index.php?rest_route=\/wp\/v2\/types\/post"}],"author":[{"embeddable":true,"href":"http:\/\/info.sadowne.pl\/index.php?rest_route=\/wp\/v2\/users\/1"}],"replies":[{"embeddable":true,"href":"http:\/\/info.sadowne.pl\/index.php?rest_route=%2Fwp%2Fv2%2Fcomments&post=26534"}],"version-history":[{"count":1,"href":"http:\/\/info.sadowne.pl\/index.php?rest_route=\/wp\/v2\/posts\/26534\/revisions"}],"predecessor-version":[{"id":26536,"href":"http:\/\/info.sadowne.pl\/index.php?rest_route=\/wp\/v2\/posts\/26534\/revisions\/26536"}],"wp:attachment":[{"href":"http:\/\/info.sadowne.pl\/index.php?rest_route=%2Fwp%2Fv2%2Fmedia&parent=26534"}],"wp:term":[{"taxonomy":"category","embeddable":true,"href":"http:\/\/info.sadowne.pl\/index.php?rest_route=%2Fwp%2Fv2%2Fcategories&post=26534"},{"taxonomy":"post_tag","embeddable":true,"href":"http:\/\/info.sadowne.pl\/index.php?rest_route=%2Fwp%2Fv2%2Ftags&post=26534"}],"curies":[{"name":"wp","href":"https:\/\/api.w.org\/{rel}","templated":true}]}}