{"id":26584,"date":"2022-11-08T18:02:31","date_gmt":"2022-11-08T17:02:31","guid":{"rendered":"http:\/\/info.sadowne.pl\/?p=26584"},"modified":"2022-11-08T18:02:31","modified_gmt":"2022-11-08T17:02:31","slug":"umiemy-pomagac-zrobmy-to","status":"publish","type":"post","link":"http:\/\/info.sadowne.pl\/?p=26584","title":{"rendered":"Umiemy pomaga\u0107! Zr\u00f3bmy to!"},"content":{"rendered":"<p><strong><a href=\"http:\/\/info.sadowne.pl\/wp-content\/uploads\/2022\/11\/2022.11.08.1.jpg\" target=\"_blank\" rel=\"noopener\"><img loading=\"lazy\" decoding=\"async\" class=\"alignleft wp-image-26585 size-thumbnail\" src=\"http:\/\/info.sadowne.pl\/wp-content\/uploads\/2022\/11\/2022.11.08.1-180x130.jpg\" alt=\"\" width=\"180\" height=\"130\" \/><\/a>Pom\u00f3\u017cmy Arturowi postawi\u0107 pierwsze kroki. Trwa akcja zbi\u00f3rki funduszy na pionizator i codzienn\u0105 rehabilitacj\u0119 ch\u0142opca.<\/strong><!--more--><\/p>\n<p><em>Prosz\u0119 Pa\u0144stwa o pomoc \u2013 <\/em>w Internecie mo\u017cna przeczyta\u0107 apel, pro\u015bb\u0119 p. Karoliny Zawistowskiej, mamy chorego Artura. Dalej czytamy:<\/p>\n<p><em>M\u00f3j synek Artur urodzi\u0142 si\u0119 20 maja 2010 roku. W trakcie porodu dosz\u0142o do powik\u0142a\u0144. Artur po porodzie praktycznie nie p\u0142aka\u0142. Nie mia\u0142 si\u0142y.<\/em><\/p>\n<p><em>W pierwszych latach \u017cycia synek rozwija\u0142 si\u0119 wolniej ni\u017c inne dzieci. W wieku 3 lat zacz\u0105\u0142 chodzi\u0107. By\u0142 to dla nas cudowny czas, gdy nagle niespodziewanie dosta\u0142 ataku padaczki tak silnej, \u017ce spowodowa\u0142a zapalenie i obrz\u0119k m\u00f3zgu. Artur zosta\u0142 wprowadzony w stan \u015bpi\u0105czki farmakologicznej. Dodatkowo lekarze stwierdzili u niego zapalenie p\u0142uc. Gor\u0105czka d\u0142ugo nie chcia\u0142a ust\u0105pi\u0107. Powik\u0142aniami po tym zdarzeniu jest obecny stan mojego syna.<\/em><\/p>\n<p><em>Artur nie m\u00f3wi, nie chodzi. Potrafi siedzie\u0107 i podci\u0105ga\u0107 si\u0119 na kolana. Jest pampersowany. Potrafi da\u0107 sygna\u0142, \u017ce chce mu si\u0119 pi\u0107 lub, \u017ce czas na zmian\u0119 pieluchy.<\/em><\/p>\n<p><em>Jedyn\u0105 szans\u0105, aby m\u00f3j syn stan\u0105\u0142 kiedy\u015b na nogi, jest specjalistyczna rehabilitacja oraz niezb\u0119dny sprz\u0119t. 3 razy w tygodniu Artur ucz\u0119szcza na prywatn\u0105 rehabilitacj\u0119, kt\u00f3rej koszty ostatnio wzros\u0142y. Je\u017adzi r\u00f3wnie\u017c na lokomat do Wyszkowa.<\/em><\/p>\n<p><em>Na ten moment Synkowi potrzebny jest pionizator i codzienna rehabilitacja. Niestety koszty zakupu tego sprz\u0119tu oraz prywatna codzienna opieka o\u015brodka rehabilitacyjnego znacznie przekraczaj\u0105 m\u00f3j domowy bud\u017cet.<\/em><\/p>\n<p><strong><em>Prosz\u0119 Pa\u0144stwa o pomoc! Dzi\u0119ki tej zbi\u00f3rce m\u00f3j syn dostanie szans\u0119, aby kiedy\u015b stan\u0105\u0107 na w\u0142asnych nogach.<\/em><\/strong><\/p>\n<p><strong>Drodzy Pa\u0144stwo, umiemy pomaga\u0107!<\/strong> Pokazuj\u0105 to licytacje, kt\u00f3re prowadzone s\u0105 na rzecz Artura na stronie <span style=\"color: #0000ff;\"><strong><a style=\"color: #0000ff;\" href=\"https:\/\/www.facebook.com\/groups\/1109324529567845\/permalink\/1482975555536072\/\" target=\"_blank\" rel=\"noopener\">https:\/\/www.facebook.com\/groups\/1109324529567845\/permalink\/1482975555536072\/<\/a><\/strong><\/span>, a tak\u017ce zbi\u00f3rka funduszy na stronie <span style=\"color: #0000ff;\"><strong><a style=\"color: #0000ff;\" href=\"https:\/\/zrzutka.pl\/h7ytbv?fbclid=IwAR1sZCZN1HRo7vpVWEOnAmqNY3O6fctYaPzPeojBpJ0J4fi9CCJGeTElJzE\" target=\"_blank\" rel=\"noopener\">https:\/\/zrzutka.pl\/h7ytbv?fbclid=IwAR1sZCZN1HRo7vpVWEOnAmqNY3O6fctYaPzPeojBpJ0J4fi9CCJGeTElJzE<\/a><\/strong><\/span>. Zach\u0119cam do udzia\u0142u w tej akcji.<\/p>\n<p><strong>I uwaga!<\/strong> 11 listopada 2022 r. na parkingu przy Urz\u0119dzie Gminy w Sadownem, w ramach Obchod\u00f3w Narodowego \u015awi\u0119ta Niepodleg\u0142o\u015bci, odb\u0119dzie si\u0119 Piknik Niepodleg\u0142o\u015bciowy. <strong>Serdecznie zapraszamy tego dnia na stoisko Gminnego O\u015brodka Kultury w Sadownem, gdzie wolontariusze b\u0119d\u0105 prowadzi\u0107 loteri\u0119 z cennymi nagrodami, a tak\u017ce sprzedawa\u0107 ciasta z domowego wypieku<\/strong> \u2013 <span style=\"color: #ff0000;\"><strong>ca\u0142kowity doch\u00f3d z loterii i sprzeda\u017cy b\u0119dzie przeznaczony na rzecz pomocy dla Artura<\/strong><\/span>. Prosimy o udzia\u0142 w akcji oraz hojno\u015b\u0107, z kt\u00f3rej znana jest nasza spo\u0142eczno\u015b\u0107.<\/p>\n<p><strong>Pami\u0119tajmy: dobro wraca ze zdwojon\u0105 si\u0142\u0105! <\/strong><\/p>\n<p><strong>Tekst:<\/strong> S\u0142awek Chyli\u0144ski<\/p>\n","protected":false},"excerpt":{"rendered":"<p>Pom\u00f3\u017cmy Arturowi postawi\u0107 pierwsze kroki. Trwa akcja zbi\u00f3rki funduszy na pionizator i codzienn\u0105 rehabilitacj\u0119 ch\u0142opca.<\/p>\n","protected":false},"author":1,"featured_media":0,"comment_status":"closed","ping_status":"closed","sticky":false,"template":"","format":"standard","meta":{"footnotes":""},"categories":[5,1],"tags":[3868,3870,3869],"class_list":["post-26584","post","type-post","status-publish","format-standard","hentry","category-newsy","category-inne","tag-artur-zawistowski","tag-pomoc-dla-chorego","tag-zbiorka-na-rzecz-chorego-artura"],"views":1783,"_links":{"self":[{"href":"http:\/\/info.sadowne.pl\/index.php?rest_route=\/wp\/v2\/posts\/26584","targetHints":{"allow":["GET"]}}],"collection":[{"href":"http:\/\/info.sadowne.pl\/index.php?rest_route=\/wp\/v2\/posts"}],"about":[{"href":"http:\/\/info.sadowne.pl\/index.php?rest_route=\/wp\/v2\/types\/post"}],"author":[{"embeddable":true,"href":"http:\/\/info.sadowne.pl\/index.php?rest_route=\/wp\/v2\/users\/1"}],"replies":[{"embeddable":true,"href":"http:\/\/info.sadowne.pl\/index.php?rest_route=%2Fwp%2Fv2%2Fcomments&post=26584"}],"version-history":[{"count":1,"href":"http:\/\/info.sadowne.pl\/index.php?rest_route=\/wp\/v2\/posts\/26584\/revisions"}],"predecessor-version":[{"id":26586,"href":"http:\/\/info.sadowne.pl\/index.php?rest_route=\/wp\/v2\/posts\/26584\/revisions\/26586"}],"wp:attachment":[{"href":"http:\/\/info.sadowne.pl\/index.php?rest_route=%2Fwp%2Fv2%2Fmedia&parent=26584"}],"wp:term":[{"taxonomy":"category","embeddable":true,"href":"http:\/\/info.sadowne.pl\/index.php?rest_route=%2Fwp%2Fv2%2Fcategories&post=26584"},{"taxonomy":"post_tag","embeddable":true,"href":"http:\/\/info.sadowne.pl\/index.php?rest_route=%2Fwp%2Fv2%2Ftags&post=26584"}],"curies":[{"name":"wp","href":"https:\/\/api.w.org\/{rel}","templated":true}]}}