{"id":26619,"date":"2022-11-15T15:23:30","date_gmt":"2022-11-15T14:23:30","guid":{"rendered":"http:\/\/info.sadowne.pl\/?p=26619"},"modified":"2022-11-15T15:23:30","modified_gmt":"2022-11-15T14:23:30","slug":"spotkanie-z-mikolajem","status":"publish","type":"post","link":"http:\/\/info.sadowne.pl\/?p=26619","title":{"rendered":"Spotkanie z Miko\u0142ajem"},"content":{"rendered":"<p><strong><a href=\"http:\/\/info.sadowne.pl\/wp-content\/uploads\/2022\/11\/2022.11.15.11.jpg\"><img loading=\"lazy\" decoding=\"async\" class=\"alignleft size-thumbnail wp-image-26620\" src=\"http:\/\/info.sadowne.pl\/wp-content\/uploads\/2022\/11\/2022.11.15.11-180x130.jpg\" alt=\"\" width=\"180\" height=\"130\" \/><\/a>6 grudnia br. na skwerze przy ko\u015bciele w Sadownem odb\u0119dzie si\u0119 Spotkanie z Miko\u0142ajem. W imieniu organizator\u00f3w serdecznie zapraszamy!<\/strong><!--more--><\/p>\n<p><a href=\"http:\/\/info.sadowne.pl\/wp-content\/uploads\/2022\/11\/2022.11.15.11.jpg\"><img loading=\"lazy\" decoding=\"async\" class=\"aligncenter size-full wp-image-26620\" src=\"http:\/\/info.sadowne.pl\/wp-content\/uploads\/2022\/11\/2022.11.15.11.jpg\" alt=\"\" width=\"608\" height=\"860\" srcset=\"http:\/\/info.sadowne.pl\/wp-content\/uploads\/2022\/11\/2022.11.15.11.jpg 608w, http:\/\/info.sadowne.pl\/wp-content\/uploads\/2022\/11\/2022.11.15.11-212x300.jpg 212w\" sizes=\"auto, (max-width: 608px) 100vw, 608px\" \/><\/a><\/p>\n","protected":false},"excerpt":{"rendered":"<p>6 grudnia br. na skwerze przy ko\u015bciele w Sadownem odb\u0119dzie si\u0119 Spotkanie z Miko\u0142ajem. W imieniu organizator\u00f3w serdecznie zapraszamy!<\/p>\n","protected":false},"author":1,"featured_media":0,"comment_status":"closed","ping_status":"closed","sticky":false,"template":"","format":"standard","meta":{"footnotes":""},"categories":[5,91,6],"tags":[169,3873],"class_list":["post-26619","post","type-post","status-publish","format-standard","hentry","category-newsy","category-gminny-osrodek-kultury","category-kultura-rozrywka-edukacja","tag-gminny-osrodek-kultury-w-sadownem","tag-spotkanie-z-mikolajem-w-sadownem"],"views":1915,"_links":{"self":[{"href":"http:\/\/info.sadowne.pl\/index.php?rest_route=\/wp\/v2\/posts\/26619","targetHints":{"allow":["GET"]}}],"collection":[{"href":"http:\/\/info.sadowne.pl\/index.php?rest_route=\/wp\/v2\/posts"}],"about":[{"href":"http:\/\/info.sadowne.pl\/index.php?rest_route=\/wp\/v2\/types\/post"}],"author":[{"embeddable":true,"href":"http:\/\/info.sadowne.pl\/index.php?rest_route=\/wp\/v2\/users\/1"}],"replies":[{"embeddable":true,"href":"http:\/\/info.sadowne.pl\/index.php?rest_route=%2Fwp%2Fv2%2Fcomments&post=26619"}],"version-history":[{"count":1,"href":"http:\/\/info.sadowne.pl\/index.php?rest_route=\/wp\/v2\/posts\/26619\/revisions"}],"predecessor-version":[{"id":26621,"href":"http:\/\/info.sadowne.pl\/index.php?rest_route=\/wp\/v2\/posts\/26619\/revisions\/26621"}],"wp:attachment":[{"href":"http:\/\/info.sadowne.pl\/index.php?rest_route=%2Fwp%2Fv2%2Fmedia&parent=26619"}],"wp:term":[{"taxonomy":"category","embeddable":true,"href":"http:\/\/info.sadowne.pl\/index.php?rest_route=%2Fwp%2Fv2%2Fcategories&post=26619"},{"taxonomy":"post_tag","embeddable":true,"href":"http:\/\/info.sadowne.pl\/index.php?rest_route=%2Fwp%2Fv2%2Ftags&post=26619"}],"curies":[{"name":"wp","href":"https:\/\/api.w.org\/{rel}","templated":true}]}}