{"id":27111,"date":"2023-02-03T16:48:43","date_gmt":"2023-02-03T15:48:43","guid":{"rendered":"http:\/\/info.sadowne.pl\/?p=27111"},"modified":"2023-02-03T16:49:07","modified_gmt":"2023-02-03T15:49:07","slug":"wegrowscy-policjanci-zatrzymali-podpalacza","status":"publish","type":"post","link":"http:\/\/info.sadowne.pl\/?p=27111","title":{"rendered":"W\u0119growscy policjanci zatrzymali podpalacza"},"content":{"rendered":"<p><strong><a href=\"http:\/\/info.sadowne.pl\/wp-content\/uploads\/2015\/04\/komisariat-3.jpg\"><img loading=\"lazy\" decoding=\"async\" class=\"alignleft size-thumbnail wp-image-8553\" src=\"http:\/\/info.sadowne.pl\/wp-content\/uploads\/2015\/04\/komisariat-3-180x130.jpg\" alt=\"\" width=\"180\" height=\"130\" \/><\/a>W\u0119growscy kryminalni ustalili i zatrzymali 29-letniego mieszka\u0144ca pow. w\u0119growskiego, kt\u00f3ry we wrze\u015bniu podpali\u0142 las w Ziele\u0144cu. <\/strong><!--more--><\/p>\n<p><strong>M\u0119\u017cczyzna us\u0142ysza\u0142 zarzut. Ponadto prokurator zastosowa\u0142 wobec niego doz\u00f3r policji.<\/strong><\/p>\n<p>Z po\u017carami w Ziele\u0144cu zmagali\u015bmy od blisko 4 lat. Zar\u00f3wno policjanci jak i stra\u017cacy wsp\u00f3lnie z le\u015bnikami wykonali szereg czynno\u015bci, aby zaprzesta\u0107 temu zjawisku, kt\u00f3re wzbudza\u0142o niepok\u00f3j w\u015br\u00f3d lokalnej spo\u0142eczno\u015bci oraz powodowa\u0142o szkody w \u015bci\u00f3\u0142ce le\u015bnej oraz drzewostanie. Policjanci z Komendy Powiatowej Policji w W\u0119growie oraz Komisariatu Policji w \u0141ochowie spraw\u0119 po\u017car\u00f3w traktowali priorytetowo. Dzi\u0119ki wsp\u00f3\u0142pracy tak wielu s\u0142u\u017cb pod koniec minionego roku ustalono sprawc\u0119. Mundurowi zatrzymali 29-letniego m\u0119\u017cczyzn\u0119 mieszka\u0144ca pow. w\u0119growskiego, kt\u00f3ry przyzna\u0142 si\u0119 do podpalenia \u015bci\u00f3\u0142ki le\u015bnej we wrze\u015bniu 2022 roku w lesie na terenie Ziele\u0144ca. M\u0119\u017cczyzna us\u0142ysza\u0142 zarzut sprowadzenia bezpo\u015bredniego niebezpiecze\u0144stwa,\u00a0 za co grozi kara pozbawienia wolno\u015bci do lat 8. Ponadto prokurator zastosowa\u0142 wobec niego doz\u00f3r policji. Teraz czeka m\u0119\u017cczyzn\u0119 sprawa w s\u0105dzie.<\/p>\n<p><strong>m\u0142. asp. Monika Ksi\u0119\u017copolska<\/strong><\/p>\n<p><strong>\u0179r\u00f3d\u0142o:<\/strong> <span style=\"color: #0000ff;\"><a style=\"color: #0000ff;\" href=\"https:\/\/mazowiecka.policja.gov.pl\/wwe\/aktualnosci\/75747,Wegrowscy-policjanci-zatrzymali-mezczyzne-ktory-podpalil-las.html\" target=\"_blank\" rel=\"noopener\">https:\/\/mazowiecka.policja.gov.pl\/wwe\/aktualnosci\/75747,Wegrowscy-policjanci-zatrzymali-mezczyzne-ktory-podpalil-las.html<\/a><\/span><\/p>\n<p>&nbsp;<\/p>\n","protected":false},"excerpt":{"rendered":"<p>W\u0119growscy kryminalni ustalili i zatrzymali 29-letniego mieszka\u0144ca pow. w\u0119growskiego, kt\u00f3ry we wrze\u015bniu podpali\u0142 las w Ziele\u0144cu.<\/p>\n","protected":false},"author":1,"featured_media":0,"comment_status":"closed","ping_status":"closed","sticky":false,"template":"","format":"standard","meta":{"footnotes":""},"categories":[5,266,4],"tags":[261,3917],"class_list":["post-27111","post","type-post","status-publish","format-standard","hentry","category-newsy","category-policja-policja-straz-pozarna-pogotowie-ratunkowe","category-policja-straz-pozarna-pogotowie-ratunkowe","tag-komenda-powiatowa-policji-w-wegrowie","tag-wegrowscy-policjanci-zatrzymali-podpalacza"],"views":1842,"_links":{"self":[{"href":"http:\/\/info.sadowne.pl\/index.php?rest_route=\/wp\/v2\/posts\/27111","targetHints":{"allow":["GET"]}}],"collection":[{"href":"http:\/\/info.sadowne.pl\/index.php?rest_route=\/wp\/v2\/posts"}],"about":[{"href":"http:\/\/info.sadowne.pl\/index.php?rest_route=\/wp\/v2\/types\/post"}],"author":[{"embeddable":true,"href":"http:\/\/info.sadowne.pl\/index.php?rest_route=\/wp\/v2\/users\/1"}],"replies":[{"embeddable":true,"href":"http:\/\/info.sadowne.pl\/index.php?rest_route=%2Fwp%2Fv2%2Fcomments&post=27111"}],"version-history":[{"count":2,"href":"http:\/\/info.sadowne.pl\/index.php?rest_route=\/wp\/v2\/posts\/27111\/revisions"}],"predecessor-version":[{"id":27113,"href":"http:\/\/info.sadowne.pl\/index.php?rest_route=\/wp\/v2\/posts\/27111\/revisions\/27113"}],"wp:attachment":[{"href":"http:\/\/info.sadowne.pl\/index.php?rest_route=%2Fwp%2Fv2%2Fmedia&parent=27111"}],"wp:term":[{"taxonomy":"category","embeddable":true,"href":"http:\/\/info.sadowne.pl\/index.php?rest_route=%2Fwp%2Fv2%2Fcategories&post=27111"},{"taxonomy":"post_tag","embeddable":true,"href":"http:\/\/info.sadowne.pl\/index.php?rest_route=%2Fwp%2Fv2%2Ftags&post=27111"}],"curies":[{"name":"wp","href":"https:\/\/api.w.org\/{rel}","templated":true}]}}