{"id":27118,"date":"2023-02-07T14:19:22","date_gmt":"2023-02-07T13:19:22","guid":{"rendered":"http:\/\/info.sadowne.pl\/?p=27118"},"modified":"2023-02-07T14:19:22","modified_gmt":"2023-02-07T13:19:22","slug":"kapliczka-na-draku-i-jej-opiekunowie","status":"publish","type":"post","link":"http:\/\/info.sadowne.pl\/?p=27118","title":{"rendered":"Kapliczka na Draku i jej opiekunowie"},"content":{"rendered":"<p><a href=\"http:\/\/info.sadowne.pl\/wp-content\/uploads\/2023\/02\/2023.02.07.1.jpg\" target=\"_blank\" rel=\"noopener\"><img loading=\"lazy\" decoding=\"async\" class=\"alignleft wp-image-27119 size-thumbnail\" src=\"http:\/\/info.sadowne.pl\/wp-content\/uploads\/2023\/02\/2023.02.07.1-180x130.jpg\" alt=\"\" width=\"180\" height=\"130\" \/><\/a><strong>Mieszka\u0144cy Sok\u00f3\u0142ki prosz\u0105 o uzupe\u0142nienie historii kapliczki Matki Boskiej Jasnog\u00f3rskiej z sadowie\u0144skiego Draku.<\/strong><!--more--><\/p>\n<p>Nie tak dawno mieli\u015bmy przyjemno\u015b\u0107 bra\u0107 udzia\u0142 w promocji nowowydanej ksi\u0105\u017cki p. Zofii Pacz\u00f3skiej pt. \u201eTajemnice mazowieckich kapliczek i krzy\u017cy przydro\u017cnych\u201d. W\u015br\u00f3d opisanych w niej historii kapliczek i krzy\u017cy znalaz\u0142o r\u00f3wnie\u017c swoje miejsce kilka z terenu gminy Sadowne (zapraszamy do lektury tej pozycji ksi\u0105\u017ckowej dost\u0119pnej w Gminnej Bibliotece Publicznej w Sadownem).<\/p>\n<p>Postanowili\u015bmy przedstawi\u0107 Pa\u0144stwu jedn\u0105 z takich historii, kt\u00f3r\u0105 zapisa\u0142a i zg\u0142osi\u0142a do konkursu literacko \u2013 historycznego Katarzyna Bujalska ze Szko\u0142y Podstawowej im. b\u0142. ks. E. Grzyma\u0142y w Sadownem, a dotyczy ona kapliczki na starej so\u015bnie przy ul. Drak w Sadownem. Opis ten, jak te\u017c pozosta\u0142e, zosta\u0142 nast\u0119pnie opracowany przez autork\u0119 ksi\u0105\u017cki \u201eTajemnice mazowieckich kapliczek i krzy\u017cy przydro\u017cnych\u201d na potrzeby wydania ksi\u0105\u017ckowego.<\/p>\n<p>Sk\u0105d pomys\u0142 przedstawienia Pa\u0144stwu tej historii? Ot\u00f3\u017c, tu\u017c po internetowej promocji ksi\u0105\u017cki, w imieniu mieszka\u0144c\u00f3w Sok\u00f3\u0142ki z pro\u015bb\u0105 o uzupe\u0142nienie tej historii wyst\u0105pi\u0142 p. Zbigniew Maliszewski. Przychylamy si\u0119 wi\u0119c do tej pro\u015bby.<\/p>\n<p>Na pocz\u0105tek zapoznajmy si\u0119 z opublikowan\u0105 histori\u0105 wspomnianej kapliczki na starej so\u015bnie w Sadownem:<\/p>\n<p><a href=\"http:\/\/info.sadowne.pl\/wp-content\/uploads\/2023\/02\/2023.02.07.1.jpg\" target=\"_blank\" rel=\"noopener\"><img loading=\"lazy\" decoding=\"async\" class=\"alignright wp-image-27119 size-medium\" src=\"http:\/\/info.sadowne.pl\/wp-content\/uploads\/2023\/02\/2023.02.07.1-181x300.jpg\" alt=\"\" width=\"181\" height=\"300\" srcset=\"http:\/\/info.sadowne.pl\/wp-content\/uploads\/2023\/02\/2023.02.07.1-181x300.jpg 181w, http:\/\/info.sadowne.pl\/wp-content\/uploads\/2023\/02\/2023.02.07.1.jpg 485w\" sizes=\"auto, (max-width: 181px) 100vw, 181px\" \/><\/a><\/p>\n<p><em>\u201eNa przydro\u017cnym drzewie w miejscowo\u015bci Sadowne, przy ul. Drak, znajduje si\u0119 ma\u0142a kapliczka.<\/em> <em>Drzewo po wielu wypadkach losowych jest ju\u017c mocno zniszczone. Historia, kt\u00f3ra wi\u0105\u017ce si\u0119 z ow\u0105 kapliczk\u0105, przekazywana jest z ust do ust, z pokolenia na pokolenie i si\u0119ga czas\u00f3w I wojny \u015bwiatowej. <\/em><\/p>\n<p><em>Wojska stacjonuj\u0105ce w lasach Sadownego toczy\u0142y wtedy wiele krwawych walk, a ofiary by\u0142y grzebane w zbiorowej mogile. By upami\u0119tni\u0107 te wydarzenia i \u017co\u0142niersk\u0105 ofiar\u0119 \u017cycia, zosta\u0142a zrobiona i zawieszona przez miejscowego stolarza kapliczka, w kt\u00f3rej znajduje si\u0119 obraz Matki Boskiej Jasnog\u00f3rskiej.<\/em><\/p>\n<p><em>Kapliczka jest wykonana z drewna, pomalowana zielon\u0105 farb\u0105. Ma form\u0119 szafki, jest przeszklona od frontu. Pokryta jest dwuspadowym daszkiem, ozdobiona rze\u017abionymi elementami. Na daszku jest umiejscowiony krzy\u017c. Pod kapliczk\u0105, na pniu drzewa, zawieszone s\u0105 dwa medaliony: Pana Jezusa i Matki Boskiej, kt\u00f3re symbolizuj\u0105 wiar\u0119, nadziej\u0119 i podzi\u0119kowanie. Pie\u0144 opleciony jest bluszczem i udekorowany sztucznymi kwiatami. Kapliczka wisi na pniu starej sosny, kt\u00f3rej obw\u00f3d pnia ma oko\u0142o 150 cm. Drzewo mia\u0142o wysoko\u015b\u0107 oko\u0142o 15 metr\u00f3w, ale pewnego dnia przysz\u0142a burza, w sosn\u0119 trafi\u0142 piorun i sosna rozpad\u0142a si\u0119. Pozosta\u0142o z niej niewiele, oko\u0142o 2 metr\u00f3w wysoko\u015bci. Na szcz\u0119\u015bcie kapliczka ocala\u0142a. Sosna zosta\u0142a wyr\u00f3wnana i zabezpieczona od g\u00f3ry plastikowym daszkiem. Mieszka\u0144cy Sadownego postanowili to miejsce jeszcze bardziej uhonorowa\u0107. U\u0142o\u017cyli p\u0142yty w formie schod\u00f3w. Stawiaj\u0105 na nich znicze i k\u0142ad\u0105 kwiaty. Zwyczajem tu przyj\u0119tym jest, \u017ce gdy przechodz\u0105 ko\u0142o kapliczki, zatrzymuj\u0105 si\u0119 i wykonuj\u0105 znak krzy\u017ca. Kapliczka nieustannie przypomina histori\u0119 o ludziach i wydarzeniach sprzed lat.\u201d<\/em><\/p>\n<p>Uzupe\u0142niamy powy\u017csz\u0105 histori\u0119 kapliczki o przekazan\u0105 przez p. Zbigniewa Maliszewskiego z Sok\u00f3\u0142ki pisemn\u0105 informacj\u0119:<\/p>\n<p><em>\u201ePrzed kilkoma laty wichura powali\u0142a wiele drzew w rejonie Sadownego m.in. z\u0142ama\u0142a wiekow\u0105 sosn\u0119, na kt\u00f3rej by\u0142a umieszczona kapliczka \u2013 przy drodze z m. Sadowne do Sok\u00f3\u0142ki. Drzewo coraz bardziej niszcza\u0142o.<\/em><\/p>\n<p><em>Pewnego razu zwr\u00f3ci\u0142y si\u0119 do mnie dwie mieszkanki Sok\u00f3\u0142ki Panie: Makarska i Nosalowa z pro\u015bb\u0105, co mo\u017cna zrobi\u0107, aby uratowa\u0107 kapliczk\u0119, poniewa\u017c w opinii ich dziadk\u00f3w kapliczka zawsze tam by\u0142a.<\/em><\/p>\n<p><em>\u00a0Obieca\u0142em, \u017ce przeprowadz\u0119 rozeznanie w rozmowie z le\u015bniczym czy mo\u017cna cokolwiek robi\u0107 na obszarze le\u015bnym. Um\u00f3wi\u0142em si\u0119 na nast\u0119pne spotkanie, na kt\u00f3rym zosta\u0142em poinformowany, \u017ce nie ma przeciwwskaza\u0144 ze strony las\u00f3w, poniewa\u017c kapliczka usytuowana jest w pasie drogowym. Po uzyskaniu opinii le\u015bnictwa naszkicowa\u0142em jak wyobra\u017cam renowacj\u0119 kapliczki.<\/em><\/p>\n<p><em>Kupi\u0142em du\u017c\u0105 mis\u0119 ogrodnicz\u0105, na kt\u00f3rej b\u0119dzie umocowana kopu\u0142a ze stali nierdzewnej z krzy\u017cem. Kopu\u0142\u0119 wykonano wed\u0142ug mego szkicu w przedsi\u0119biorstwie \u201eAGROLA\u201d P\u0142atkownica. Z synem Pani Makarskiej wyr\u00f3wnali\u015bmy postrz\u0119piony pie\u0144 i zamocowali\u015bmy powy\u017csz\u0105 kopu\u0142\u0119.<\/em><\/p>\n<p><em>W dalszym etapie przeprowadzi\u0142em dekoracj\u0119 oplataj\u0105c pie\u0144 sztucznymi pn\u0105czami i kwiatami \u2013 kt\u00f3re w miar\u0119 potrzeby wymieniam na nowe.<\/em><\/p>\n<p><em>Pod korzeniami pnia odkopa\u0142em dwa stare ryngrafy, kt\u00f3re po renowacji r\u00f3wnie\u017c umie\u015bci\u0142em na pniu kapliczki.<\/em><\/p>\n<p><em>W zak\u0142adzie kamieniarskim oraz w \u201eSADPOL-u\u201d zakupi\u0142em p\u0142yt\u0119 kamienn\u0105 i pozosta\u0142e p\u0142yty, kraw\u0119\u017cniki, z kt\u00f3rych wykona\u0142em o\u0142tarz, oraz opraw\u0119 kapliczki wraz ze \u015bcie\u017ck\u0105 dochodz\u0105c\u0105 do niej.<\/em><\/p>\n<p><em>Informacje w Internecie, \u017ce prace renowacyjne przeprowadzili mieszka\u0144cy Sadownego i otaczaj\u0105 ci\u0105g\u0142\u0105 opiek\u0105 s\u0105 nieprawdziwe. <\/em><\/p>\n<p><em>Osobami zaanga\u017cowanymi w renowacj\u0119 byli wy\u017cej wymienieni:<\/em><\/p>\n<p><em>\u2013 Pa\u0144stwo Makarscy, kt\u00f3rzy proponowali mi udzia\u0142 w kosztach \u2013 z czego nie skorzysta\u0142em, ale jestem pe\u0142en uznania za zaanga\u017cowanie.<\/em><\/p>\n<p><em>&#8211; Pan Niegowski \u2013 w\u0142a\u015bciciel \u201eAGROLI\u201d, kt\u00f3ry wykona\u0142 kopu\u0142\u0119 odmawiaj\u0105c przyj\u0119cia wynagrodzenia.<\/em><\/p>\n<p><em>&#8211; Pan Rosa w\u0142a\u015bciciel zak\u0142adu fotograficznego rejestruj\u0105c r\u00f3wnie\u017c nieodp\u0142atnie etapy renowacji.\u201d<\/em><\/p>\n<p><strong>Tekst:<\/strong> S\u0142awek Chyli\u0144ski<\/p>\n<p><strong>Foto:<\/strong> Aga Kr\u00f3l &#8211; \u201eTajemnice mazowieckich kapliczek i krzy\u017cy przydro\u017cnych\u201d<\/p>\n","protected":false},"excerpt":{"rendered":"<p>Mieszka\u0144cy Sok\u00f3\u0142ki prosz\u0105 o uzupe\u0142nienie historii kapliczki Matki Boskiej Jasnog\u00f3rskiej z sadowie\u0144skiego Draku.<\/p>\n","protected":false},"author":1,"featured_media":0,"comment_status":"closed","ping_status":"closed","sticky":false,"template":"","format":"standard","meta":{"footnotes":""},"categories":[5,1],"tags":[3885,3920],"class_list":["post-27118","post","type-post","status-publish","format-standard","hentry","category-newsy","category-inne","tag-tajemnice-mazowieckich-kapliczek-i-krzyzy-przydroznych","tag-kapliczka-matki-boskiej-jasnogorskiej-w-sadownem"],"views":2528,"_links":{"self":[{"href":"http:\/\/info.sadowne.pl\/index.php?rest_route=\/wp\/v2\/posts\/27118","targetHints":{"allow":["GET"]}}],"collection":[{"href":"http:\/\/info.sadowne.pl\/index.php?rest_route=\/wp\/v2\/posts"}],"about":[{"href":"http:\/\/info.sadowne.pl\/index.php?rest_route=\/wp\/v2\/types\/post"}],"author":[{"embeddable":true,"href":"http:\/\/info.sadowne.pl\/index.php?rest_route=\/wp\/v2\/users\/1"}],"replies":[{"embeddable":true,"href":"http:\/\/info.sadowne.pl\/index.php?rest_route=%2Fwp%2Fv2%2Fcomments&post=27118"}],"version-history":[{"count":1,"href":"http:\/\/info.sadowne.pl\/index.php?rest_route=\/wp\/v2\/posts\/27118\/revisions"}],"predecessor-version":[{"id":27120,"href":"http:\/\/info.sadowne.pl\/index.php?rest_route=\/wp\/v2\/posts\/27118\/revisions\/27120"}],"wp:attachment":[{"href":"http:\/\/info.sadowne.pl\/index.php?rest_route=%2Fwp%2Fv2%2Fmedia&parent=27118"}],"wp:term":[{"taxonomy":"category","embeddable":true,"href":"http:\/\/info.sadowne.pl\/index.php?rest_route=%2Fwp%2Fv2%2Fcategories&post=27118"},{"taxonomy":"post_tag","embeddable":true,"href":"http:\/\/info.sadowne.pl\/index.php?rest_route=%2Fwp%2Fv2%2Ftags&post=27118"}],"curies":[{"name":"wp","href":"https:\/\/api.w.org\/{rel}","templated":true}]}}