{"id":27273,"date":"2023-03-17T17:05:51","date_gmt":"2023-03-17T16:05:51","guid":{"rendered":"http:\/\/info.sadowne.pl\/?p=27273"},"modified":"2023-03-17T17:05:51","modified_gmt":"2023-03-17T16:05:51","slug":"targi-edukacyjne-powiatu-wegrowskiego","status":"publish","type":"post","link":"http:\/\/info.sadowne.pl\/?p=27273","title":{"rendered":"Targi Edukacyjne Powiatu W\u0119growskiego"},"content":{"rendered":"<p><a href=\"http:\/\/info.sadowne.pl\/wp-content\/uploads\/2023\/03\/2023.03.17.1.jpg\" target=\"_blank\" rel=\"noopener\"><img loading=\"lazy\" decoding=\"async\" class=\"alignleft wp-image-27274 size-thumbnail\" src=\"http:\/\/info.sadowne.pl\/wp-content\/uploads\/2023\/03\/2023.03.17.1-180x130.jpg\" alt=\"\" width=\"180\" height=\"130\" \/><\/a><\/p>\n<p><strong>17 marca w W\u0119growie odby\u0142y si\u0119 Targi Edukacyjne Powiatu W\u0119growskiego. Swoj\u0105 propozycj\u0119 edukacyjn\u0105 zaprezentowa\u0142 r\u00f3wnie\u017c ZSP w Sadownem.<\/strong><!--more--><\/p>\n<p>Ju\u017c po raz kolejny w hali sportowej Zespo\u0142u Szk\u00f3\u0142 Ponadpodstawowych im. Jana Kochanowskiego w W\u0119growie odby\u0142y si\u0119 Targi Edukacyjne Powiatu W\u0119growskiego. Ich Organizatorem by\u0142o Starostwo Powiatowe w W\u0119growie, w imieniu kt\u00f3rego obecnych powita\u0142a p. Ewa Besztak \u2013 Starosta Powiatowy. \u00a0Patronat honorowy nad Targami sprawowa\u0142a Senator RP p. Maria Koc.<\/p>\n<p>Propozycje edukacyjne dla uczni\u00f3w szk\u00f3\u0142 podstawowych, w tym przyby\u0142ych tu r\u00f3wnie\u017c z terenu gminy Sadowne, przedstawi\u0142y wszystkie szko\u0142y \u015brednie, kt\u00f3re funkcjonuj\u0105 w naszym powiecie. W Targach wzi\u0119\u0142y r\u00f3wnie\u017c instytucje, s\u0142u\u017cby oraz plac\u00f3wki o\u015bwiatowe, kt\u00f3rych propozycje nauki i pracy skierowane by\u0142y do absolwent\u00f3w szk\u00f3\u0142 \u015brednich \u2013 r\u00f3wnie\u017c tych sprzed kilku lat.<\/p>\n<p>Swoj\u0105 propozycj\u0119 edukacyjn\u0105 przedstawi\u0142 r\u00f3wnie\u017c Zesp\u00f3\u0142 Szk\u00f3\u0142 Ponadpodstawowych w Sadownem. Uczniowie \u201eOrkana\u201d, g\u0142\u00f3wnie Technikum \u017bywienia i Us\u0142ug Gastronomicznych, jak zwykle byli \u015bwietnie przygotowani &#8211; nie tylko w zakresie przekazywania informacji ustnej o swojej szkole, ale te\u017c wizualnym z mo\u017cliwo\u015bci\u0105 organoleptycznego sprawdzenia wynik\u00f3w osi\u0105ganej w niej wiedzy. Chodzi oczywi\u015bcie o wystawne stoisko ze s\u0142odko\u015bciami, carvingiem i drinkami bezalkoholowymi, kt\u00f3re sprawnie obs\u0142ugiwali aktualni uczniowie Technikum. Nie jest te\u017c zaskoczeniem, \u017ce stoisko ZSP w Sadownem by\u0142o najbardziej oblegane na tych Targach.<\/p>\n<p>Zadowolenia z tego powodu nie kryli pedagodzy sadowie\u0144skiej szko\u0142y, kt\u00f3rzy przybyli tu wraz ze swoim uczniami: p. S\u0142awomir Ryszawa \u2013 Dyrektor ZSP, p. Kamil Kie\u0142ek \u2013 Jego Zast\u0119pca, p. Magdalena Figo\u0144 , p. Sylwia Rosi\u0144ska i p. Wojciech \u0141opaci\u0144ski. Swoje uznanie dla prezentacji szko\u0142y przekazali r\u00f3wnie\u017c Organizatorzy Targ\u00f3w oraz go\u015bcie, w tym nas parlamentarzy\u015bci..<\/p>\n<p>\u017badna tre\u015b\u0107 nie odda jako\u015bci element\u00f3w promocyjnych. Obejrzyjmy wi\u0119c broszurk\u0119 Zespo\u0142u Szk\u00f3\u0142 Ponadpodstawowych w Sadownem, a tak\u017ce fotorelacj\u0119 z Targ\u00f3w.<\/p>\n<p><span style=\"color: #0000ff;\"><a style=\"color: #0000ff;\" href=\"https:\/\/photos.app.goo.gl\/Rp4tiV9Qr2mtwvdV7\" target=\"_blank\" rel=\"noopener\"><strong>Zdj\u0119cia w galerii Google&gt;&gt;&gt;<\/strong><\/a><\/span><\/p>\n<p><a href=\"http:\/\/info.sadowne.pl\/wp-content\/uploads\/2023\/03\/2023.03.17.2.jpg\"><img loading=\"lazy\" decoding=\"async\" class=\"aligncenter size-full wp-image-27275\" src=\"http:\/\/info.sadowne.pl\/wp-content\/uploads\/2023\/03\/2023.03.17.2.jpg\" alt=\"\" width=\"608\" height=\"442\" srcset=\"http:\/\/info.sadowne.pl\/wp-content\/uploads\/2023\/03\/2023.03.17.2.jpg 608w, http:\/\/info.sadowne.pl\/wp-content\/uploads\/2023\/03\/2023.03.17.2-300x218.jpg 300w, http:\/\/info.sadowne.pl\/wp-content\/uploads\/2023\/03\/2023.03.17.2-180x130.jpg 180w\" sizes=\"auto, (max-width: 608px) 100vw, 608px\" \/><\/a><\/p>\n<p><a href=\"http:\/\/info.sadowne.pl\/wp-content\/uploads\/2023\/03\/2023.03.17.3.jpg\"><img loading=\"lazy\" decoding=\"async\" class=\"aligncenter size-full wp-image-27276\" src=\"http:\/\/info.sadowne.pl\/wp-content\/uploads\/2023\/03\/2023.03.17.3.jpg\" alt=\"\" width=\"608\" height=\"442\" srcset=\"http:\/\/info.sadowne.pl\/wp-content\/uploads\/2023\/03\/2023.03.17.3.jpg 608w, http:\/\/info.sadowne.pl\/wp-content\/uploads\/2023\/03\/2023.03.17.3-300x218.jpg 300w, http:\/\/info.sadowne.pl\/wp-content\/uploads\/2023\/03\/2023.03.17.3-180x130.jpg 180w\" sizes=\"auto, (max-width: 608px) 100vw, 608px\" \/><\/a><\/p>\n<p><strong>Tekst\/foto:<\/strong> S\u0142awek Chyli\u0144ski<\/p>\n","protected":false},"excerpt":{"rendered":"<p>17 marca w W\u0119growie odby\u0142y si\u0119 Targi Edukacyjne Powiatu W\u0119growskiego. Swoj\u0105 propozycj\u0119 edukacyjn\u0105 zaprezentowa\u0142 r\u00f3wnie\u017c ZSP w Sadownem.<\/p>\n","protected":false},"author":1,"featured_media":0,"comment_status":"closed","ping_status":"closed","sticky":false,"template":"","format":"standard","meta":{"footnotes":""},"categories":[5,1752,85],"tags":[3932,254,3197],"class_list":["post-27273","post","type-post","status-publish","format-standard","hentry","category-newsy","category-edukacja","category-zsp","tag-targi-edukacyjne-powiatu-wegrowskiego-2023","tag-technikum-zywienia-i-uslug-gastronomicznych-w-sadownem","tag-zespol-szkol-ponadpodstawowych-w-sadownem"],"views":2006,"_links":{"self":[{"href":"http:\/\/info.sadowne.pl\/index.php?rest_route=\/wp\/v2\/posts\/27273","targetHints":{"allow":["GET"]}}],"collection":[{"href":"http:\/\/info.sadowne.pl\/index.php?rest_route=\/wp\/v2\/posts"}],"about":[{"href":"http:\/\/info.sadowne.pl\/index.php?rest_route=\/wp\/v2\/types\/post"}],"author":[{"embeddable":true,"href":"http:\/\/info.sadowne.pl\/index.php?rest_route=\/wp\/v2\/users\/1"}],"replies":[{"embeddable":true,"href":"http:\/\/info.sadowne.pl\/index.php?rest_route=%2Fwp%2Fv2%2Fcomments&post=27273"}],"version-history":[{"count":1,"href":"http:\/\/info.sadowne.pl\/index.php?rest_route=\/wp\/v2\/posts\/27273\/revisions"}],"predecessor-version":[{"id":27277,"href":"http:\/\/info.sadowne.pl\/index.php?rest_route=\/wp\/v2\/posts\/27273\/revisions\/27277"}],"wp:attachment":[{"href":"http:\/\/info.sadowne.pl\/index.php?rest_route=%2Fwp%2Fv2%2Fmedia&parent=27273"}],"wp:term":[{"taxonomy":"category","embeddable":true,"href":"http:\/\/info.sadowne.pl\/index.php?rest_route=%2Fwp%2Fv2%2Fcategories&post=27273"},{"taxonomy":"post_tag","embeddable":true,"href":"http:\/\/info.sadowne.pl\/index.php?rest_route=%2Fwp%2Fv2%2Ftags&post=27273"}],"curies":[{"name":"wp","href":"https:\/\/api.w.org\/{rel}","templated":true}]}}