{"id":27298,"date":"2023-03-24T18:53:33","date_gmt":"2023-03-24T17:53:33","guid":{"rendered":"http:\/\/info.sadowne.pl\/?p=27298"},"modified":"2023-03-25T14:00:03","modified_gmt":"2023-03-25T13:00:03","slug":"w-holdzie-polakom-ratujacym-zydow","status":"publish","type":"post","link":"http:\/\/info.sadowne.pl\/?p=27298","title":{"rendered":"W ho\u0142dzie Polakom ratuj\u0105cym \u017byd\u00f3w"},"content":{"rendered":"<p><a href=\"http:\/\/info.sadowne.pl\/wp-content\/uploads\/2023\/03\/2023.03.24.5.jpg\" target=\"_blank\" rel=\"noopener\"><img loading=\"lazy\" decoding=\"async\" class=\"alignleft wp-image-27299 size-thumbnail\" src=\"http:\/\/info.sadowne.pl\/wp-content\/uploads\/2023\/03\/2023.03.24.5-180x130.jpg\" alt=\"\" width=\"180\" height=\"130\" \/><\/a><\/p>\n<p><strong>24 marca w Sadownem obchodzono Narodowy Dzie\u0144 Pami\u0119ci Polak\u00f3w ratuj\u0105cych \u017byd\u00f3w pod okupacj\u0105 niemieck\u0105.<\/strong><!--more--><\/p>\n<p>Spotkanie w Gminnym O\u015brodku Kultury w Sadownem rozpocz\u0105\u0142 powitaniem przyby\u0142ych W\u00f3jt Gminy Sadowne p. Waldemar Cyran. W\u015br\u00f3d uczestnik\u00f3w spotkania znajdowali si\u0119: p. Ewa Pi\u00f3rkowska \u2013 dyrektor Gminnego O\u015brodka Kultury w Sadownem, Zast\u0119pca W\u00f3jta Gminy p. Marcin Gr\u0119da, p. Ma\u0142gorzata Koro\u015b \u2013 dyrektor Szko\u0142y Podstawowej im. b\u0142. ks. Edwarda Grzyma\u0142y w Sadownem wraz ze swoimi uczniami oraz harcerzami 123 Dru\u017cyny Harcerskiej \u201eW\u0142\u00f3czykije\u201d, a tak\u017ce p. Krzysztof K\u0105dziela \u2013 emerytowany nauczyciel i kustosz Muzeum Le\u015bnictwa i \u0141owiectwa w Sadownem.<\/p>\n<p>O programie \u201eZawo\u0142ani po imieniu\u201d Instytutu Pileckiego, wydobywaj\u0105cym z niepami\u0119ci historie Polak\u00f3w, kt\u00f3rzy za ratowanie \u017byd\u00f3w od Zag\u0142ady zap\u0142acili \u017cyciem w\u0142asnym i swoich najbli\u017cszych, podczas spotkania opowiedzia\u0142 lokalny historyk i nauczyciel p. S\u0142awomir Akonom. Przypomnia\u0142, i\u017c 24 marca 2019 r., w Narodowy Dzie\u0144 Pami\u0119ci Polak\u00f3w ratuj\u0105cych \u017byd\u00f3w pod okupacj\u0105 niemieck\u0105, ods\u0142oni\u0119to tablice upami\u0119tniaj\u0105ce zamordowanych mieszka\u0144c\u00f3w gminy Sadowne oraz rodzin\u0119 Lubkiewicz\u00f3w, a tak\u017ce om\u00f3wi\u0142 wystaw\u0119 upami\u0119tnie\u0144, prezentowan\u0105 w\u0142a\u015bnie w sali Gminnego O\u015brodka Kultury.<\/p>\n<p>Przypomnimy w tym miejscu, \u017ce ju\u017c po raz sz\u00f3sty obchodzimy Narodowy Dzie\u0144 Pami\u0119ci Polak\u00f3w ratuj\u0105cych \u017byd\u00f3w pod okupacj\u0105 niemieck\u0105. \u015awi\u0119to zosta\u0142o ustanowione przez Parlament w 2018 roku. Wyb\u00f3r daty nie by\u0142 przypadkowy &#8211; 24 marca 1944 roku Niemcy zamordowali w miejscowo\u015bci Markowa, na Podkarpaciu, rodzin\u0119 Ulm\u00f3w: Wiktori\u0119, b\u0119d\u0105c\u0105 w stanie b\u0142ogos\u0142awionym, J\u00f3zefa, sze\u015bcioro ich dzieci oraz 8 \u017byd\u00f3w, kt\u00f3rzy znale\u017ali u nich schronienie.<\/p>\n<p>\u015awi\u0119to to ustanowiono ,,w ho\u0142dzie Obywatelom Polskim\u2013bohaterom, kt\u00f3rzy w akcie heroicznej odwagi, niebywa\u0142ego m\u0119stwa, wsp\u00f3\u0142czucia i solidarno\u015bci mi\u0119dzyludzkiej, wierni najwy\u017cszym warto\u015bciom, nakazom chrze\u015bcija\u0144skiego mi\u0142osierdzia oraz etosowi suwerennej Rzeczypospolitej Polskiej, ratowali swoich \u017cydowskich bli\u017anich od zag\u0142ady, zaplanowanej i realizowanej przez niemieckich oprawc\u00f3w\u201d (Ustawa z 6 marca 2018 r.).<\/p>\n<p>24 marca 2019 r., w Narodowy Dzie\u0144 Pami\u0119ci Polak\u00f3w ratuj\u0105cych \u017byd\u00f3w pod okupacj\u0105 niemieck\u0105, ods\u0142oni\u0119to tablice upami\u0119tniaj\u0105ce zamordowanych mieszka\u0144c\u00f3w gminy Sadowne oraz rodzin\u0119 Lubkiewicz\u00f3w.<\/p>\n<p>O tragizmie tego okresu i bestialstwie niemieckiego okupanta pisa\u0142 nie\u017cyj\u0105cy ju\u017c dyrektor sadowie\u0144skiej szko\u0142y p. Edward S\u00f3wka w swojej pracy \u201eSadowie\u0144skie obrazy\u201d. Opis okrucie\u0144stwa wobec mieszkaj\u0105cych tu lub przyby\u0142ych \u017byd\u00f3w, a tak\u017ce wydarzenia z udzia\u0142em rodziny Lubkiewicz\u00f3w zosta\u0142 zawarty w rozdziale: \u201eLudzie i szakale\u201d: cz\u0119\u015b\u0107 I &#8211; <span style=\"color: #0000ff;\"><strong><a style=\"color: #0000ff;\" href=\"http:\/\/info.sadowne.pl\/?p=7215\" target=\"_blank\" rel=\"noopener\">http:\/\/info.sadowne.pl\/?p=7215<\/a> <\/strong><\/span>i cz\u0119\u015b\u0107 II &#8211;<span style=\"color: #0000ff;\"><strong> <a style=\"color: #0000ff;\" href=\"http:\/\/info.sadowne.pl\/?p=7279\" target=\"_blank\" rel=\"noopener\">http:\/\/info.sadowne.pl\/?p=7279<\/a><\/strong><\/span>.<\/p>\n<p>Cz\u0119\u015b\u0107 Polak\u00f3w, kt\u00f3ra ratowa\u0142a \u017byd\u00f3w podczas wojny, otrzyma\u0142a tytu\u0142 ,,Sprawiedliwego w\u015br\u00f3d Narod\u00f3w \u015awiata\u201d. Tytu\u0142 ten przyznawany jest przez pa\u0144stwo Izrael (Instytut Yad Vashem) osobom za bezinteresown\u0105 pomoc \u017bydom podczas II wojny \u015bwiatowej. Na medalu wr\u0119czanym Sprawiedliwym widnieje sentencja ,,Kto ratuje jedno \u017cycie, ratuje ca\u0142y \u015bwiat\u201d. Do tej pory tytu\u0142 ten otrzyma\u0142o ponad 7000 Polak\u00f3w. Ci\u0105gle przybywa kolejnych Sprawiedliwych.<\/p>\n<p>Sprawiedliwymi z terenu naszej gminy s\u0105:<\/p>\n<p>&#8211; Marianna, Leon i Stefan Lubkiewicz,<\/p>\n<p>&#8211; Jadwiga Stankiewicz- J\u00f3\u017awik,<\/p>\n<p>&#8211; Janina Puszet (czasowo przebywaj\u0105ca w czasie wojny w Sok\u00f3\u0142ce),<\/p>\n<p>&#8211; Lucyna Radziejowska (czasowo przebywaj\u0105ca w czasie wojny w P\u0142atkownicy).<\/p>\n<p>Zainteresowanym proponuj\u0119 r\u00f3wnie\u017c zapoznanie si\u0119 z referatem wyg\u0142oszonym w 2014 roku podczas sesji popularno &#8211; naukowej w ZSP w Sadownem. Jego autorem jest ks. profesor Pawe\u0142 Rytel \u2013 Andrianik, wsp\u00f3\u0142autor ksi\u0105\u017cki \u201ePolacy z okolic Treblinki ratuj\u0105cy \u017byd\u00f3w\u201d, zbieraj\u0105cy \u015bwiadectwa pomocy Polak\u00f3w \u017bydom w czasie II wojny \u015bwiatowej &#8211; <span style=\"color: #0000ff;\"><strong><a style=\"color: #0000ff;\" href=\"http:\/\/info.sadowne.pl\/?p=6668\" target=\"_blank\" rel=\"noopener\">http:\/\/info.sadowne.pl\/?p=6668<\/a><\/strong><\/span>.<\/p>\n<p>Dzisiejsze, upami\u0119tniaj\u0105ce rocznic\u0119 spotkanie zako\u0144czy\u0142 wsp\u00f3lny przemarsz do miejsc upami\u0119tnie\u0144 rodziny Lubkiewicz\u00f3w i mieszka\u0144c\u00f3w gminy Sadowne (przy ul. Mazowieckiej i na skwerku przy ul. Plac Ko\u015bcielny) oraz z\u0142o\u017cenie kwiat\u00f3w w ho\u0142dzie pomordowanym.<\/p>\n<p><strong>\u00a0\u00a0\u00a0\u00a0\u00a0\u00a0\u00a0\u00a0\u00a0\u00a0\u00a0\u00a0\u00a0\u00a0\u00a0\u00a0\u00a0\u00a0\u00a0\u00a0\u00a0\u00a0\u00a0\u00a0\u00a0\u00a0\u00a0\u00a0\u00a0\u00a0\u00a0\u00a0\u00a0\u00a0\u00a0\u00a0\u00a0\u00a0\u00a0\u00a0\u00a0\u00a0\u00a0\u00a0\u00a0\u00a0\u00a0\u00a0\u00a0\u00a0\u00a0\u00a0\u00a0\u00a0\u00a0\u00a0\u00a0\u00a0\u00a0\u00a0\u00a0\u00a0\u00a0\u00a0 Pami\u0119tamy o nich!<\/strong><\/p>\n<p><span style=\"color: #0000ff;\"><a style=\"color: #0000ff;\" href=\"https:\/\/photos.app.goo.gl\/WtBaJZqk1vvWCFYP6\" target=\"_blank\" rel=\"noopener\"><strong>Zdj\u0119cia w galerii Google&gt;&gt;&gt;<\/strong><\/a><\/span><\/p>\n<p><strong>Tekst\/foto: <\/strong>S\u0142awek Chyli\u0144ski<\/p>\n","protected":false},"excerpt":{"rendered":"<p>24 marca w Sadownem obchodzono Narodowy Dzie\u0144 Pami\u0119ci Polak\u00f3w ratuj\u0105cych \u017byd\u00f3w pod okupacj\u0105 niemieck\u0105.<\/p>\n","protected":false},"author":1,"featured_media":0,"comment_status":"closed","ping_status":"closed","sticky":false,"template":"","format":"standard","meta":{"footnotes":""},"categories":[5,91,6],"tags":[169,3537,25],"class_list":["post-27298","post","type-post","status-publish","format-standard","hentry","category-newsy","category-gminny-osrodek-kultury","category-kultura-rozrywka-edukacja","tag-gminny-osrodek-kultury-w-sadownem","tag-narodowy-dzien-pamieci-polakow-ratujacych-zydow-pod-okupacja-niemiecka","tag-sadowne"],"views":2019,"_links":{"self":[{"href":"http:\/\/info.sadowne.pl\/index.php?rest_route=\/wp\/v2\/posts\/27298","targetHints":{"allow":["GET"]}}],"collection":[{"href":"http:\/\/info.sadowne.pl\/index.php?rest_route=\/wp\/v2\/posts"}],"about":[{"href":"http:\/\/info.sadowne.pl\/index.php?rest_route=\/wp\/v2\/types\/post"}],"author":[{"embeddable":true,"href":"http:\/\/info.sadowne.pl\/index.php?rest_route=\/wp\/v2\/users\/1"}],"replies":[{"embeddable":true,"href":"http:\/\/info.sadowne.pl\/index.php?rest_route=%2Fwp%2Fv2%2Fcomments&post=27298"}],"version-history":[{"count":3,"href":"http:\/\/info.sadowne.pl\/index.php?rest_route=\/wp\/v2\/posts\/27298\/revisions"}],"predecessor-version":[{"id":27303,"href":"http:\/\/info.sadowne.pl\/index.php?rest_route=\/wp\/v2\/posts\/27298\/revisions\/27303"}],"wp:attachment":[{"href":"http:\/\/info.sadowne.pl\/index.php?rest_route=%2Fwp%2Fv2%2Fmedia&parent=27298"}],"wp:term":[{"taxonomy":"category","embeddable":true,"href":"http:\/\/info.sadowne.pl\/index.php?rest_route=%2Fwp%2Fv2%2Fcategories&post=27298"},{"taxonomy":"post_tag","embeddable":true,"href":"http:\/\/info.sadowne.pl\/index.php?rest_route=%2Fwp%2Fv2%2Ftags&post=27298"}],"curies":[{"name":"wp","href":"https:\/\/api.w.org\/{rel}","templated":true}]}}