{"id":27330,"date":"2023-03-26T20:42:51","date_gmt":"2023-03-26T18:42:51","guid":{"rendered":"http:\/\/info.sadowne.pl\/?p=27330"},"modified":"2023-04-25T19:06:38","modified_gmt":"2023-04-25T17:06:38","slug":"jada-goscie-jada","status":"publish","type":"post","link":"http:\/\/info.sadowne.pl\/?p=27330","title":{"rendered":"Jad\u0105 go\u015bcie, jad\u0105\u2026"},"content":{"rendered":"<p><a href=\"http:\/\/info.sadowne.pl\/wp-content\/uploads\/2023\/03\/2023.03.26.1.jpg\" target=\"_blank\" rel=\"noopener\"><img loading=\"lazy\" decoding=\"async\" class=\"alignleft wp-image-27331 size-thumbnail\" src=\"http:\/\/info.sadowne.pl\/wp-content\/uploads\/2023\/03\/2023.03.26.1-180x130.jpg\" alt=\"\" width=\"180\" height=\"130\" \/><\/a><strong>To tylko cz\u0119\u015b\u0107 tytu\u0142u ksi\u0105\u017cki kucharskiej K\u00f3\u0142 Gospody\u0144 Wiejskich z powiatu w\u0119growskiego, kt\u00f3rej promocja odby\u0142a si\u0119 popo\u0142udniem 26 marca w W\u0119growie. <\/strong><!--more--><\/p>\n<p><em>Dzi\u0119ki Paniom z KGW powsta\u0142a niezwykle ciekawa i jedyna w swoim rodzaju ksi\u0105\u017cka kucharska, kt\u00f3rej autorkami s\u0105 dzielne i zapobiegliwe w\u0119growskie gospodynie<\/em> \u2013 we wst\u0119pie do ksi\u0105\u017cki pt. \u201eJad\u0105 go\u015bcie, jad\u0105 i czym ich podejmiemy?\u201d pisze p. Senator RP Maria Koc, pomys\u0142odawczyni konkursu kulinarnego dla K\u00f3\u0142 Gospody\u0144 Wiejskich Powiatu W\u0119growskiego i wsp\u00f3\u0142redaktorka wydawnictwa pod tym samym tytu\u0142em, powsta\u0142ego na podstawie wynik\u00f3w tego konkursu.<\/p>\n<p>We wst\u0119pie czytamy r\u00f3wnie\u017c, \u017ce: <em>Powiat W\u0119growski od zawsze by\u0142 terenem rolniczym. Nasza ziemia dostarcza\u0142a i nadal dostarcza dorodnych zb\u00f3\u017c, warzyw i owoc\u00f3w, zdrowego mleka i smacznego mi\u0119sa. A nasze gospodynie by\u0142y i s\u0105 mistrzyniami w przyrz\u0105dzaniu wspania\u0142ych potraw z miejscowych produkt\u00f3w.<\/em> Bogactwo to koniecznie trzeba pokaza\u0107, dlatego te\u017c powsta\u0142 pomys\u0142 na konkurs kulinarny skierowany do wiejskich gospody\u0144. Konkurs og\u0142oszono w 2021 roku. Przyst\u0105pi\u0142o do niego 24 Ko\u0142a Gospody\u0144 Wiejskich Powiatu W\u0119growskiego, a fina\u0142 konkursu mia\u0142 miejsce podczas Do\u017cynek Powiatowych Powiatu W\u0119growskiego, kt\u00f3re odby\u0142y si\u0119 we wrze\u015bniu tego samego roku w \u0141ochowie. W\u00f3wczas I miejsce przyznano KGW z Traw, gm. Korytnica, II miejsce \u2013 KGW z Jan\u00f3wek, gm. Liw i KGW z Czerwonki, gm. Wierzbno, III miejsce \u2013 KGW z Sojk\u00f3wka, gm. Sadowne i KGW \u201eGalicjanki\u201d z Gruszczyna, gm. Stoczek. W\u015br\u00f3d uczestnik\u00f3w konkursu, wyr\u00f3\u017cnionych wpisem do ksi\u0105\u017cki, znalaz\u0142y si\u0119 Ko\u0142a z terenu gminy Sadowne: Morzyczyn W\u0142\u00f3ki i Zarzetka. Gratulujemy finalistom konkursu! Po szczeg\u00f3\u0142y zapraszamy do promowanej ksi\u0105\u017cki kucharskiej.<\/p>\n<p>Wydawc\u0105 ksi\u0105\u017cki \u201eJad\u0105 go\u015bcie, jad\u0105 i czym ich podejmiemy?\u201d jest Stowarzyszenie Klasztor W\u0119gr\u00f3w \u2013 Centrum Dialogu Kultur, kt\u00f3re wsp\u00f3lnie ze Starostwem powiatowym i instytucjami wsp\u00f3\u0142pracuj\u0105cymi przygotowa\u0142o spotkanie promocyjne. Odby\u0142o si\u0119 ono 26 marca w wirydarzu w\u0119growskiego klasztoru. Poprowadzi\u0142a je p. Senator RP Maria Koc oraz p. Ewa Besztak \u2013 Starosta W\u0119growski, a w\u015br\u00f3d go\u015bci znale\u017ali si\u0119 m.in.: p. Anna Kaszuba &#8211; Kierownik Delegatury w Siedlcach Mazowieckiego Urz\u0119du Wojew\u00f3dzkiego w Warszawie, p. Marek Renik \u2013 Wicestarosta W\u0119growski, samorz\u0105dowcy, kierownicy jednostek i mieszka\u0144cy powiatu w\u0119growskiego.<\/p>\n<p>P. Senator Maria Koc szczeg\u00f3\u0142owo om\u00f3wi\u0142a konkurs kulinarny i powsta\u0142\u0105 w jego wyniku ksi\u0105\u017ck\u0119, dzi\u0119kuj\u0105c jednocze\u015bnie Ko\u0142om Gospody\u0144 Wiejskich za udzia\u0142. Po kilka egzemplarzy wydawnictwa przekazano uczestnikom konkursu i nie tylko. By\u0142a to te\u017c okazja do promocji ksi\u0105\u017cki Piotra Jamskiego \u201eMistrzowie. Ludwisarze z R\u00f3\u017cany, \u017bele\u017anik, W\u0119growa w XIX-XX wieku\u201d.<\/p>\n<p>Oczywi\u015bcie, podczas tak wa\u017cnego spotkania nie mog\u0142o zabrakn\u0105\u0107 cz\u0119\u015bci artystycznej. Uczestniczy mieli okazj\u0119 wys\u0142ucha\u0107 piosenek Zespo\u0142u Ludowego \u201eGwizdalanki\u201d, a w specjalnie przygotowanym na t\u0119 okoliczno\u015b\u0107 repertuarze zaprezentowa\u0142 si\u0119, jak zwykle \u015bwietnie, rozbawiaj\u0105c publiczno\u015b\u0107, z du\u017cymi owacjami, Zesp\u00f3\u0142 \u015apiewaczy \u201eSadowianki\u201d. Brawo!<\/p>\n<p>Jak zapowiedzieli decyzyjni wsp\u00f3\u0142organizatorzy spotkania, wkr\u00f3tce b\u0119dziemy mieli okazj\u0119 uczestniczy\u0107 w wielu podobnych do tej imprezach, kt\u00f3re b\u0119d\u0105 promowa\u0107 Powiat W\u0119growski, a tak\u017ce poszczeg\u00f3lne jego miejscowo\u015bci. Starostwo Powiatowe przygotowuje kalendarium wydarze\u0144 na bie\u017c\u0105cy rok.<\/p>\n<p><span style=\"color: #0000ff;\"><a style=\"color: #0000ff;\" href=\"https:\/\/photos.app.goo.gl\/PMJiJftovLbkrj8L8\" target=\"_blank\" rel=\"noopener\"><strong>Zdj\u0119cia w galerii Google&gt;&gt;&gt;<\/strong><\/a><\/span><\/p>\n<p><strong>Tekst\/foto:<\/strong> S\u0142awek Chyli\u0144ski<\/p>\n","protected":false},"excerpt":{"rendered":"<p>To tylko cz\u0119\u015b\u0107 tytu\u0142u ksi\u0105\u017cki kucharskiej K\u00f3\u0142 Gospody\u0144 Wiejskich z powiatu w\u0119growskiego, kt\u00f3rej promocja odby\u0142a si\u0119 popo\u0142udniem 26 marca w W\u0119growie.<\/p>\n","protected":false},"author":1,"featured_media":0,"comment_status":"closed","ping_status":"closed","sticky":false,"template":"","format":"standard","meta":{"footnotes":""},"categories":[5,1,3960],"tags":[3944,198],"class_list":["post-27330","post","type-post","status-publish","format-standard","hentry","category-newsy","category-inne","category-starostwo-powiatowe-w-wegrowie","tag-promocja-ksiazki-jada-goscie-jada-i-czym-ich-podejmiemy","tag-starostwo-powiatowe-w-wegrowie"],"views":2289,"_links":{"self":[{"href":"http:\/\/info.sadowne.pl\/index.php?rest_route=\/wp\/v2\/posts\/27330","targetHints":{"allow":["GET"]}}],"collection":[{"href":"http:\/\/info.sadowne.pl\/index.php?rest_route=\/wp\/v2\/posts"}],"about":[{"href":"http:\/\/info.sadowne.pl\/index.php?rest_route=\/wp\/v2\/types\/post"}],"author":[{"embeddable":true,"href":"http:\/\/info.sadowne.pl\/index.php?rest_route=\/wp\/v2\/users\/1"}],"replies":[{"embeddable":true,"href":"http:\/\/info.sadowne.pl\/index.php?rest_route=%2Fwp%2Fv2%2Fcomments&post=27330"}],"version-history":[{"count":2,"href":"http:\/\/info.sadowne.pl\/index.php?rest_route=\/wp\/v2\/posts\/27330\/revisions"}],"predecessor-version":[{"id":27333,"href":"http:\/\/info.sadowne.pl\/index.php?rest_route=\/wp\/v2\/posts\/27330\/revisions\/27333"}],"wp:attachment":[{"href":"http:\/\/info.sadowne.pl\/index.php?rest_route=%2Fwp%2Fv2%2Fmedia&parent=27330"}],"wp:term":[{"taxonomy":"category","embeddable":true,"href":"http:\/\/info.sadowne.pl\/index.php?rest_route=%2Fwp%2Fv2%2Fcategories&post=27330"},{"taxonomy":"post_tag","embeddable":true,"href":"http:\/\/info.sadowne.pl\/index.php?rest_route=%2Fwp%2Fv2%2Ftags&post=27330"}],"curies":[{"name":"wp","href":"https:\/\/api.w.org\/{rel}","templated":true}]}}