{"id":27426,"date":"2023-04-19T18:43:04","date_gmt":"2023-04-19T16:43:04","guid":{"rendered":"http:\/\/info.sadowne.pl\/?p=27426"},"modified":"2023-04-19T21:31:51","modified_gmt":"2023-04-19T19:31:51","slug":"akcja-zonkile-2023-w-sadownem","status":"publish","type":"post","link":"http:\/\/info.sadowne.pl\/?p=27426","title":{"rendered":"Akcja \u017bONKILE 2023 w Sadownem"},"content":{"rendered":"<p><a href=\"http:\/\/info.sadowne.pl\/wp-content\/uploads\/2023\/04\/2023.04.19.1.jpg\" target=\"_blank\" rel=\"noopener\"><img loading=\"lazy\" decoding=\"async\" class=\"alignleft wp-image-27427 size-thumbnail\" src=\"http:\/\/info.sadowne.pl\/wp-content\/uploads\/2023\/04\/2023.04.19.1-180x130.jpg\" alt=\"\" width=\"180\" height=\"130\" \/><\/a><\/p>\n<p><strong>W Sadownem w rocznic\u0119 wybuchu powstania w getcie warszawskim uczczono pami\u0119\u0107 \u017byd\u00f3w pomordowanych przez hitlerowc\u00f3w w czasie II wojny \u015bwiatowej.<\/strong><!--more--><\/p>\n<p>19 kwietnia br. przypada 80. rocznica wybuchu powstania w getcie warszawskim \u2013 najwi\u0119kszego zbrojnego zrywu \u017byd\u00f3w podczas II wojny \u015bwiatowej, a zarazem pierwszego powstania miejskiego w okupowanej Europie. Tego dnia Muzeum Historii \u017byd\u00f3w Polskich POLIN organizuje corocznie akcj\u0119 spo\u0142eczno-edukacyjn\u0105 \u201e\u017bonkile\u201d.<\/p>\n<p><strong>Dlaczego \u017conkile?<\/strong><\/p>\n<p>Ostatni przyw\u00f3dca \u017bydowskiej Organizacji Bojowej Marek Edelman, kt\u00f3ry prze\u017cy\u0142 likwidacj\u0119 getta, przez lata piel\u0119gnowa\u0142 pami\u0119\u0107 o wydarzeniach z 1943 roku. Do ko\u0144ca \u017cycia w rocznic\u0119 powstania przychodzi\u0142 pod Pomnik Bohater\u00f3w Getta, by odda\u0107 ho\u0142d poleg\u0142ym towarzyszom. Wraz z nim przychodzi\u0142o coraz wi\u0119cej ludzi z \u017c\u00f3\u0142tymi kwiatami, r\u00f3wnie\u017c z \u017conkilami. Wszyscy, kt\u00f3rzy chcieli pami\u0119ta\u0107 tragiczny los mieszka\u0144c\u00f3w getta, \u017conkile uczynili symbolem zbiorowej pami\u0119ci.<\/p>\n<p>Akcji od pocz\u0105tku towarzyszy has\u0142o &#8222;\u0141\u0105czy nas pami\u0119\u0107&#8221;, kt\u00f3re podkre\u015bla si\u0142\u0119 wsp\u00f3lnoty, znaczenie solidarno\u015bci, potrzeb\u0119 dialogu ponad podzia\u0142ami &#8211; pami\u0119\u0107 o przesz\u0142o\u015bci jest jedn\u0105 z nadrz\u0119dnych warto\u015bci, kt\u00f3re nas jednocz\u0105 i nadaj\u0105 nam wsp\u00f3ln\u0105 to\u017csamo\u015b\u0107, niezale\u017cnie od \u015bwiatopogl\u0105du czy sympatii politycznych.<\/p>\n<p>W tym roku organizatorzy akcji zaplanowali rozdanie 450. tysi\u0119cy papierowych kwiat\u00f3w. Liczba ta symbolizuje liczb\u0119 \u017byd\u00f3wek i \u017byd\u00f3w, kt\u00f3rzy byli zamkni\u0119ci w getcie warszawskim w momencie jego najwi\u0119kszego przeludnienia \u2013 wiosn\u0105 1941 roku.<\/p>\n<p><strong>Akcja \u201e\u017bonkile 2023\u201d w Sadownem<\/strong><\/p>\n<p>Sadowie\u0144skie \u017conkile, papierowe kwiaty, kt\u00f3re przygotowa\u0142y Panie z GBP i GOK, 19 kwietnia przypi\u0119to wszystkim uczestnikom uroczystego spotkania.<\/p>\n<p>Tego dnia, przed po\u0142udniem, do sali sadowie\u0144skiego GOK-u przybyli mieszka\u0144cy osady, w tym g\u0142\u00f3wnie uczniowie Szko\u0142y Podstawowej im. b\u0142. ks. Edwarda Grzyma\u0142y w Sadownem. Miejscowe w\u0142adze reprezentowali: Zas\u0119pca W\u00f3jta Gminy Sadowne p. Marcin Gr\u0119da i p. Piotr Olkowski &#8211; Wiceprzewodnicz\u0105cy Rady Gminy Sadowne. Spotkanie pod has\u0142em \u201e\u0141\u0105czy nas pami\u0119\u0107\u201d zorganizowa\u0142a Gminna Biblioteka Publiczna w Sadownem, a w jej imieniu przyby\u0142ych powita\u0142a i om\u00f3wi\u0142a przes\u0142anie uroczysto\u015bci p. Dyrektor GBP Ewa Pi\u00f3rkowska.<\/p>\n<p>P. S\u0142awomir Akonom, nauczyciel i lokalny historyk, om\u00f3wi\u0142 genez\u0119 zamieszkania terenu Polski, Warszawy, gminy Sadowne przez ludno\u015b\u0107 \u017cydowsk\u0105. Zaznaczy\u0142, i\u017c akcj\u0119 \u201e\u017bonkile\u201d dedykujemy cywilom \u2013 oko\u0142o 50. tysi\u0105com kobiet, m\u0119\u017cczyzn i dzieci przebywaj\u0105cych w kryj\u00f3wkach na strychach dom\u00f3w i podziemnych bunkrach w trakcie walk, a tak\u017ce w gruzach getta po upadku powstania. Przez wiele tygodni pozostawali nieuchwytni dla niemieckich \u017co\u0142nierzy, a ich op\u00f3r by\u0142 tak samo wa\u017cny, jak op\u00f3r tych, kt\u00f3rzy walczyli z broni\u0105 w r\u0119ku.<\/p>\n<p>Akcja ta ma te\u017c na celu przywr\u00f3cenie pami\u0119ci o ludno\u015bci Polski narodowo\u015bci \u017cydowskiej, zamieszkuj\u0105cej w miejscowo\u015bciach takich, jak Sadowne, gdzie jej populacja stanowi\u0142a kilkadziesi\u0105t procent lokalnej spo\u0142eczno\u015bci. Jednak bestialski hitleryzm nie mia\u0142 dla nich lito\u015bci (o losach sadowie\u0144skich \u017byd\u00f3w mo\u017cna poczyta\u0107 w maszynopisie by\u0142ego dyrektora Szko\u0142y Podstawowej w Sadownem \u015b.p. Edwarda S\u00f3wki pt. <span style=\"color: #0000ff;\"><strong><a style=\"color: #0000ff;\" href=\"http:\/\/info.sadowne.pl\/?cat=841\" target=\"_blank\" rel=\"noopener\">http:\/\/info.sadowne.pl\/?cat=841<\/a><\/strong><\/span>).<\/p>\n<p>P. S\u0142awomir Akonom zaprezentowa\u0142 r\u00f3wnie\u017c animowany, kr\u00f3tkometra\u017cowy film pt. \u201eZd\u0105\u017cy\u0107 przed Panem Bogiem\u201d, wyprodukowany przez Muzeum POLIN (organizatora akcji), oparty na motywach ksi\u0105\u017cki \u201eZd\u0105\u017cy\u0107 przed Panem Bogiem\u201d Hanny Krall (film mo\u017cna obejrze\u0107 na stronie <span style=\"color: #0000ff;\"><strong><a style=\"color: #0000ff;\" href=\"https:\/\/www.youtube.com\/watch?v=UpiWdfUgRyY&amp;vl=pl\" target=\"_blank\" rel=\"noopener\">https:\/\/www.youtube.com\/watch?v=UpiWdfUgRyY&amp;vl=pl<\/a><\/strong><\/span>). Nast\u0119pnie, w kilku s\u0142owach sytuacj\u0119 \u017byd\u00f3w Sadownego przedstawi\u0142 p. Krzysztof K\u0105dziela \u2013 emerytowany nauczyciel oraz kustosz Muzeum Le\u015bnictwa i \u0141owiectwa w Sadownem.<\/p>\n<p>Po zapoznaniu si\u0119 z przygotowan\u0105 w sali wystaw\u0105 ksi\u0105\u017cek na temat los\u00f3w ludno\u015bci \u017cydowskiej, szkicem lokalizacji domostw sadowie\u0144skich \u017byd\u00f3w i fragmentem zwoju tory z b. miejscowej synagogi, stanowi\u0105cym eksponat Muzeum Ziemi Sadowie\u0144skiej, uczestnicy spotkania udali si\u0119 na sadowie\u0144ski Majdan, pod pomnik upami\u0119tniaj\u0105cy \u017byd\u00f3w i Polak\u00f3w zamordowanych przez hitlerowc\u00f3w w 1943 r., gdzie z\u0142o\u017cyli kwiaty i zapalili znicze.<\/p>\n<p><strong>Pami\u0119\u0107 o przesz\u0142o\u015bci jest jedn\u0105 z nadrz\u0119dnych warto\u015bci!!!<\/strong><\/p>\n<p><span style=\"color: #0000ff;\"><a style=\"color: #0000ff;\" href=\"https:\/\/photos.app.goo.gl\/uuy7riCjVhgLzPLs5\" target=\"_blank\" rel=\"noopener\"><strong>Zdj\u0119cia w galerii Google&gt;&gt;&gt;<\/strong><\/a><\/span><\/p>\n<p><strong>Tekst\/foto:<\/strong> S\u0142awek Chyli\u0144ski<\/p>\n","protected":false},"excerpt":{"rendered":"<p>W Sadownem w rocznic\u0119 wybuchu powstania w getcie warszawskim uczczono pami\u0119\u0107 \u017byd\u00f3w pomordowanych przez hitlerowc\u00f3w w czasie II wojny \u015bwiatowej.<\/p>\n","protected":false},"author":1,"featured_media":0,"comment_status":"closed","ping_status":"closed","sticky":false,"template":"","format":"standard","meta":{"footnotes":""},"categories":[5,2149,91,6],"tags":[3956,113,169],"class_list":["post-27426","post","type-post","status-publish","format-standard","hentry","category-newsy","category-gminna-biblioteka-publiczna","category-gminny-osrodek-kultury","category-kultura-rozrywka-edukacja","tag-akcja-zonkile-2023-w-sadownem","tag-gminna-biblioteka-publiczna-w-sadownem","tag-gminny-osrodek-kultury-w-sadownem"],"views":2122,"_links":{"self":[{"href":"http:\/\/info.sadowne.pl\/index.php?rest_route=\/wp\/v2\/posts\/27426","targetHints":{"allow":["GET"]}}],"collection":[{"href":"http:\/\/info.sadowne.pl\/index.php?rest_route=\/wp\/v2\/posts"}],"about":[{"href":"http:\/\/info.sadowne.pl\/index.php?rest_route=\/wp\/v2\/types\/post"}],"author":[{"embeddable":true,"href":"http:\/\/info.sadowne.pl\/index.php?rest_route=\/wp\/v2\/users\/1"}],"replies":[{"embeddable":true,"href":"http:\/\/info.sadowne.pl\/index.php?rest_route=%2Fwp%2Fv2%2Fcomments&post=27426"}],"version-history":[{"count":2,"href":"http:\/\/info.sadowne.pl\/index.php?rest_route=\/wp\/v2\/posts\/27426\/revisions"}],"predecessor-version":[{"id":27429,"href":"http:\/\/info.sadowne.pl\/index.php?rest_route=\/wp\/v2\/posts\/27426\/revisions\/27429"}],"wp:attachment":[{"href":"http:\/\/info.sadowne.pl\/index.php?rest_route=%2Fwp%2Fv2%2Fmedia&parent=27426"}],"wp:term":[{"taxonomy":"category","embeddable":true,"href":"http:\/\/info.sadowne.pl\/index.php?rest_route=%2Fwp%2Fv2%2Fcategories&post=27426"},{"taxonomy":"post_tag","embeddable":true,"href":"http:\/\/info.sadowne.pl\/index.php?rest_route=%2Fwp%2Fv2%2Ftags&post=27426"}],"curies":[{"name":"wp","href":"https:\/\/api.w.org\/{rel}","templated":true}]}}