{"id":27475,"date":"2023-04-28T21:40:43","date_gmt":"2023-04-28T19:40:43","guid":{"rendered":"http:\/\/info.sadowne.pl\/?p=27475"},"modified":"2023-04-28T21:40:43","modified_gmt":"2023-04-28T19:40:43","slug":"pozegnanie-klas-maturalnych","status":"publish","type":"post","link":"http:\/\/info.sadowne.pl\/?p=27475","title":{"rendered":"Po\u017cegnanie klas maturalnych"},"content":{"rendered":"<p><strong><a href=\"http:\/\/info.sadowne.pl\/wp-content\/uploads\/2023\/04\/2023.04.28.2-scaled.jpg\" target=\"_blank\" rel=\"noopener\"><img loading=\"lazy\" decoding=\"async\" class=\"alignleft wp-image-27476 size-thumbnail\" src=\"http:\/\/info.sadowne.pl\/wp-content\/uploads\/2023\/04\/2023.04.28.2-180x130.jpg\" alt=\"\" width=\"180\" height=\"130\" \/><\/a>W pi\u0105tek 28 kwietnia 2023 roku mia\u0142o miejsce uroczyste po\u017cegnanie klas maturalnych Zespo\u0142u Szk\u00f3\u0142 Ponadpodstawowych w Sadownem.<\/strong><!--more--><\/p>\n<p>Uroczysto\u015b\u0107 rozpocz\u0119\u0142a si\u0119 wprowadzeniem do sali gimnastycznej sztandaru szko\u0142y i wsp\u00f3lnym za\u015bpiewaniem hymnu narodowego. Dyrektor ZSP w Sadownem p. S\u0142awomir Ryszawa powita\u0142 przyby\u0142ych go\u015bci, grono pedagogiczne oraz uczni\u00f3w &#8211; w szczeg\u00f3lno\u015bci przysz\u0142ych maturzyst\u00f3w, po kr\u00f3tce podsumowa\u0142 lata ich pobytu w sadowie\u0144skiej szkole \u015bredniej, a tak\u017ce przeczyta\u0142 list p. Marsza\u0142ek Marii Koc, skierowany do m\u0142odzie\u017cy i ich pedagog\u00f3w.<\/p>\n<p>Nast\u0119pnie odby\u0142o si\u0119 przekazanie sztandaru z r\u0105k maturzyst\u00f3w, w r\u0119ce m\u0142odszych koleg\u00f3w. Z \u017cyczeniami dalszych sukces\u00f3w wkraczaj\u0105cym w doros\u0142o\u015b\u0107 zwr\u00f3ci\u0142a si\u0119 do maturzyst\u00f3w p. Anna Kaszuba \u2013 Kierownik Delegatury Mazowieckiego Urz\u0119du Wojew\u00f3dzkiego w Siedlcach, a p. Tadeusz Krupa &#8211; Naczelnik Wydzia\u0142u O\u015bwiaty, Kultury, Sportu i Turystyki Starostwa Powiatowego w W\u0119growie \u2013 w imieniu Starosty Powiatowego przekaza\u0142 uczniom, kt\u00f3rzy osi\u0105gn\u0119li najlepsze wyniki w nauce, listy gratulacyjne oraz stypendia. Drobne upominki najlepsi w nauce otrzymali r\u00f3wnie\u017c z r\u0105k p. Anny Kaszuby. \u017byczenia maturzystom przekazali tak\u017ce: Zast\u0119pca W\u00f3jta Gminy Sadowne p. Marcin Gr\u0119da, proboszcz Parafii Sadowne ks. Antoni Kunicki i Przewodnicz\u0105cy Rady Gminy Sadowne p. Tomasz Szymanik.<\/p>\n<p>W tym roku nasz\u0105 szko\u0142\u0119 \u015bredni\u0105 ko\u0144czy 41. uczni\u00f3w: 20 uczni\u00f3w z klasy IV Liceum Og\u00f3lnokszta\u0142c\u0105cego \u2013 wychowawca p. Mariusz W\u00f3jcik i 21. z klasy IV Technikum \u017bywienia i Us\u0142ug Gastronomicznych \u2013 wychowawca p. Gra\u017cyna G\u0105siorek. Tym razem zadaniem wychowawc\u00f3w by\u0142o, wsp\u00f3lnie z Dyrektorem Ryszaw\u0105, wr\u0119czenie swoim uczniom \u015bwiadectw uko\u0144czenia szko\u0142y \u015bredniej i nagr\u00f3d ksi\u0105\u017ckowych.<\/p>\n<p>Nagrody i dyplomy wr\u0119czali te\u017c pedagodzy za zaanga\u017cowanie w r\u00f3\u017cnorodn\u0105 dzia\u0142alno\u015b\u0107 na rzecz szko\u0142y: za taniec w Zespole Orkan p. Miros\u0142awa Renik i p. Marta Osman, za \u201emuzyk\u0119\u201d p. Kamil Kie\u0142ek, za dzia\u0142alno\u015b\u0107 w Szkolnym Kole \u201eCaritas\u201d p. Marta Osman i p. Mariusz W\u00f3jcik, dla najwi\u0119kszych spo\u0142ecznik\u00f3w p. Kamil Kie\u0142ek.<\/p>\n<p>Po wyprowadzeniu sztandaru, specjalnie przygotowany dla maturzyst\u00f3w program artystyczny przedstawili ich m\u0142odsi koledzy, w tym m.in. prezentacj\u0119 zdj\u0119\u0107 z udzia\u0142em oczywi\u015bcie \u201ebohater\u00f3w dnia\u201d i wr\u0119czenie statuetek ORKANY 2023 w r\u00f3\u017cnych kategoriach. Maturzy\u015bci odwzajemnili si\u0119 podzi\u0119kowaniami. Na ko\u0144cu\u2026 by\u0142y kwiaty, podzi\u0119kowania, indywidualne rozmowy, \u017cyczenia, a mo\u017ce i pop\u0142yn\u0119\u0142a nie jedna \u0142ezka.<\/p>\n<p>I my kierujemy kilka ciep\u0142ych s\u0142\u00f3w do naszych maturzyst\u00f3w: \u017cycz\u0105c dobrych wynik\u00f3w na maturze oraz trafnego wyboru dalszej drogi \u017cyciowej. Nie zapominajcie o nas!<\/p>\n<p>Do m\u0142odszych koleg\u00f3w maturzyst\u00f3w: Pami\u0119tajcie: \u201eKa\u017cda sekunda naszego \u017cycia jest jedn\u0105 chwil\u0105 w dziejach wszech\u015bwiata. Chwil\u0105, kt\u00f3ra si\u0119 nie powt\u00f3rzy\u201d \u2013 Pablo Casals. Wykorzystajcie swoje sekundy!<\/p>\n<p><span style=\"color: #0000ff;\"><a style=\"color: #0000ff;\" href=\"https:\/\/photos.app.goo.gl\/eMfqxprPhTdb7sQ66\" target=\"_blank\" rel=\"noopener\"><strong>Zdj\u0119cia w galerii Google&gt;&gt;&gt;<\/strong><\/a><\/span><\/p>\n<p><strong>Tekst\/foto:<\/strong> S\u0142awek Chyli\u0144ski<\/p>\n","protected":false},"excerpt":{"rendered":"<p>W pi\u0105tek 28 kwietnia 2023 roku mia\u0142o miejsce uroczyste po\u017cegnanie klas maturalnych Zespo\u0142u Szk\u00f3\u0142 Ponadpodstawowych w Sadownem.<\/p>\n","protected":false},"author":1,"featured_media":0,"comment_status":"closed","ping_status":"closed","sticky":false,"template":"","format":"standard","meta":{"footnotes":""},"categories":[5,1752,85],"tags":[1233,3962,254,3197],"class_list":["post-27475","post","type-post","status-publish","format-standard","hentry","category-newsy","category-edukacja","category-zsp","tag-liceum-ogolnoksztalcace-im-w-orkana-w-sadownem","tag-pozegnanie-klas-maturalnych-2023","tag-technikum-zywienia-i-uslug-gastronomicznych-w-sadownem","tag-zespol-szkol-ponadpodstawowych-w-sadownem"],"views":2396,"_links":{"self":[{"href":"http:\/\/info.sadowne.pl\/index.php?rest_route=\/wp\/v2\/posts\/27475","targetHints":{"allow":["GET"]}}],"collection":[{"href":"http:\/\/info.sadowne.pl\/index.php?rest_route=\/wp\/v2\/posts"}],"about":[{"href":"http:\/\/info.sadowne.pl\/index.php?rest_route=\/wp\/v2\/types\/post"}],"author":[{"embeddable":true,"href":"http:\/\/info.sadowne.pl\/index.php?rest_route=\/wp\/v2\/users\/1"}],"replies":[{"embeddable":true,"href":"http:\/\/info.sadowne.pl\/index.php?rest_route=%2Fwp%2Fv2%2Fcomments&post=27475"}],"version-history":[{"count":1,"href":"http:\/\/info.sadowne.pl\/index.php?rest_route=\/wp\/v2\/posts\/27475\/revisions"}],"predecessor-version":[{"id":27477,"href":"http:\/\/info.sadowne.pl\/index.php?rest_route=\/wp\/v2\/posts\/27475\/revisions\/27477"}],"wp:attachment":[{"href":"http:\/\/info.sadowne.pl\/index.php?rest_route=%2Fwp%2Fv2%2Fmedia&parent=27475"}],"wp:term":[{"taxonomy":"category","embeddable":true,"href":"http:\/\/info.sadowne.pl\/index.php?rest_route=%2Fwp%2Fv2%2Fcategories&post=27475"},{"taxonomy":"post_tag","embeddable":true,"href":"http:\/\/info.sadowne.pl\/index.php?rest_route=%2Fwp%2Fv2%2Ftags&post=27475"}],"curies":[{"name":"wp","href":"https:\/\/api.w.org\/{rel}","templated":true}]}}