{"id":27589,"date":"2023-05-21T18:14:56","date_gmt":"2023-05-21T16:14:56","guid":{"rendered":"http:\/\/info.sadowne.pl\/?p=27589"},"modified":"2023-05-21T18:25:15","modified_gmt":"2023-05-21T16:25:15","slug":"mamo-i-tato-dziekujemy-wam","status":"publish","type":"post","link":"http:\/\/info.sadowne.pl\/?p=27589","title":{"rendered":"Mamo i Tato, dzi\u0119kujemy Wam!"},"content":{"rendered":"<p><strong><a href=\"http:\/\/info.sadowne.pl\/wp-content\/uploads\/2023\/05\/2023.05.21.1-scaled.jpg\" target=\"_blank\" rel=\"noopener\"><img loading=\"lazy\" decoding=\"async\" class=\"alignleft wp-image-27590 size-thumbnail\" src=\"http:\/\/info.sadowne.pl\/wp-content\/uploads\/2023\/05\/2023.05.21.1-180x130.jpg\" alt=\"\" width=\"180\" height=\"130\" \/><\/a>Na kilka dni przed Dniem Mamy i Dniem Taty uczniowie Zespo\u0142u Szk\u00f3\u0142 Ponadpodstawowych w Sadownem przygotowali dla rodzic\u00f3w uroczysty koncert.<\/strong><!--more--><\/p>\n<p>21 maja sala gimnastyczna Zespo\u0142u Szk\u00f3\u0142 Ponadpodstawowych w Sadownem zape\u0142ni\u0142a si\u0119 go\u015b\u0107mi, kt\u00f3rzy skorzystali z zaproszenia dyrektora oraz uczni\u00f3w i przybyli na koncert po\u015bwi\u0119cony\u2026 mamom i tatusiom.<\/p>\n<p>Go\u015bci powita\u0142 dyrektor p. S\u0142awomir Ryszawa, niezw\u0142ocznie oddaj\u0105c g\u0142os m\u0142odym artystom, kt\u00f3rzy przygotowali tematyczn\u0105 cz\u0119\u015b\u0107 artystyczn\u0105 pod okiem nauczycieli ZSP: p. Miros\u0142awy Renik, p. Marty Osman i p. Kamila Kie\u0142ka. Pocz\u0105tek, to oczywi\u015bcie te\u017c oficjalnie &#8211; wyjawienie intencji artyst\u00f3w i nakre\u015blenie przebiegu uroczysto\u015bci. Zacytujemy s\u0142owo wst\u0119pne:<\/p>\n<p><em>\u201eWitamy wszystkich bardzo serdecznie na koncercie po\u015bwi\u0119conym naszym mamusiom i tatusiom. Chcieli\u015bmy tym przedstawieniem wyrazi\u0107 ogromn\u0105 wdzi\u0119czno\u015b\u0107 za wszystko, co od Was, Drodzy Rodzice otrzymujemy:<\/em><\/p>\n<p><em>&#8211; za Wasz\u0105 mi\u0142o\u015b\u0107 i opiek\u0119,<\/em><\/p>\n<p><em>&#8211; za trwanie przy nas w ka\u017cdej sytuacji,<\/em><\/p>\n<p><em>&#8211; za ka\u017cd\u0105 Wasz\u0105 nieprzespan\u0105 noc i ka\u017cd\u0105 \u0142z\u0119, wylan\u0105 przez nas,<\/em><\/p>\n<p><em>&#8211; a najbardziej dzi\u0119kujemy za nasze \u017cycie i za to\u2026 \u017ce jeste\u015bcie Mamo i Tato!<\/em><\/p>\n<p><em>Dzi\u0119kujemy Wam drodzy Rodzice s\u0142owami wierszy i piosenek, niekt\u00f3re s\u0105 bardzo powa\u017cne, inne wypowiemy z przymru\u017ceniem oka, wszystko bardzo osobiste. Szczeg\u00f3ln\u0105 uwag\u0119 zwracamy na wiersze i piosenk\u0119, kt\u00f3re specjalnie dla rodzic\u00f3w napisali: Oliwia Przewo\u017ana i Adam F\u0105k oraz Weronika Marsza\u0142.\u201d<\/em><\/p>\n<p>I faktycznie, zabrzmia\u0142y w wykonaniu uczni\u00f3w wiersze i piosenki zwi\u0105zane ze \u015bwi\u0119tem Mam i Tatusi\u00f3w. By\u0142y te\u017c ta\u0144ce, kt\u00f3re zaprezentowa\u0142 szkolny, sadowie\u0144ski oczywi\u015bcie, Zesp\u00f3\u0142 Ta\u0144ca Ludowego ORKAN. Brawom dla m\u0142odych artyst\u00f3w nie\u00a0 by\u0142o ko\u0144ca.<\/p>\n<p>Uczniowie przygotowali te\u017c osobiste podzi\u0119kowania dla rodzic\u00f3w, kt\u00f3re w formie laurek wr\u0119czyli obecnym na koncercie. Do tych podzi\u0119kowa\u0144 i \u017cycze\u0144 do\u0142\u0105czyli w wyst\u0105pieniach: p. Marek Renik \u2013 Wicestarosta W\u0119growski i p. Waldemar Cyran \u2013 W\u00f3jt Gminy Sadowne.<\/p>\n<p>\u015awietny koncert z okazji tak wa\u017cnych \u015bwi\u0105t \u2013 Dnia Mamy i Dnia Taty. Przy\u0142\u0105czamy si\u0119 do \u017cycze\u0144 Organizator\u00f3w koncertu: <em>\u201ePrzyjmijcie od nas Drodzy Rodzice najserdeczniejsze \u017cyczenia, \u017ceby Wasze rodzicielstwo przynosi\u0142o Wam ka\u017cdego dnia same rado\u015bci i dum\u0119, aby\u015bcie na zawsze pozostali dla nas wzorem prawdziwej mi\u0142o\u015bci\u201d. <\/em><\/p>\n<p><span style=\"color: #0000ff;\"><a style=\"color: #0000ff;\" href=\"https:\/\/photos.app.goo.gl\/tQhfLYHSmZbEREw49\" target=\"_blank\" rel=\"noopener\"><strong>Zdj\u0119cia w galerii Google&gt;&gt;&gt;<\/strong><\/a><\/span><\/p>\n<p><span style=\"color: #0000ff;\"><strong><a style=\"color: #0000ff;\" href=\"https:\/\/youtu.be\/TSn3hylF4pY\" target=\"_blank\" rel=\"noopener\">Zobacz te\u017c film&gt;&gt;&gt;<\/a><\/strong><\/span><\/p>\n<p><strong>Tekst\/foto:<\/strong> S\u0142awek Chyli\u0144ski<\/p>\n","protected":false},"excerpt":{"rendered":"<p>Na kilka dni przed Dniem Mamy i Dniem Taty uczniowie Zespo\u0142u Szk\u00f3\u0142 Ponadpodstawowych w Sadownem przygotowali dla rodzic\u00f3w uroczysty koncert.<\/p>\n","protected":false},"author":1,"featured_media":0,"comment_status":"closed","ping_status":"closed","sticky":false,"template":"","format":"standard","meta":{"footnotes":""},"categories":[5,1752,85],"tags":[3973,3197],"class_list":["post-27589","post","type-post","status-publish","format-standard","hentry","category-newsy","category-edukacja","category-zsp","tag-dzien-mamy-i-dzien-taty-w-zsp-sadowne","tag-zespol-szkol-ponadpodstawowych-w-sadownem"],"views":2098,"_links":{"self":[{"href":"http:\/\/info.sadowne.pl\/index.php?rest_route=\/wp\/v2\/posts\/27589","targetHints":{"allow":["GET"]}}],"collection":[{"href":"http:\/\/info.sadowne.pl\/index.php?rest_route=\/wp\/v2\/posts"}],"about":[{"href":"http:\/\/info.sadowne.pl\/index.php?rest_route=\/wp\/v2\/types\/post"}],"author":[{"embeddable":true,"href":"http:\/\/info.sadowne.pl\/index.php?rest_route=\/wp\/v2\/users\/1"}],"replies":[{"embeddable":true,"href":"http:\/\/info.sadowne.pl\/index.php?rest_route=%2Fwp%2Fv2%2Fcomments&post=27589"}],"version-history":[{"count":2,"href":"http:\/\/info.sadowne.pl\/index.php?rest_route=\/wp\/v2\/posts\/27589\/revisions"}],"predecessor-version":[{"id":27592,"href":"http:\/\/info.sadowne.pl\/index.php?rest_route=\/wp\/v2\/posts\/27589\/revisions\/27592"}],"wp:attachment":[{"href":"http:\/\/info.sadowne.pl\/index.php?rest_route=%2Fwp%2Fv2%2Fmedia&parent=27589"}],"wp:term":[{"taxonomy":"category","embeddable":true,"href":"http:\/\/info.sadowne.pl\/index.php?rest_route=%2Fwp%2Fv2%2Fcategories&post=27589"},{"taxonomy":"post_tag","embeddable":true,"href":"http:\/\/info.sadowne.pl\/index.php?rest_route=%2Fwp%2Fv2%2Ftags&post=27589"}],"curies":[{"name":"wp","href":"https:\/\/api.w.org\/{rel}","templated":true}]}}