{"id":27673,"date":"2023-06-01T17:24:57","date_gmt":"2023-06-01T15:24:57","guid":{"rendered":"http:\/\/info.sadowne.pl\/?p=27673"},"modified":"2023-06-01T17:24:57","modified_gmt":"2023-06-01T15:24:57","slug":"konkurs-wokalny","status":"publish","type":"post","link":"http:\/\/info.sadowne.pl\/?p=27673","title":{"rendered":"Konkurs wokalny"},"content":{"rendered":"<p><strong><a href=\"http:\/\/info.sadowne.pl\/wp-content\/uploads\/2023\/06\/2023.06.01.2.jpg\"><img loading=\"lazy\" decoding=\"async\" class=\"alignleft size-thumbnail wp-image-27674\" src=\"http:\/\/info.sadowne.pl\/wp-content\/uploads\/2023\/06\/2023.06.01.2-180x130.jpg\" alt=\"\" width=\"180\" height=\"130\" \/><\/a>15 lipca w Sadownem odb\u0119dzie si\u0119 II Konkurs Talent\u00f3w Wokalnych. Gminny O\u015brodek Kultury w Sadownem zaprasza wszystkich ch\u0119tnych.<\/strong><!--more--><\/p>\n<p><a href=\"http:\/\/info.sadowne.pl\/wp-content\/uploads\/2023\/06\/2023.06.01.2.jpg\"><img loading=\"lazy\" decoding=\"async\" class=\"aligncenter size-full wp-image-27674\" src=\"http:\/\/info.sadowne.pl\/wp-content\/uploads\/2023\/06\/2023.06.01.2.jpg\" alt=\"\" width=\"608\" height=\"860\" srcset=\"http:\/\/info.sadowne.pl\/wp-content\/uploads\/2023\/06\/2023.06.01.2.jpg 608w, http:\/\/info.sadowne.pl\/wp-content\/uploads\/2023\/06\/2023.06.01.2-212x300.jpg 212w\" sizes=\"auto, (max-width: 608px) 100vw, 608px\" \/><\/a><\/p>\n<p><strong>\u00a0<\/strong><\/p>\n<p><strong>Dokumentacja na stronie <span style=\"color: #0000ff;\"><a style=\"color: #0000ff;\" href=\"https:\/\/gok.sadowne.pl\/konkursy\/1268-ii-konkurs-talentow-wokalnych-w-sadownem\" target=\"_blank\" rel=\"noopener\">https:\/\/gok.sadowne.pl\/konkursy\/1268-ii-konkurs-talentow-wokalnych-w-sadownem<\/a><\/span><\/strong><\/p>\n","protected":false},"excerpt":{"rendered":"<p>15 lipca w Sadownem odb\u0119dzie si\u0119 II Konkurs Talent\u00f3w Wokalnych. Gminny O\u015brodek Kultury w Sadownem zaprasza wszystkich ch\u0119tnych.<\/p>\n","protected":false},"author":1,"featured_media":0,"comment_status":"closed","ping_status":"closed","sticky":false,"template":"","format":"standard","meta":{"footnotes":""},"categories":[5,91,6],"tags":[169,3982],"class_list":["post-27673","post","type-post","status-publish","format-standard","hentry","category-newsy","category-gminny-osrodek-kultury","category-kultura-rozrywka-edukacja","tag-gminny-osrodek-kultury-w-sadownem","tag-ii-konkurs-talentow-wokalnych-w-sadownem"],"views":1798,"_links":{"self":[{"href":"http:\/\/info.sadowne.pl\/index.php?rest_route=\/wp\/v2\/posts\/27673","targetHints":{"allow":["GET"]}}],"collection":[{"href":"http:\/\/info.sadowne.pl\/index.php?rest_route=\/wp\/v2\/posts"}],"about":[{"href":"http:\/\/info.sadowne.pl\/index.php?rest_route=\/wp\/v2\/types\/post"}],"author":[{"embeddable":true,"href":"http:\/\/info.sadowne.pl\/index.php?rest_route=\/wp\/v2\/users\/1"}],"replies":[{"embeddable":true,"href":"http:\/\/info.sadowne.pl\/index.php?rest_route=%2Fwp%2Fv2%2Fcomments&post=27673"}],"version-history":[{"count":1,"href":"http:\/\/info.sadowne.pl\/index.php?rest_route=\/wp\/v2\/posts\/27673\/revisions"}],"predecessor-version":[{"id":27675,"href":"http:\/\/info.sadowne.pl\/index.php?rest_route=\/wp\/v2\/posts\/27673\/revisions\/27675"}],"wp:attachment":[{"href":"http:\/\/info.sadowne.pl\/index.php?rest_route=%2Fwp%2Fv2%2Fmedia&parent=27673"}],"wp:term":[{"taxonomy":"category","embeddable":true,"href":"http:\/\/info.sadowne.pl\/index.php?rest_route=%2Fwp%2Fv2%2Fcategories&post=27673"},{"taxonomy":"post_tag","embeddable":true,"href":"http:\/\/info.sadowne.pl\/index.php?rest_route=%2Fwp%2Fv2%2Ftags&post=27673"}],"curies":[{"name":"wp","href":"https:\/\/api.w.org\/{rel}","templated":true}]}}