{"id":27676,"date":"2023-06-01T17:29:09","date_gmt":"2023-06-01T15:29:09","guid":{"rendered":"http:\/\/info.sadowne.pl\/?p=27676"},"modified":"2023-06-01T17:29:09","modified_gmt":"2023-06-01T15:29:09","slug":"konkurs-plastyczny","status":"publish","type":"post","link":"http:\/\/info.sadowne.pl\/?p=27676","title":{"rendered":"Konkurs plastyczny"},"content":{"rendered":"<p><strong><a href=\"http:\/\/info.sadowne.pl\/wp-content\/uploads\/2023\/06\/2023.06.01.1.jpg\"><img loading=\"lazy\" decoding=\"async\" class=\"alignleft size-thumbnail wp-image-27677\" src=\"http:\/\/info.sadowne.pl\/wp-content\/uploads\/2023\/06\/2023.06.01.1-180x130.jpg\" alt=\"\" width=\"180\" height=\"130\" \/><\/a>ARCHITEKT JUTRA \u2013 SADOWNE MOICH MARZE\u0143 to konkurs plastyczny dla rodzin i grup r\u00f3wie\u015bniczych, kt\u00f3ry zosta\u0142 og\u0142oszony przez Gminny O\u015brodek Kultury w Sadownem.<\/strong><!--more--><\/p>\n<p><strong> <a href=\"http:\/\/info.sadowne.pl\/wp-content\/uploads\/2023\/06\/2023.06.01.1.jpg\"><img loading=\"lazy\" decoding=\"async\" class=\"aligncenter size-full wp-image-27677\" src=\"http:\/\/info.sadowne.pl\/wp-content\/uploads\/2023\/06\/2023.06.01.1.jpg\" alt=\"\" width=\"608\" height=\"430\" srcset=\"http:\/\/info.sadowne.pl\/wp-content\/uploads\/2023\/06\/2023.06.01.1.jpg 608w, http:\/\/info.sadowne.pl\/wp-content\/uploads\/2023\/06\/2023.06.01.1-300x212.jpg 300w\" sizes=\"auto, (max-width: 608px) 100vw, 608px\" \/><\/a><\/strong><\/p>\n<p><strong>Dokumentacja na stronie <span style=\"color: #0000ff;\"><a style=\"color: #0000ff;\" href=\"https:\/\/gok.sadowne.pl\/konkursy\/1267-konkurs-plastyczny\" target=\"_blank\" rel=\"noopener\">https:\/\/gok.sadowne.pl\/konkursy\/1267-konkurs-plastyczny<\/a><\/span><\/strong><\/p>\n","protected":false},"excerpt":{"rendered":"<p>ARCHITEKT JUTRA \u2013 SADOWNE MOICH MARZE\u0143 to konkurs plastyczny dla rodzin i grup r\u00f3wie\u015bniczych, kt\u00f3ry zosta\u0142 og\u0142oszony przez Gminny O\u015brodek Kultury w Sadownem.<\/p>\n","protected":false},"author":1,"featured_media":0,"comment_status":"closed","ping_status":"closed","sticky":false,"template":"","format":"standard","meta":{"footnotes":""},"categories":[5,91,6],"tags":[169,3983],"class_list":["post-27676","post","type-post","status-publish","format-standard","hentry","category-newsy","category-gminny-osrodek-kultury","category-kultura-rozrywka-edukacja","tag-gminny-osrodek-kultury-w-sadownem","tag-konkurs-plastyczny-architekt-jutra-sadowne-moich-marzen"],"views":1600,"_links":{"self":[{"href":"http:\/\/info.sadowne.pl\/index.php?rest_route=\/wp\/v2\/posts\/27676","targetHints":{"allow":["GET"]}}],"collection":[{"href":"http:\/\/info.sadowne.pl\/index.php?rest_route=\/wp\/v2\/posts"}],"about":[{"href":"http:\/\/info.sadowne.pl\/index.php?rest_route=\/wp\/v2\/types\/post"}],"author":[{"embeddable":true,"href":"http:\/\/info.sadowne.pl\/index.php?rest_route=\/wp\/v2\/users\/1"}],"replies":[{"embeddable":true,"href":"http:\/\/info.sadowne.pl\/index.php?rest_route=%2Fwp%2Fv2%2Fcomments&post=27676"}],"version-history":[{"count":1,"href":"http:\/\/info.sadowne.pl\/index.php?rest_route=\/wp\/v2\/posts\/27676\/revisions"}],"predecessor-version":[{"id":27678,"href":"http:\/\/info.sadowne.pl\/index.php?rest_route=\/wp\/v2\/posts\/27676\/revisions\/27678"}],"wp:attachment":[{"href":"http:\/\/info.sadowne.pl\/index.php?rest_route=%2Fwp%2Fv2%2Fmedia&parent=27676"}],"wp:term":[{"taxonomy":"category","embeddable":true,"href":"http:\/\/info.sadowne.pl\/index.php?rest_route=%2Fwp%2Fv2%2Fcategories&post=27676"},{"taxonomy":"post_tag","embeddable":true,"href":"http:\/\/info.sadowne.pl\/index.php?rest_route=%2Fwp%2Fv2%2Ftags&post=27676"}],"curies":[{"name":"wp","href":"https:\/\/api.w.org\/{rel}","templated":true}]}}