{"id":27689,"date":"2023-06-06T11:29:41","date_gmt":"2023-06-06T09:29:41","guid":{"rendered":"http:\/\/info.sadowne.pl\/?p=27689"},"modified":"2023-06-06T11:29:41","modified_gmt":"2023-06-06T09:29:41","slug":"zdarzenia-drogowe-w-powiecie-wegrowskim-2","status":"publish","type":"post","link":"http:\/\/info.sadowne.pl\/?p=27689","title":{"rendered":"Zdarzenia drogowe w powiecie w\u0119growskim"},"content":{"rendered":"<p><strong><a href=\"http:\/\/info.sadowne.pl\/wp-content\/uploads\/2015\/04\/komisariat-3.jpg\"><img loading=\"lazy\" decoding=\"async\" class=\"alignleft size-thumbnail wp-image-8553\" src=\"http:\/\/info.sadowne.pl\/wp-content\/uploads\/2015\/04\/komisariat-3-180x130.jpg\" alt=\"\" width=\"180\" height=\"130\" \/><\/a>W ostatnich dniach na terenie powiatu w\u0119growskiego dosz\u0142o kilku zdarze\u0144 drogowych. Policjanci apeluj\u0105 o ostro\u017cno\u015b\u0107.<\/strong><!--more--><\/p>\n<p>01.06.2023 roku w miejscowo\u015bci \u015anice kieruj\u0105cy pojazdem marki Skoda nieprawid\u0142owo wykona\u0142 manewr skr\u0119tu w lewo z drogi w696 w drog\u0119 do miejscowo\u015bci \u015anic\u0119, w wyniku czego doprowadzi\u0142 do zderzenia z pojazdem marki VW. Nikt nie dozna\u0142 obra\u017ce\u0144.<\/p>\n<p>2 czerwca 2023 roku w miejscowo\u015bci Szaruty kieruj\u0105cy pojazdem marki Honda nie ust\u0105pi\u0142 pierwsze\u0144stwa przejazdu kieruj\u0105cemu pojazdowi marki VW doprowadzaj\u0105c do zderzenia. W wyniku zdarzenia, obra\u017cenia cia\u0142a dozna\u0142a jedna osoba, kt\u00f3ra zosta\u0142a przewieziona do Szpitala Wojew\u00f3dzkiego w Siedlcach. Post\u0119powanie prowadzi KPP W\u0119gr\u00f3w<\/p>\n<p>W dniu 3 maja 2023 roku w miejscowo\u015bci Kopcie mieszkaniec powiatu w\u0119growskiego kieruj\u0105c motocyklem marki Kawasaki nie ust\u0105pi\u0142 pierwsze\u0144stwa przejazdu kieruj\u0105cej pojazdem BMW. M\u0119\u017cczyzna znajdowa\u0142 si\u0119 w stanie nietrze\u017awo\u015bci oko\u0142o 1,5 promila. W wyniku zderzenia pojazd\u00f3w kieruj\u0105cy motocyklem dozna\u0142 obra\u017ce\u0144 cia\u0142a. Post\u0119powanie prowadzi KPP W\u0119gr\u00f3w.<\/p>\n<p><strong>st. sier\u017c. Rafa\u0142 Ba\u0142dyga<\/strong><\/p>\n<p>&nbsp;<\/p>\n","protected":false},"excerpt":{"rendered":"<p>W ostatnich dniach na terenie powiatu w\u0119growskiego dosz\u0142o kilku zdarze\u0144 drogowych. Policjanci apeluj\u0105 o ostro\u017cno\u015b\u0107.<\/p>\n","protected":false},"author":1,"featured_media":0,"comment_status":"closed","ping_status":"closed","sticky":false,"template":"","format":"standard","meta":{"footnotes":""},"categories":[5,266,4],"tags":[261,3174],"class_list":["post-27689","post","type-post","status-publish","format-standard","hentry","category-newsy","category-policja-policja-straz-pozarna-pogotowie-ratunkowe","category-policja-straz-pozarna-pogotowie-ratunkowe","tag-komenda-powiatowa-policji-w-wegrowie","tag-kronika-policyjna"],"views":1772,"_links":{"self":[{"href":"http:\/\/info.sadowne.pl\/index.php?rest_route=\/wp\/v2\/posts\/27689","targetHints":{"allow":["GET"]}}],"collection":[{"href":"http:\/\/info.sadowne.pl\/index.php?rest_route=\/wp\/v2\/posts"}],"about":[{"href":"http:\/\/info.sadowne.pl\/index.php?rest_route=\/wp\/v2\/types\/post"}],"author":[{"embeddable":true,"href":"http:\/\/info.sadowne.pl\/index.php?rest_route=\/wp\/v2\/users\/1"}],"replies":[{"embeddable":true,"href":"http:\/\/info.sadowne.pl\/index.php?rest_route=%2Fwp%2Fv2%2Fcomments&post=27689"}],"version-history":[{"count":1,"href":"http:\/\/info.sadowne.pl\/index.php?rest_route=\/wp\/v2\/posts\/27689\/revisions"}],"predecessor-version":[{"id":27690,"href":"http:\/\/info.sadowne.pl\/index.php?rest_route=\/wp\/v2\/posts\/27689\/revisions\/27690"}],"wp:attachment":[{"href":"http:\/\/info.sadowne.pl\/index.php?rest_route=%2Fwp%2Fv2%2Fmedia&parent=27689"}],"wp:term":[{"taxonomy":"category","embeddable":true,"href":"http:\/\/info.sadowne.pl\/index.php?rest_route=%2Fwp%2Fv2%2Fcategories&post=27689"},{"taxonomy":"post_tag","embeddable":true,"href":"http:\/\/info.sadowne.pl\/index.php?rest_route=%2Fwp%2Fv2%2Ftags&post=27689"}],"curies":[{"name":"wp","href":"https:\/\/api.w.org\/{rel}","templated":true}]}}