{"id":27775,"date":"2023-06-23T15:51:29","date_gmt":"2023-06-23T13:51:29","guid":{"rendered":"http:\/\/info.sadowne.pl\/?p=27775"},"modified":"2023-06-23T15:58:10","modified_gmt":"2023-06-23T13:58:10","slug":"juz-wakacje","status":"publish","type":"post","link":"http:\/\/info.sadowne.pl\/?p=27775","title":{"rendered":"Ju\u017c wakacje!!!"},"content":{"rendered":"<p><a href=\"http:\/\/info.sadowne.pl\/wp-content\/uploads\/2023\/06\/2023.06.23.1.jpg\" target=\"_blank\" rel=\"noopener\"><img loading=\"lazy\" decoding=\"async\" class=\"alignleft wp-image-27776 size-thumbnail\" src=\"http:\/\/info.sadowne.pl\/wp-content\/uploads\/2023\/06\/2023.06.23.1-180x130.jpg\" alt=\"\" width=\"180\" height=\"130\" \/><\/a><\/p>\n<p><strong>Rok szkolny 2022\/2023 zako\u0144czy\u0142 si\u0119. \u015awiadectwa promuj\u0105ce do kolejnej klasy odebrali te\u017c uczniowie Zespo\u0142u Szk\u00f3\u0142 Ponadpodstawowych w Sadownem.<\/strong><!--more--><\/p>\n<p>23 czerwca, po mszy \u015bw., kt\u00f3ra odby\u0142a si\u0119 w miejscowym ko\u015bciele parafialnym, w sali gimnastycznej ZSP uroczy\u015bcie podsumowano miniony rok szkolny. Dyrektor szko\u0142y p. S\u0142awomir Ryszawa powita\u0142 go\u015bci, grono pedagogiczne, pracownik\u00f3w szko\u0142y, uczni\u00f3w oraz ich rodzic\u00f3w i w kilku s\u0142owach opowiedzia\u0142 o pracy swojej plac\u00f3wki o\u015bwiatowej, osi\u0105gni\u0119tych wynikach, a tak\u017ce prognozach.<\/p>\n<p><strong>Nast\u0119pnie g\u0142os zabrali przybyli na spotkanie go\u015bcie \u2013 w imieniu Instytucji, kt\u00f3re reprezentuj\u0105, nagrodzili uczni\u00f3w z najwy\u017csz\u0105 \u015bredni\u0105 ocen:<\/strong><\/p>\n<p>&#8211; p. Anna Kaszuba, Dyrektor Biura Wojewody \u2013 w imieniu Wojewody Mazowieckiego nagrodami uhonorowa\u0142a dwoje uczni\u00f3w Liceum Og\u00f3lnokszta\u0142c\u0105cego: Wiktori\u0119 Decyk i Macieja O\u0142daka oraz dwie uczennice Technikum: Weronik\u0119 Marsza\u0142 i Ewelin\u0119 Olton.<\/p>\n<p>&#8211; p. Tadeusz Krupa, Naczelnik Wydzia\u0142u O\u015bwiaty, Kultury, Sportu i Turystyki Starostwa Powiatowego w W\u0119growie \u2013 w imieniu Starosty W\u0119growskiego wr\u0119czy\u0142 listy gratulacyjne oraz upominki Wiktorii Decyk i Weronice Marsza\u0142.<\/p>\n<p><strong>P. Dyrektor S\u0142awomir Ryszawa wr\u0119czy\u0142 nagrody ksi\u0105\u017ckowe uczniom Zespo\u0142u Szk\u00f3\u0142 Ponadpodstawowych w Sadownem<\/strong>, kt\u00f3rych \u015brednia ocen ze wszystkich przedmiot\u00f3w na koniec roku szkolnego jest r\u00f3wna lub wy\u017csza od 4,00. S\u0105 to:<\/p>\n<p><strong>Liceum Og\u00f3lnokszta\u0142c\u0105ce im. W\u0142adys\u0142awa Orkana w Sadownem<\/strong><\/p>\n<ol>\n<li>Wiktoria Decyk, kl. III, \u015brednia 5,21<\/li>\n<li>Maciej O\u0142dak, kl. III, 5,07<\/li>\n<li>Weronika \u0141ukasiuk, kl. I, 5,06<\/li>\n<li>Julia Kowalczyk, kl. III, 4,93<\/li>\n<li>Zuzanna Gierej, kl. III, 4,86<\/li>\n<li>Aleksandra Matusik, kl. II, 4,64<\/li>\n<li>Anna Olkowska, kl. I, 4,56<\/li>\n<li>Maja Bubrzyk, kl. II, 4,50<\/li>\n<li>Julia S\u0119dek, kl. I, 4,50<\/li>\n<li>Micha\u0142 J\u00f3\u017awik, kl. I, 4,50<\/li>\n<li>Zuzanna Ga\u0142\u0105zka, kl. I, 4,38<\/li>\n<li>Przemys\u0142aw Ryszawa, kl. III, 4,36<\/li>\n<li>Kinga D\u0119bkowska, kl. I, 4,31<\/li>\n<li>Weronika Olton, kl. III, 4,29<\/li>\n<li>Jakub Derna\u0142owicz, kl. I, 4,19<\/li>\n<li>Patryk Fiertak, kl. III, 4,17<\/li>\n<li>Aleksandra D\u0119bkowska, kl. III, 4,14<\/li>\n<li>Weronika Kowalczyk, kl. II, 4,14<\/li>\n<li>Jan Rostek, kl. III, 4,07<\/li>\n<li>Julia Koszewska, kl. II, 4,07<\/li>\n<li>Gabriela Kowalczyk, kl. II, 4,07<\/li>\n<li>Julia Ksi\u0105\u017cek, kl. I, 4,06<\/li>\n<li>Oliwia D\u0105browska, kl. I, 4,06<\/li>\n<li>Julia Buber-Bubrowiecka, kl. II, 4,00<\/li>\n<li>Amelia \u017bach, kl. I, 4,00<\/li>\n<li>Julia G\u0105sior, kl. I, 4,00<\/li>\n<\/ol>\n<p><strong>Technikum o kierunku technik \u017cywienia i us\u0142ug gastronomicznych<\/strong><\/p>\n<ol>\n<li>Weronika Marsza\u0142, kl. I, \u015brednia 5,10<\/li>\n<li>Ewelina Olton, kl. IV, 5,00<\/li>\n<li>Martyna Dybka, kl. I, 4,95<\/li>\n<li>Alicja Sobolewska, kl. I, 4,85<\/li>\n<li>Sylwia Wikie\u0142, kl. III, 4,80<\/li>\n<li>Magdalena Zi\u00f3\u0142kowska, kl. IV, 4,68<\/li>\n<li>Kamila \u015alusarz, kl. IV, 4,58<\/li>\n<li>Julia Wierzba, kl. IV, 4,47<\/li>\n<li>Daria W\u00f3jcik, kl. I, 4,40<\/li>\n<li>Kamil Gerek, kl. I, 4,20<\/li>\n<li>Dawid Gmur, kl. II, 4.00<\/li>\n<\/ol>\n<p><strong>Podzi\u0119kowania za ca\u0142oroczn\u0105 prac\u0119 w szkolnych ko\u0142ach otrzymali uczniowie: <\/strong><\/p>\n<p>&#8211; Szkolnego Ko\u0142a Caritas \u2013 opiekunowie: p. Marta Osman i p. Mariusz W\u00f3jcik<\/p>\n<p>&#8211; Zespo\u0142u Ta\u0144ca Ludowego \u201eOrkan\u201d \u2013 opiekunowie: p. Miros\u0142awa Renik i p. Marta Osman<\/p>\n<p>Jeszcze ostatnie \u017cyczenia na wakacje od Dyrektora, troch\u0119 poucze\u0144, symboliczne kwiatki i wyprowadzenie sztandaru \u2013 koniec uroczysto\u015bci. \u015awiadectwa uczniowie (160. uczni\u00f3w z siedmiu klas &#8211; 3 klasy LO i 4 klasy Technikum) oczywi\u015bcie otrzymali tu\u017c po uroczysto\u015bci, na ostatnich spotkaniach z wychowawcami w swoich klasach.<\/p>\n<p><strong>\u017byczymy wszystkim udanych i spokojnych wakacji! Spotykamy si\u0119 4 wrze\u015bnia!<\/strong><\/p>\n<p><strong>A przy okazji:<\/strong> przypominam o trwaj\u0105cej rekrutacji do szk\u00f3\u0142 \u015brednich. Po szczeg\u00f3\u0142y dla kandydat\u00f3w do sadowie\u0144skiego LO i Technikum zapraszamy na stron\u0119 <span style=\"color: #0000ff;\"><strong><a style=\"color: #0000ff;\" href=\"https:\/\/www.liceumsadowne.pl\/\" target=\"_blank\" rel=\"noopener\">https:\/\/www.liceumsadowne.pl\/<\/a><\/strong><\/span>.<\/p>\n<p><span style=\"color: #0000ff;\"><a style=\"color: #0000ff;\" href=\"https:\/\/photos.app.goo.gl\/4Kfa5fCynoGAxVhD9\" target=\"_blank\" rel=\"noopener\"><strong>Zdj\u0119cia w galerii Google&gt;&gt;&gt;<\/strong><\/a><\/span><\/p>\n<p><strong>Tekst\/foto:<\/strong> S\u0142awek Chyli\u0144ski<\/p>\n","protected":false},"excerpt":{"rendered":"<p>Rok szkolny 2022\/2023 zako\u0144czy\u0142 si\u0119. \u015awiadectwa promuj\u0105ce do kolejnej klasy odebrali te\u017c uczniowie Zespo\u0142u Szk\u00f3\u0142 Ponadpodstawowych w Sadownem.<\/p>\n","protected":false},"author":1,"featured_media":0,"comment_status":"closed","ping_status":"closed","sticky":false,"template":"","format":"standard","meta":{"footnotes":""},"categories":[5,1752,85],"tags":[3996,3197],"class_list":["post-27775","post","type-post","status-publish","format-standard","hentry","category-newsy","category-edukacja","category-zsp","tag-zakonczenie-roku-szkolnego-2022-2023-w-sadownem","tag-zespol-szkol-ponadpodstawowych-w-sadownem"],"views":2438,"_links":{"self":[{"href":"http:\/\/info.sadowne.pl\/index.php?rest_route=\/wp\/v2\/posts\/27775","targetHints":{"allow":["GET"]}}],"collection":[{"href":"http:\/\/info.sadowne.pl\/index.php?rest_route=\/wp\/v2\/posts"}],"about":[{"href":"http:\/\/info.sadowne.pl\/index.php?rest_route=\/wp\/v2\/types\/post"}],"author":[{"embeddable":true,"href":"http:\/\/info.sadowne.pl\/index.php?rest_route=\/wp\/v2\/users\/1"}],"replies":[{"embeddable":true,"href":"http:\/\/info.sadowne.pl\/index.php?rest_route=%2Fwp%2Fv2%2Fcomments&post=27775"}],"version-history":[{"count":3,"href":"http:\/\/info.sadowne.pl\/index.php?rest_route=\/wp\/v2\/posts\/27775\/revisions"}],"predecessor-version":[{"id":27779,"href":"http:\/\/info.sadowne.pl\/index.php?rest_route=\/wp\/v2\/posts\/27775\/revisions\/27779"}],"wp:attachment":[{"href":"http:\/\/info.sadowne.pl\/index.php?rest_route=%2Fwp%2Fv2%2Fmedia&parent=27775"}],"wp:term":[{"taxonomy":"category","embeddable":true,"href":"http:\/\/info.sadowne.pl\/index.php?rest_route=%2Fwp%2Fv2%2Fcategories&post=27775"},{"taxonomy":"post_tag","embeddable":true,"href":"http:\/\/info.sadowne.pl\/index.php?rest_route=%2Fwp%2Fv2%2Ftags&post=27775"}],"curies":[{"name":"wp","href":"https:\/\/api.w.org\/{rel}","templated":true}]}}