{"id":27780,"date":"2023-06-25T22:35:58","date_gmt":"2023-06-25T20:35:58","guid":{"rendered":"http:\/\/info.sadowne.pl\/?p=27780"},"modified":"2023-06-25T22:37:34","modified_gmt":"2023-06-25T20:37:34","slug":"zakonczyl-sie-festiwal-poloneza","status":"publish","type":"post","link":"http:\/\/info.sadowne.pl\/?p=27780","title":{"rendered":"Zako\u0144czy\u0142 si\u0119 Festiwal Poloneza!"},"content":{"rendered":"<p><a href=\"http:\/\/info.sadowne.pl\/wp-content\/uploads\/2023\/06\/2023.06.25.1.jpg\" target=\"_blank\" rel=\"noopener\"><img loading=\"lazy\" decoding=\"async\" class=\"alignleft wp-image-27781 size-thumbnail\" src=\"http:\/\/info.sadowne.pl\/wp-content\/uploads\/2023\/06\/2023.06.25.1-180x130.jpg\" alt=\"\" width=\"180\" height=\"130\" \/><\/a><\/p>\n<p><strong>25 czerwca w Gminnej Hali Sportowej w Sadownem odby\u0142 si\u0119 koncert fina\u0142owy IX \u201eMi\u0119dzynarodowego Festiwalu Poloneza w Polsce\u201d.<\/strong><!--more--><\/p>\n<p>Ju\u017c po raz trzeci go\u015bcili\u015bmy w Sadownem uczestnik\u00f3w Mi\u0119dzynarodowego Festiwalu Poloneza. Tegoroczny, IX Festiwal Poloneza odbywa\u0142 si\u0119 w dniach 17 \u2013 25 czerwca 2023 roku na terenie Warszawy, natomiast koncert fina\u0142owy organizatorzy ju\u017c po raz trzeci przenie\u015bli do Sadownego.<\/p>\n<p>Po po\u0142udniowej mszy \u015bw. w miejscowym ko\u015bciele parafialnym korow\u00f3d uczestnik\u00f3w Festiwalu przemaszerowa\u0142 ulicami Sadownego do Gminnej Hali Sportowej. Tu rozpocz\u0119\u0142a si\u0119 Gala Fina\u0142owa, kt\u00f3r\u0105 poprowadzili: p. Pawe\u0142 \u015awi\u0119torecki i p. Miros\u0142aw Perzy\u0144ski.<\/p>\n<p>W koncercie wzi\u0119li udzia\u0142: Zesp\u00f3\u0142 Ta\u0144ca Historycznego CHOREA ANTIQUA (wsp\u00f3\u0142organizatorzy Festiwalu), p. Bo\u017cena Sitek \u2013 pianistka, Zesp\u00f3\u0142 \u015apiewaczy SADOWIANKI, p. Jerzy Solik \u2013 gitarzysta, p. Kateryna Kornitska \u2013 bandurzystka, TAKT Zesp\u00f3\u0142 Taneczny z ZSOiZ w Ciechanowcu, Zesp\u00f3\u0142 Ta\u0144ca Ludowego ORKAN z ZSP Sadowne.<\/p>\n<p>Na zako\u0144czenie uczestnicy Festiwalu i widzowie wsp\u00f3lnie za\u015bpiewali utw\u00f3r \u201eKochajmy si\u0119 bracia mili\u201d, wr\u0119czono podzi\u0119kowania za przygotowanie i przeprowadzenie koncertu.<\/p>\n<p><strong>Wi\u0119cej o Festiwalu i jego uczestnikach mo\u017cna przeczyta\u0107 na stronie <span style=\"color: #0000ff;\"><a style=\"color: #0000ff;\" href=\"https:\/\/www.facebook.com\/people\/Mi%C4%99dzynarodowy-FESTIWAL-POLONEZA-w-Polsce\/100069862945902\/?paipv=0&amp;eav=AfbB98_pxDg6qyIa969gR-Ksj-c5T8vWArIFZrMYGrTN8-oGhRXdSuWWjbGWK3nbg0k&amp;_rdr\" target=\"_blank\" rel=\"noopener\">https:\/\/www.facebook.com\/people\/Mi%C4%99dzynarodowy-FESTIWAL-POLONEZA-w-Polsce\/100069862945902\/?paipv=0&amp;eav=AfbB98_pxDg6qyIa969gR-Ksj-c5T8vWArIFZrMYGrTN8-oGhRXdSuWWjbGWK3nbg0k&amp;_rdr<\/a><\/span><\/strong><\/p>\n<p><span style=\"color: #0000ff;\"><a style=\"color: #0000ff;\" href=\"https:\/\/photos.app.goo.gl\/2i77fLgb62jWyG1c9\" target=\"_blank\" rel=\"noopener\"><strong>Zdj\u0119cia w galerii Google&gt;&gt;&gt;<\/strong><\/a><\/span><\/p>\n<p><strong>Tekst\/foto:<\/strong> S\u0142awek Chyli\u0144ski<\/p>\n","protected":false},"excerpt":{"rendered":"<p>25 czerwca w Gminnej Hali Sportowej w Sadownem odby\u0142 si\u0119 koncert fina\u0142owy IX \u201eMi\u0119dzynarodowego Festiwalu Poloneza w Polsce\u201d.<\/p>\n","protected":false},"author":1,"featured_media":0,"comment_status":"closed","ping_status":"closed","sticky":false,"template":"","format":"standard","meta":{"footnotes":""},"categories":[5,91,6],"tags":[3802,169,3991],"class_list":["post-27780","post","type-post","status-publish","format-standard","hentry","category-newsy","category-gminny-osrodek-kultury","category-kultura-rozrywka-edukacja","tag-festiwal-poloneza-w-sadownem","tag-gminny-osrodek-kultury-w-sadownem","tag-ix-miedzynarodowy-festiwal-poloneza-w-polsce"],"views":2242,"_links":{"self":[{"href":"http:\/\/info.sadowne.pl\/index.php?rest_route=\/wp\/v2\/posts\/27780","targetHints":{"allow":["GET"]}}],"collection":[{"href":"http:\/\/info.sadowne.pl\/index.php?rest_route=\/wp\/v2\/posts"}],"about":[{"href":"http:\/\/info.sadowne.pl\/index.php?rest_route=\/wp\/v2\/types\/post"}],"author":[{"embeddable":true,"href":"http:\/\/info.sadowne.pl\/index.php?rest_route=\/wp\/v2\/users\/1"}],"replies":[{"embeddable":true,"href":"http:\/\/info.sadowne.pl\/index.php?rest_route=%2Fwp%2Fv2%2Fcomments&post=27780"}],"version-history":[{"count":1,"href":"http:\/\/info.sadowne.pl\/index.php?rest_route=\/wp\/v2\/posts\/27780\/revisions"}],"predecessor-version":[{"id":27782,"href":"http:\/\/info.sadowne.pl\/index.php?rest_route=\/wp\/v2\/posts\/27780\/revisions\/27782"}],"wp:attachment":[{"href":"http:\/\/info.sadowne.pl\/index.php?rest_route=%2Fwp%2Fv2%2Fmedia&parent=27780"}],"wp:term":[{"taxonomy":"category","embeddable":true,"href":"http:\/\/info.sadowne.pl\/index.php?rest_route=%2Fwp%2Fv2%2Fcategories&post=27780"},{"taxonomy":"post_tag","embeddable":true,"href":"http:\/\/info.sadowne.pl\/index.php?rest_route=%2Fwp%2Fv2%2Ftags&post=27780"}],"curies":[{"name":"wp","href":"https:\/\/api.w.org\/{rel}","templated":true}]}}