{"id":27841,"date":"2023-07-13T14:22:36","date_gmt":"2023-07-13T12:22:36","guid":{"rendered":"http:\/\/info.sadowne.pl\/?p=27841"},"modified":"2023-07-13T14:22:36","modified_gmt":"2023-07-13T12:22:36","slug":"tym-razem-wygrali-panstwo-niegowscy","status":"publish","type":"post","link":"http:\/\/info.sadowne.pl\/?p=27841","title":{"rendered":"Tym razem wygrali Pa\u0144stwo Niegowscy!"},"content":{"rendered":"<p><strong><a href=\"http:\/\/info.sadowne.pl\/wp-content\/uploads\/2023\/07\/2023.07.13.2.jpg\" target=\"_blank\" rel=\"noopener\"><img loading=\"lazy\" decoding=\"async\" class=\"alignleft wp-image-27842 size-thumbnail\" src=\"http:\/\/info.sadowne.pl\/wp-content\/uploads\/2023\/07\/2023.07.13.2-180x130.jpg\" alt=\"\" width=\"180\" height=\"130\" \/><\/a>Pierwszego dnia kalendarzowej wiosny og\u0142osili\u015bmy si\u00f3dm\u0105 ju\u017c edycj\u0119 Konkursu na Najpi\u0119kniejszy Ogr\u00f3d Gminy Sadowne. <\/strong><!--more--><\/p>\n<p>Konkurs ten organizuje Gminny O\u015brodek Kultury w Sadownem pod patronatem W\u00f3jta Gminy Sadowne p. Waldemara Cyrana i patronatem medialnym Info Sadowne\u00a0 G\u0142\u00f3wnym celem Konkursu jest promocja Gminy Sadowne, podnoszenie estetyki naszych miejscowo\u015bci oraz promowanie w\u0142asnych, niepowtarzalnych sposob\u00f3w dekoracji posesji i przydomowych ogrod\u00f3w. Poprzez ten Konkurs chcemy zach\u0119ci\u0107 wszystkich mieszka\u0144c\u00f3w naszej gminy do jak najwi\u0119kszej dba\u0142o\u015bci o w\u0142asne przydomowe gospodarstwa, a tak\u017ce doceni\u0107 nak\u0142ad pracy w\u0142o\u017cony w upi\u0119kszenie w\u0142asnych posesji. Konkurs zako\u0144czony zosta\u0142 wy\u0142onieniem laureat\u00f3w.<\/p>\n<p>Tradycyjnie w pierwszej po\u0142owie lipca zbiera si\u0119 komisja, kt\u00f3ra zgodnie z Regulaminem Konkursu zostaje powo\u0142ania przez Organizatora. Jej zadaniem jest ocena zg\u0142oszonych do Konkursu ogrod\u00f3w. W tym roku w sk\u0142ad komisji weszli: przedstawiciel g\u0142\u00f3wnego sponsora PBS Mr\u00f3wka w Sadownem\u00a0 Aneta Gajewska, Z-ca W\u00f3jta Gminy Sadowne\u00a0 Marcin Gr\u0119da, Dyrektor Gminnego O\u015brodka Kultury w Sadownem Ewa Pi\u00f3rkowska oraz pracownik Urz\u0119du Gminy Sadowne B\u0142a\u017cej Rukat. Komisja bra\u0142a pod uwag\u0119 estetyk\u0119 ogrodu, jego funkcjonalno\u015b\u0107, aran\u017cacj\u0119 przestrzeni, ukwiecenie, dob\u00f3r gatunk\u00f3w oraz nowatorskie pomys\u0142y w\u0142a\u015bcicieli ogrodu.<\/p>\n<p><strong>Po odwiedzeniu wszystkich ogrod\u00f3w komisja og\u0142osi\u0142a wyniki Konkursu na Najpi\u0119kniejszy Ogr\u00f3d Gminy Sadowne. Laureatami konkursu w 2023 roku zostali:<\/strong><\/p>\n<p><strong>I miejsce<\/strong> \u2013 pp. Marzena i Grzegorz Niegowscy \u2013 Zalesie<\/p>\n<p><strong>II miejsce<\/strong> \u2013 p. Mariola Pi\u00f3rkowska &#8211; Grabiny<\/p>\n<p><strong>III miejsce<\/strong> \u2013 p. Jadwiga Stefaniak &#8211; Sadowne.<\/p>\n<p>Komisja postanowi\u0142a przyzna\u0107 tak\u017ce dwa wyr\u00f3\u017cnienia dla pp. Anny i Leszka Ga\u0142\u0105zk\u00f3w z Wilczog\u0105b i pp. Hanny i Mieczys\u0142awa Koro\u015b z Ziele\u0144ca.<\/p>\n<p>Komisja oceniaj\u0105ca ogrody zwr\u00f3ci\u0142a szczeg\u00f3ln\u0105 uwag\u0119 na pi\u0119knie ukwiecone pobocze przy ulicy Ko\u015bciuszki w Sadownem.\u00a0 W tym miejscu chcieliby\u015bmy z\u0142o\u017cy\u0107 serdeczne podzi\u0119kowania Paniom, kt\u00f3re w pi\u0119kny spos\u00f3b zagospodarowa\u0142y przestrze\u0144 publiczn\u0105 mi\u0119dzy jezdni\u0105 a chodnikiem. Dzi\u0119ki waszej pracy ka\u017cda osoba przebywaj\u0105ca na terenie Sadownego mo\u017ce cieszy\u0107 oczy przepi\u0119knymi rabatami kwiatowymi.<\/p>\n<p>Uroczyste wr\u0119czenie nagr\u00f3d laureatom\u00a0 Konkursu na Najpi\u0119kniejszy Ogr\u00f3d Gminy Sadowne 2023\u201d nast\u0105pi podczas Do\u017cynek Gminno-Parafialnych, 15 sierpnia br. w Sadownem.<\/p>\n<p>Sponsorami nagr\u00f3d g\u0142\u00f3wnych miejsc I-III jest PSB Mr\u00f3wka Sadowne p. Tomasz Gajewski. Fundatorem wyr\u00f3\u017cnie\u0144 jest sklep ogrodniczy Agawa II p. \u0141ukasz Filipiak<\/p>\n<p>Laureat\u00f3w Konkursu zapraszamy po odbi\u00f3r nagr\u00f3d, a sponsorom dzi\u0119kujemy za wieloletni\u0105 wsp\u00f3\u0142prac\u0119 z Organizatorami Konkursu oraz wspieranie dzia\u0142a\u0144 na rzecz rozwoju Gminy Sadowne.<\/p>\n<p><strong>Zdj\u0119cia na stronie <span style=\"color: #0000ff;\"><a style=\"color: #0000ff;\" href=\"https:\/\/www.facebook.com\/?filter=all&amp;sk=h_chr\" target=\"_blank\" rel=\"noopener\">https:\/\/www.facebook.com\/?filter=all&amp;sk=h_chr<\/a><\/span><\/strong><\/p>\n<p><strong>\u0179r\u00f3d\u0142o:<\/strong> <a href=\"https:\/\/www.facebook.com\/?filter=all&amp;sk=h_chr\">https:\/\/www.facebook.com\/?filter=all&amp;sk=h_chr<\/a><\/p>\n","protected":false},"excerpt":{"rendered":"<p>Pierwszego dnia kalendarzowej wiosny og\u0142osili\u015bmy si\u00f3dm\u0105 ju\u017c edycj\u0119 Konkursu na Najpi\u0119kniejszy Ogr\u00f3d Gminy Sadowne.<\/p>\n","protected":false},"author":1,"featured_media":0,"comment_status":"closed","ping_status":"closed","sticky":false,"template":"","format":"standard","meta":{"footnotes":""},"categories":[5,91,6],"tags":[169,3936],"class_list":["post-27841","post","type-post","status-publish","format-standard","hentry","category-newsy","category-gminny-osrodek-kultury","category-kultura-rozrywka-edukacja","tag-gminny-osrodek-kultury-w-sadownem","tag-konkurs-najpiekniejszy-ogrod-gminy-sadowne-2023"],"views":2049,"_links":{"self":[{"href":"http:\/\/info.sadowne.pl\/index.php?rest_route=\/wp\/v2\/posts\/27841","targetHints":{"allow":["GET"]}}],"collection":[{"href":"http:\/\/info.sadowne.pl\/index.php?rest_route=\/wp\/v2\/posts"}],"about":[{"href":"http:\/\/info.sadowne.pl\/index.php?rest_route=\/wp\/v2\/types\/post"}],"author":[{"embeddable":true,"href":"http:\/\/info.sadowne.pl\/index.php?rest_route=\/wp\/v2\/users\/1"}],"replies":[{"embeddable":true,"href":"http:\/\/info.sadowne.pl\/index.php?rest_route=%2Fwp%2Fv2%2Fcomments&post=27841"}],"version-history":[{"count":1,"href":"http:\/\/info.sadowne.pl\/index.php?rest_route=\/wp\/v2\/posts\/27841\/revisions"}],"predecessor-version":[{"id":27843,"href":"http:\/\/info.sadowne.pl\/index.php?rest_route=\/wp\/v2\/posts\/27841\/revisions\/27843"}],"wp:attachment":[{"href":"http:\/\/info.sadowne.pl\/index.php?rest_route=%2Fwp%2Fv2%2Fmedia&parent=27841"}],"wp:term":[{"taxonomy":"category","embeddable":true,"href":"http:\/\/info.sadowne.pl\/index.php?rest_route=%2Fwp%2Fv2%2Fcategories&post=27841"},{"taxonomy":"post_tag","embeddable":true,"href":"http:\/\/info.sadowne.pl\/index.php?rest_route=%2Fwp%2Fv2%2Ftags&post=27841"}],"curies":[{"name":"wp","href":"https:\/\/api.w.org\/{rel}","templated":true}]}}