{"id":27912,"date":"2023-07-29T14:35:40","date_gmt":"2023-07-29T12:35:40","guid":{"rendered":"http:\/\/info.sadowne.pl\/?p=27912"},"modified":"2023-07-29T14:51:00","modified_gmt":"2023-07-29T12:51:00","slug":"sposob-na-nude","status":"publish","type":"post","link":"http:\/\/info.sadowne.pl\/?p=27912","title":{"rendered":"Spos\u00f3b na nud\u0119?"},"content":{"rendered":"<p><strong><a href=\"http:\/\/info.sadowne.pl\/wp-content\/uploads\/2023\/07\/2023.07.29.1-scaled.jpg\" target=\"_blank\" rel=\"noopener\"><img loading=\"lazy\" decoding=\"async\" class=\"alignleft wp-image-27913 size-thumbnail\" src=\"http:\/\/info.sadowne.pl\/wp-content\/uploads\/2023\/07\/2023.07.29.1-180x130.jpg\" alt=\"\" width=\"180\" height=\"130\" \/><\/a>Oczywi\u015bcie, \u017ce nie \u2013 to spos\u00f3b na \u017cycie. <\/strong><!--more--><\/p>\n<p><strong>Sadowie\u0144ska grupa mobilna, pa\u0142aj\u0105ca mi\u0142o\u015bci\u0105 do natury i wycieczek pieszych oraz rowerowych, ruszy\u0142a 27 lipca w teren. Tym razem na bicyklach i na po\u0142udnie Polski \u2013 jad\u0105, zwiedzaj\u0105, a jednocze\u015bnie promuj\u0105 Gmin\u0119 Sadowne.<\/strong><\/p>\n<p><a href=\"http:\/\/info.sadowne.pl\/wp-content\/uploads\/2023\/07\/2023.07.29.2.jpg\" target=\"_blank\" rel=\"noopener\"><img loading=\"lazy\" decoding=\"async\" class=\"alignright wp-image-27914 size-medium\" src=\"http:\/\/info.sadowne.pl\/wp-content\/uploads\/2023\/07\/2023.07.29.2-300x225.jpg\" alt=\"\" width=\"300\" height=\"225\" srcset=\"http:\/\/info.sadowne.pl\/wp-content\/uploads\/2023\/07\/2023.07.29.2-300x225.jpg 300w, http:\/\/info.sadowne.pl\/wp-content\/uploads\/2023\/07\/2023.07.29.2-768x576.jpg 768w, http:\/\/info.sadowne.pl\/wp-content\/uploads\/2023\/07\/2023.07.29.2.jpg 960w\" sizes=\"auto, (max-width: 300px) 100vw, 300px\" \/><\/a>Pani Agata S\u0119dek, jedna z uczestniczek tej wycieczki, na pewno wyrazi zgod\u0119, aby \u015bledzi\u0107 tras\u0119 pokonywan\u0105 przez grup\u0119 za po\u015brednictwem Jej facebooka. Zobaczmy wi\u0119c, co w kraju \u201episzczy\u201d &#8211; <span style=\"color: #0000ff;\"><a style=\"color: #0000ff;\" href=\"https:\/\/www.facebook.com\/agata.sedek.7\" target=\"_blank\" rel=\"noopener\"><strong>https:\/\/www.facebook.com\/agata.sedek.7<\/strong><\/a><\/span><\/p>\n<p><strong>Pozdrawiamy i \u017cyczymy wytrwa\u0142o\u015bci!!!<\/strong><\/p>\n<p><strong>Tekst: <\/strong>S\u0142awek Chyli\u0144ski<\/p>\n<p><strong>Foto:<\/strong> Agata S\u0119dek, Marcin Ilczuk<\/p>\n","protected":false},"excerpt":{"rendered":"<p>Oczywi\u015bcie, \u017ce nie \u2013 to spos\u00f3b na \u017cycie.<\/p>\n","protected":false},"author":1,"featured_media":0,"comment_status":"closed","ping_status":"closed","sticky":false,"template":"","format":"standard","meta":{"footnotes":""},"categories":[5,91,6],"tags":[1827,169,4009],"class_list":["post-27912","post","type-post","status-publish","format-standard","hentry","category-newsy","category-gminny-osrodek-kultury","category-kultura-rozrywka-edukacja","tag-gmina-sadowne","tag-gminny-osrodek-kultury-w-sadownem","tag-wycieczka-rowerowa-krakow-sadowne"],"views":1779,"_links":{"self":[{"href":"http:\/\/info.sadowne.pl\/index.php?rest_route=\/wp\/v2\/posts\/27912","targetHints":{"allow":["GET"]}}],"collection":[{"href":"http:\/\/info.sadowne.pl\/index.php?rest_route=\/wp\/v2\/posts"}],"about":[{"href":"http:\/\/info.sadowne.pl\/index.php?rest_route=\/wp\/v2\/types\/post"}],"author":[{"embeddable":true,"href":"http:\/\/info.sadowne.pl\/index.php?rest_route=\/wp\/v2\/users\/1"}],"replies":[{"embeddable":true,"href":"http:\/\/info.sadowne.pl\/index.php?rest_route=%2Fwp%2Fv2%2Fcomments&post=27912"}],"version-history":[{"count":2,"href":"http:\/\/info.sadowne.pl\/index.php?rest_route=\/wp\/v2\/posts\/27912\/revisions"}],"predecessor-version":[{"id":27916,"href":"http:\/\/info.sadowne.pl\/index.php?rest_route=\/wp\/v2\/posts\/27912\/revisions\/27916"}],"wp:attachment":[{"href":"http:\/\/info.sadowne.pl\/index.php?rest_route=%2Fwp%2Fv2%2Fmedia&parent=27912"}],"wp:term":[{"taxonomy":"category","embeddable":true,"href":"http:\/\/info.sadowne.pl\/index.php?rest_route=%2Fwp%2Fv2%2Fcategories&post=27912"},{"taxonomy":"post_tag","embeddable":true,"href":"http:\/\/info.sadowne.pl\/index.php?rest_route=%2Fwp%2Fv2%2Ftags&post=27912"}],"curies":[{"name":"wp","href":"https:\/\/api.w.org\/{rel}","templated":true}]}}