{"id":27980,"date":"2023-08-07T13:21:23","date_gmt":"2023-08-07T11:21:23","guid":{"rendered":"http:\/\/info.sadowne.pl\/?p=27980"},"modified":"2023-08-07T13:21:23","modified_gmt":"2023-08-07T11:21:23","slug":"kronika-strazacka-31-07-06-08-2023","status":"publish","type":"post","link":"http:\/\/info.sadowne.pl\/?p=27980","title":{"rendered":"Kronika stra\u017cacka 31.07 &#8211; 06.08.2023"},"content":{"rendered":"<p><strong><a href=\"http:\/\/info.sadowne.pl\/wp-content\/uploads\/2023\/06\/straz3-scaled.jpg\"><img loading=\"lazy\" decoding=\"async\" class=\"alignleft size-thumbnail wp-image-27687\" src=\"http:\/\/info.sadowne.pl\/wp-content\/uploads\/2023\/06\/straz3-180x130.jpg\" alt=\"\" width=\"180\" height=\"130\" \/><\/a>W<\/strong><strong> okresie<\/strong><strong> od<\/strong><strong> 31.07 do 06.08.2023 \u00a0na<\/strong><strong> terenie<\/strong><strong> powiatu<\/strong><strong> w\u0119growskiego<\/strong><strong> zanotowano<\/strong><strong> 32 zdarzenia,<\/strong><strong> przy<\/strong><strong> kt\u00f3rych<\/strong><strong> interweniowa\u0142y<\/strong><strong> jednostki<\/strong><strong> ochrony<\/strong><strong> przeciwpo\u017carowej, w tym:<\/strong><strong> 5 po\u017car\u00f3w i 27 miejscowych zagro\u017ce\u0144.<\/strong><!--more--><\/p>\n<p><strong>01.08.2023 &#8211; Sulki, gm. Wierzbno \u2013 \u00a0po\u017car upraw &#8211; r\u017cyska.<\/strong><\/p>\n<p>KDR podaje: pali si\u0119 r\u017cysko, po\u017car wchodzi do lasu. Dzia\u0142ania zast\u0119pu polega\u0142y na zabezpieczeniu miejsca zdarzenia oraz podaniu jednego pr\u0105du wody w natarciu na pal\u0105c\u0105 si\u0119 \u015bcio\u0142\u0119 w lesie. Po doje\u017adzie na miejsce prowadzonych dzia\u0142a\u0144 JRG W\u0119gr\u00f3w kierowanie przej\u0105\u0142 d-ca JRG. Podano dodatkowo 3 pr\u0105dy wody na pal\u0105cy si\u0119 m\u0142odnik oraz r\u017cysko. W mi\u0119dzyczasie w\u0142a\u015bciciel pola przy pomocy brony talerzowej obora\u0142 r\u017cysko. Dzia\u0142ania te doprowadzi\u0142y do lokalizacji, a w konsekwencji do likwidacji po\u017caru. R\u017cysko oraz \u015bcio\u0142\u0119 w lesie dok\u0142adnie przelano.<\/p>\n<p>Uleg\u0142o zniszczeniu lub spaleniu :<\/p>\n<p>pole &#8211; r\u017cysko oko\u0142o 2 ha<\/p>\n<p>\u015bcio\u0142a w lesie m\u0142odniku oko\u0142o 0,20 ha<\/p>\n<p>zbo\u017ce na pniu &#8211; owies oko\u0142o 0,10 ha<\/p>\n<p>W DZIA\u0141ANIACH RATOWNICZYCH UDZIA\u0141 BRA\u0141O: 5 zast\u0119p\u00f3w, 26 ratownik\u00f3w.<\/p>\n<p><strong>02.08.2023 \u2013 Suchod\u00f3\u0142, gm. Gr\u0119bk\u00f3w \u2013 zderzenie sam osobowego z ci\u0105gnikiem rolniczym.<\/strong><strong>\u00a0<\/strong><\/p>\n<p>Na DW697 dosz\u0142o do zderzenia samochodu hybrydowego z ci\u0105gnikiem rolniczym. Wszystkie osoby bior\u0105ce udzia\u0142 w zdarzeniu przytomne, samodzielnie opu\u015bci\u0142y pojazdy. Jedna osoba jad\u0105ca samochodem osobowym uskar\u017ca\u0142a si\u0119 na b\u00f3l w klatce piersiowej. Na miejscu byli policjanci. Dzia\u0142ania zast\u0119pu OSP polega\u0142y na zabezpieczeniu miejsca zdarzenia, udzieleniu kwalifikowanej pomocy przedmedycznej poszkodowanej osobie. Dalsze dzia\u0142ania polega\u0142y na zakr\u0119ceniu butli LPG i od\u0142\u0105czeniu instalacji wysokiego napi\u0119cia. Po chwili na miejsce zdarzenia przyby\u0142 ZRM, kt\u00f3remu przekazano osoby poszkodowane.<\/p>\n<p>Uleg\u0142o zniszczeniu lub spaleniu :<\/p>\n<p>ci\u0105gnik rolniczy John Deere &#8211; ko\u0142o lewy ty\u0142<\/p>\n<p>samoch\u00f3d osobowy Lexus &#8211; prz\u00f3d pojazdu<\/p>\n<p>W DZIA\u0141ANIACH RATOWNICZYCH UDZIA\u0141 BRA\u0141O: 2 zast\u0119py, 10 ratownik\u00f3w.<\/p>\n<p><strong>04.08.2023 \u00a0&#8211; W\u0119gr\u00f3w, DK 62 \u2013 <\/strong><strong>zderzenie sam. osobowego z ci\u0119\u017carowym.<\/strong><strong>\u00a0<\/strong><\/p>\n<p>Na DK 62 dosz\u0142o do zdarzenia samochodu ci\u0119\u017carowego oraz samochodu osobowego. ZRM na miejsce zajmuje si\u0119 poszkodowan\u0105 matk\u0105 dziecka, droga cz\u0119\u015bciowo zablokowana. Dzia\u0142ania zast\u0119p\u00f3w polega\u0142y na zabezpieczeniu miejsca zdarzenia oraz kierowaniu ruchem drogowym. Stra\u017cacy pomogli ZRM w udzieleniu pierwszej pomocy osobie poszkodowanej, kt\u00f3ra zosta\u0142a przewieziona do szpitala.<\/p>\n<p>W DZIA\u0141ANIACH RATOWNICZYCH UDZIA\u0141 BRA\u0141O: 4 zast\u0119py, 11 ratownik\u00f3w.<\/p>\n<p><strong>05.08.2023 \u2013 Gwizda\u0142y, gm. \u0141och\u00f3w \u2013 zderzenie sam. osobowego z motocyklem.<\/strong><\/p>\n<p>Na DK62 dosz\u0142o do zderzenia samochodu osobowego z motocyklem. Pojazdami podr\u00f3\u017cowali wy\u0142\u0105cznie kierowcy. W wyniku zdarzenia poszkodowany zosta\u0142 kieruj\u0105cy motocyklem. R\u00f3wnocze\u015bnie z zast\u0119pem OSP na miejsce dotar\u0142y policja i ZRM, kt\u00f3ry zaj\u0105\u0142 si\u0119 poszkodowanym motocyklist\u0105. Dzia\u0142ania zast\u0119pu polega\u0142y na zabezpieczeniu miejsca zdarzenia i od\u0142\u0105czeniu akumulator\u00f3w w pojazdach. Na miejsce dotar\u0142 zast\u0119p Posterunku JRG, kt\u00f3ry wspar\u0142 prowadzone dzia\u0142ania. Po odje\u017adzie karetki z poszkodowanym dzia\u0142ania ratownicze zako\u0144czono, miejsce zdarzenia przekazano protoko\u0142em Policji.<\/p>\n<p>Uleg\u0142o zniszczeniu lub spaleniu:<\/p>\n<p>W DZIA\u0141ANIACH RATOWNICZYCH UDZIA\u0141 BRA\u0141O: 2 zast\u0119py, 10 ratownik\u00f3w<\/p>\n<p><strong>06.08.2023 \u2013 Rowiska, gm. Korytnica \u2013 po\u017car kombajnu na polu.<\/strong><strong>\u00a0<\/strong><\/p>\n<p>Po przybyciu na miejsce zdarzenia stra\u017cacy stwierdzili, \u017ce pali si\u0119 kombajn oraz wok\u00f3\u0142 niego r\u017cysko. Dzia\u0142ania zast\u0119p\u00f3w a polega\u0142y na podaniu dw\u00f3ch pr\u0105d\u00f3w wody w natarciu, co doprowadzi\u0142o do lokalizacji a nast\u0119pnie ugaszenia po\u017caru.<\/p>\n<p>Uleg\u0142o zniszczeniu lub spaleniu :<\/p>\n<p>Kombajn zbo\u017cowy Claas<\/p>\n<p>W DZIA\u0141ANIACH RATOWNICZYCH UDZIA\u0141 BRA\u0141O: 4 zast\u0119py, 22 ratownik\u00f3w.<\/p>\n<p><strong>KP PSP W\u0119gr\u00f3w<\/strong><\/p>\n","protected":false},"excerpt":{"rendered":"<p>W okresie od 31.07 do 06.08.2023 \u00a0na terenie powiatu w\u0119growskiego zanotowano 32 zdarzenia, przy kt\u00f3rych interweniowa\u0142y jednostki ochrony przeciwpo\u017carowej, w tym: 5 po\u017car\u00f3w i 27 miejscowych zagro\u017ce\u0144.<\/p>\n","protected":false},"author":1,"featured_media":0,"comment_status":"closed","ping_status":"closed","sticky":false,"template":"","format":"standard","meta":{"footnotes":""},"categories":[5,4,267],"tags":[491,643],"class_list":["post-27980","post","type-post","status-publish","format-standard","hentry","category-newsy","category-policja-straz-pozarna-pogotowie-ratunkowe","category-straz-pozarna-policja-straz-pozarna-pogotowie-ratunkowe","tag-komenda-powiatowa-panstwowej-strazy-pozarnej-w-wegrowie","tag-kronika-strazacka"],"views":1627,"_links":{"self":[{"href":"http:\/\/info.sadowne.pl\/index.php?rest_route=\/wp\/v2\/posts\/27980","targetHints":{"allow":["GET"]}}],"collection":[{"href":"http:\/\/info.sadowne.pl\/index.php?rest_route=\/wp\/v2\/posts"}],"about":[{"href":"http:\/\/info.sadowne.pl\/index.php?rest_route=\/wp\/v2\/types\/post"}],"author":[{"embeddable":true,"href":"http:\/\/info.sadowne.pl\/index.php?rest_route=\/wp\/v2\/users\/1"}],"replies":[{"embeddable":true,"href":"http:\/\/info.sadowne.pl\/index.php?rest_route=%2Fwp%2Fv2%2Fcomments&post=27980"}],"version-history":[{"count":1,"href":"http:\/\/info.sadowne.pl\/index.php?rest_route=\/wp\/v2\/posts\/27980\/revisions"}],"predecessor-version":[{"id":27981,"href":"http:\/\/info.sadowne.pl\/index.php?rest_route=\/wp\/v2\/posts\/27980\/revisions\/27981"}],"wp:attachment":[{"href":"http:\/\/info.sadowne.pl\/index.php?rest_route=%2Fwp%2Fv2%2Fmedia&parent=27980"}],"wp:term":[{"taxonomy":"category","embeddable":true,"href":"http:\/\/info.sadowne.pl\/index.php?rest_route=%2Fwp%2Fv2%2Fcategories&post=27980"},{"taxonomy":"post_tag","embeddable":true,"href":"http:\/\/info.sadowne.pl\/index.php?rest_route=%2Fwp%2Fv2%2Ftags&post=27980"}],"curies":[{"name":"wp","href":"https:\/\/api.w.org\/{rel}","templated":true}]}}