{"id":28000,"date":"2023-08-11T16:57:34","date_gmt":"2023-08-11T14:57:34","guid":{"rendered":"http:\/\/info.sadowne.pl\/?p=28000"},"modified":"2023-08-11T16:57:34","modified_gmt":"2023-08-11T14:57:34","slug":"iskry-niepodleglej","status":"publish","type":"post","link":"http:\/\/info.sadowne.pl\/?p=28000","title":{"rendered":"Iskry Niepodleg\u0142ej"},"content":{"rendered":"<p><strong><a href=\"http:\/\/info.sadowne.pl\/wp-content\/uploads\/2023\/08\/2023.08.11.3.jpg\"><img loading=\"lazy\" decoding=\"async\" class=\"alignleft size-thumbnail wp-image-28001\" src=\"http:\/\/info.sadowne.pl\/wp-content\/uploads\/2023\/08\/2023.08.11.3-180x130.jpg\" alt=\"\" width=\"180\" height=\"130\" \/><\/a>Multimedialny spektakl &#8211; ISKRY NIEPODLEG\u0141EJ &#8211; na Rynku Mariackim w W\u0119growie.<\/strong><!--more--><\/p>\n<p>O Polakach, kt\u00f3rzy zmieniali \u015bwiat. Zanurz si\u0119 w \u015bwiat interaktywnego spektaklu, kt\u00f3ry znajdziesz w mobilnej przestrzeni przemierzaj\u0105cej ca\u0142\u0105 Polsk\u0119.<\/p>\n<p>Multimedialne widowisko b\u0119dzie prezentowane w dniach od 24 do 26 sierpnia na Rynku Mariackim w W\u0119growie. ZAPRASZAMY!<\/p>\n<p>Najnowszy mobilny projekt Biura \u201eNiepodleg\u0142a\u201d pn. ISKRY NIEPODLEG\u0141EJ to multimedialny spektakl, kt\u00f3rego scen\u0105 jest nowoczesna naczepa ekspozycyjna, opowiada o wybitnych Polkach i Polakach.<\/p>\n<p>ISKRY NIEPODLEG\u0141EJ to mobilne widowisko edukacyjne Biura \u201eNiepodleg\u0142a\u201d. Wychodz\u0105c od sylwetek ojc\u00f3w niepodleg\u0142o\u015bci, prezentuje ono opowie\u015b\u0107, w kt\u00f3r\u0105 wpleciono postaci podr\u00f3\u017cnik\u00f3w, sportowc\u00f3w i tw\u00f3rc\u00f3w kultury, wybitnych dzia\u0142aczy spo\u0142ecznych i naukowc\u00f3w, kt\u00f3rych odkrycia zmieni\u0142y \u015bwiat. Unikalne rozwi\u0105zania technologiczne, dzia\u0142aj\u0105c na r\u00f3\u017cne zmys\u0142y, w spos\u00f3b przyst\u0119pny i atrakcyjny buduj\u0105 niesamowit\u0105 opowie\u015b\u0107 o potencjale naszej polskiej wsp\u00f3lnoty. Widowisko jest wy\u015bwietlane w specjalnie zaprojektowanej naczepie ekspozycyjnej, dzi\u0119ki czemu mo\u017ce ono podr\u00f3\u017cowa\u0107 po ca\u0142ym kraju, a wirtualn\u0105 opowie\u015b\u0107 b\u0119dzie mo\u017cna w najbli\u017cszych miesi\u0105cach obejrze\u0107 w dziesi\u0105tkach miejscowo\u015bci w ca\u0142ej Polsce.<\/p>\n<p>Projekt ISKRY NIEPODLEG\u0141EJ sfinansowano z bud\u017cetu Pa\u0144stwa w ramach \u015brodk\u00f3w Ministerstwo Kultury i Dziedzictwa Narodowego. Mecenasem projektu jest ORLEN. Tras\u0119 wspiera Fundacja ORLEN.<\/p>\n<p><strong>Regulamin ISKRY NIEPODLEG\u0141EJ na stronie <span style=\"color: #0000ff;\"><a style=\"color: #0000ff;\" href=\"https:\/\/powiatwegrowski.pl\/aktualnosci\/wiadomosci-dnia\/multimedialny-spektakl-iskry-niepodleglej-na-rynku-mariackim-w-wegrowie.7630\/\" target=\"_blank\" rel=\"noopener\">https:\/\/powiatwegrowski.pl\/aktualnosci\/wiadomosci-dnia\/multimedialny-spektakl-iskry-niepodleglej-na-rynku-mariackim-w-wegrowie.7630\/<\/a><\/span><\/strong><\/p>\n<p><a href=\"http:\/\/info.sadowne.pl\/wp-content\/uploads\/2023\/08\/2023.08.11.3.jpg\"><img loading=\"lazy\" decoding=\"async\" class=\"aligncenter size-full wp-image-28001\" src=\"http:\/\/info.sadowne.pl\/wp-content\/uploads\/2023\/08\/2023.08.11.3.jpg\" alt=\"\" width=\"606\" height=\"848\" srcset=\"http:\/\/info.sadowne.pl\/wp-content\/uploads\/2023\/08\/2023.08.11.3.jpg 606w, http:\/\/info.sadowne.pl\/wp-content\/uploads\/2023\/08\/2023.08.11.3-214x300.jpg 214w\" sizes=\"auto, (max-width: 606px) 100vw, 606px\" \/><\/a><\/p>\n","protected":false},"excerpt":{"rendered":"<p>Multimedialny spektakl &#8211; ISKRY NIEPODLEG\u0141EJ &#8211; na Rynku Mariackim w W\u0119growie.<\/p>\n","protected":false},"author":1,"featured_media":0,"comment_status":"closed","ping_status":"closed","sticky":false,"template":"","format":"standard","meta":{"footnotes":""},"categories":[5,1,2495],"tags":[4012,198],"class_list":["post-28000","post","type-post","status-publish","format-standard","hentry","category-newsy","category-inne","category-nasi-sasiedzi","tag-spektakl-iskry-niepodleglej","tag-starostwo-powiatowe-w-wegrowie"],"views":1462,"_links":{"self":[{"href":"http:\/\/info.sadowne.pl\/index.php?rest_route=\/wp\/v2\/posts\/28000","targetHints":{"allow":["GET"]}}],"collection":[{"href":"http:\/\/info.sadowne.pl\/index.php?rest_route=\/wp\/v2\/posts"}],"about":[{"href":"http:\/\/info.sadowne.pl\/index.php?rest_route=\/wp\/v2\/types\/post"}],"author":[{"embeddable":true,"href":"http:\/\/info.sadowne.pl\/index.php?rest_route=\/wp\/v2\/users\/1"}],"replies":[{"embeddable":true,"href":"http:\/\/info.sadowne.pl\/index.php?rest_route=%2Fwp%2Fv2%2Fcomments&post=28000"}],"version-history":[{"count":1,"href":"http:\/\/info.sadowne.pl\/index.php?rest_route=\/wp\/v2\/posts\/28000\/revisions"}],"predecessor-version":[{"id":28002,"href":"http:\/\/info.sadowne.pl\/index.php?rest_route=\/wp\/v2\/posts\/28000\/revisions\/28002"}],"wp:attachment":[{"href":"http:\/\/info.sadowne.pl\/index.php?rest_route=%2Fwp%2Fv2%2Fmedia&parent=28000"}],"wp:term":[{"taxonomy":"category","embeddable":true,"href":"http:\/\/info.sadowne.pl\/index.php?rest_route=%2Fwp%2Fv2%2Fcategories&post=28000"},{"taxonomy":"post_tag","embeddable":true,"href":"http:\/\/info.sadowne.pl\/index.php?rest_route=%2Fwp%2Fv2%2Ftags&post=28000"}],"curies":[{"name":"wp","href":"https:\/\/api.w.org\/{rel}","templated":true}]}}