{"id":28006,"date":"2023-08-14T15:53:54","date_gmt":"2023-08-14T13:53:54","guid":{"rendered":"http:\/\/info.sadowne.pl\/?p=28006"},"modified":"2023-08-14T15:53:54","modified_gmt":"2023-08-14T13:53:54","slug":"kronika-strazacka-07-13-08-2023","status":"publish","type":"post","link":"http:\/\/info.sadowne.pl\/?p=28006","title":{"rendered":"Kronika stra\u017cacka 07 \u2013 13.08.2023"},"content":{"rendered":"<p><strong><a href=\"http:\/\/info.sadowne.pl\/wp-content\/uploads\/2023\/06\/straz3-scaled.jpg\"><img loading=\"lazy\" decoding=\"async\" class=\"alignleft size-thumbnail wp-image-27687\" src=\"http:\/\/info.sadowne.pl\/wp-content\/uploads\/2023\/06\/straz3-180x130.jpg\" alt=\"\" width=\"180\" height=\"130\" \/><\/a>W<\/strong><strong> okresie<\/strong><strong> 07 &#8211; 13.08.2023 na<\/strong><strong> terenie<\/strong><strong> powiatu<\/strong><strong> w\u0119growskiego<\/strong><strong> zanotowano:<\/strong><strong> 34 zdarzenia,<\/strong><strong> przy<\/strong><strong> kt\u00f3rych<\/strong><strong> interweniowa\u0142y<\/strong><strong> jednostki<\/strong><strong> ochrony<\/strong><strong> przeciwpo\u017carowej, w tym:<\/strong><strong> 3 po\u017cary, 30 miejscowych zagro\u017ce\u0144 i 1 alarm fa\u0142szywy.<\/strong><!--more--><\/p>\n<p><strong>10.08.2023 \u2013 Ostr\u00f3wek, DK 50 \u2013 \u00a0Zderzenie samochodu osobowego z ci\u0119\u017carowym.<\/strong><\/p>\n<p>Na DK50, zjazd w ul. Jana Paw\u0142a II, dosz\u0142o do zdarzenia drogowego z udzia\u0142em samochodu ci\u0119\u017carowego i osobowego. Droga by\u0142a cz\u0119\u015bciowo przejezdna, jad\u0105cy pojazdami sami powychodzili z pojazd\u00f3w i nie odnie\u015bli obra\u017ce\u0144 bezpo\u015brednio zagra\u017caj\u0105cych \u017cyciu. Dzia\u0142ania zast\u0119pu polega\u0142y na zabezpieczeniu i oznakowaniu miejsca zdarzenia oraz udzieleniu poszkodowanemu kwalifikowanej pierwszej pomocy. W dalszej cz\u0119\u015bci na miejsce przyby\u0142 zast\u0119p OSP Ostr\u00f3wek, kt\u00f3ry wspar\u0142 dzia\u0142ania PSP. Po przybyciu Policji i ZRM poszkodowany zosta\u0142 przekazany do ZRM. W dalszej cz\u0119\u015bci dzia\u0142ania polega\u0142y na pomocy Policji w zabezpieczeniu ruchu drogowego. Po odje\u017adzie z miejsca zdarzenia ZRM z poszkodowanym, przekazano miejsce zdarzenia Policji i zast\u0119py wr\u00f3ci\u0142y do bazy.<\/p>\n<p>W DZIA\u0141ANIACH RATOWNICZYCH UDZIA\u0141 BRA\u0141O: 2 zast\u0119py, 10 ratownik\u00f3w.<\/p>\n<p><strong>10.08.2023 \u2013 Grabiny, gm. Sadowne \u2013 Zderzenie samochod\u00f3w osobowych.<\/strong><\/p>\n<p>W miejscowo\u015bci Grabiny dosz\u0142o do zdarzenia drogowego z udzia\u0142em 2 samochod\u00f3w osobowych. Droga by\u0142a cz\u0119\u015bciowo przejezdna (jeden sta\u0142 na poboczu, a drugi na \u015brodku jezdni), jad\u0105cy pojazdami sami powychodzili z pojazd\u00f3w i nie odnie\u015bli obra\u017ce\u0144 bezpo\u015brednio zagra\u017caj\u0105cych \u017cyciu. Dzia\u0142ania zast\u0119pu polega\u0142y na zabezpieczeniu i oznakowaniu miejsca zdarzenia oraz udzieleniu jednej osobie kwalifikowanej pierwszej pomocy. W dalszej cz\u0119\u015bci na miejsce przyby\u0142 zast\u0119p OSP Szynkarzyzna i Posterunek JRG Ostr\u00f3wek, kt\u00f3re wspar\u0142y dzia\u0142ania. Po przybyciu Policji i ZRM poszkodowana zosta\u0142a przekazana do ZRM. W dalszej cz\u0119\u015bci dzia\u0142ania polega\u0142y na pomocy Policji w zabezpieczeniu ruchu drogowego. Po odje\u017adzie z miejsca zdarzenia ZRM z poszkodowan\u0105, przekazano miejsce zdarzenia Policji, zast\u0119p JRG i jeden OSP powr\u00f3ci\u0142y do koszar. Na miejscu pozosta\u0142 jeden z zast\u0119p\u00f3w OSP w celu pomocy Policji w zabezpieczeniu miejsca zdarzenia.<\/p>\n<p>W DZIA\u0141ANIACH RATOWNICZYCH UDZIA\u0141 BRA\u0141O: 3 zast\u0119py, 16 ratownik\u00f3w<\/p>\n<p><strong>12.08.2023 \u2013 Ogrodniki, gm. \u0141och\u00f3w, DK 50 \u2013 <\/strong><strong>Zderzenie samochodu osobowego z ci\u0119\u017carowym.<\/strong><strong>\u00a0<\/strong><\/p>\n<p>Po dotarciu na miejsce zdarzenia, stra\u017cacy stwierdzili, \u017ce na skrzy\u017cowaniu drogi krajowej nr 50 (263km) i drogi powiatowej 4209 (4km) dosz\u0142o do zderzenia samochodu osobowego \u00a0i ci\u0119\u017carowego \u00a0z naczep\u0105. Samoch\u00f3d osobowy znajdowa\u0142 si\u0119 w rowie, a w \u015brodku by\u0142a jedna poszkodowana osoba. Samoch\u00f3d ci\u0119\u017carowy pozosta\u0142 na drodze, a kierowca nie odni\u00f3s\u0142 obra\u017ce\u0144. W wyniku stwierdzonych obra\u017ce\u0144 u osoby znajduj\u0105cej si\u0119 w poje\u017adzie odst\u0105piono od KPP. DK 50 zablokowana ca\u0142kowicie w miejscu zdarzenia. Ratownicy medycznie stwierdzili zgon kierowcy samochodu osobowego. Po zako\u0144czeniu czynno\u015bci prokuratury, wsp\u00f3lnie ze S\u0142u\u017cb\u0105 Drogow\u0105, usuni\u0119to z jezdni elementy uszkodzonych pojazd\u00f3w i p\u0142yny eksploatacyjne rozlane na drodze. Na tym dzia\u0142ania zako\u0144czono.<\/p>\n<p>W DZIA\u0141ANIACH RATOWNICZYCH UDZIA\u0141 BRA\u0141O: 3 zast\u0119py, 18 ratownik\u00f3w.<\/p>\n<p><strong>13.08.2023 \u2013 \u015awidno, gm. Wierzbno \u2013 Po\u017car prasy rolniczej i r\u017cyska na polu uprawnym.<\/strong><strong>\u00a0<\/strong><\/p>\n<p>Po doje\u017adzie pierwszego zast\u0119pu OSP Wierzbno stwierdzono po\u017car prasy i r\u017cyska oko\u0142o 40 ar\u00f3w, po\u017car wchodzi w las. Na miejsce prowadzonych dzia\u0142a\u0144 dojecha\u0142y kolejne zast\u0119py, kt\u00f3re wspar\u0142y dzia\u0142ania pierwszego przyby\u0142ego zast\u0119pu. Podano \u0142\u0105cznie 4 pr\u0105dy wody, w tym jeden z dzia\u0142ka przewo\u017anego. Doprowadzi\u0142o to do lokalizacji, a w rezultacie likwidacji po\u017caru. R\u017cysko i las (oko\u0142o 10 ar\u00f3w) dok\u0142adnie przelano i przekazano w\u0142a\u015bcicielowi, maszyn\u0119 rolnicz\u0105 zabrano z pola na utwardzony plac. Po zatankowaniu\u00a0 zast\u0119py wr\u00f3ci\u0142y do swoich macierzystych jednostek.<\/p>\n<p>W DZIA\u0141ANIACH RATOWNICZYCH UDZIA\u0141 BRA\u0141O: 4 zast\u0119py, 20 ratownik\u00f3w.<\/p>\n<p><strong>13.08.2023 \u2013 Oci\u0119te, gm.\u00a0 Sadowne \u2013 Samoch\u00f3d osobowy uderzy\u0142 w drzewo.<\/strong><strong>\u00a0<\/strong><\/p>\n<p>Po dotarciu na miejsce zdarzenia stra\u017cacy stwierdzili, \u017ce dosz\u0142o do zderzenia samochodu osobowego z drzewem &#8211; pojazd znajduje si\u0119 poza pasem drogi &#8211; kieruj\u0105cy pojazdem poza samochodem &#8211; przytomny &#8211; brak innych uczestnik\u00f3w wypadku. Dzia\u0142ania przyby\u0142ych zast\u0119p\u00f3w polega\u0142y na zabezpieczeniu miejsca zdarzenia, udzieleniu KPP poszkodowanemu. Poszkodowany zosta\u0142 przekazany przyby\u0142emu ZRM. Po odje\u017adzie ZRM, miejsce zdarzenia przekazano protoko\u0142em Policji, po czym zast\u0119py zako\u0144czy\u0142y dzia\u0142ania i wr\u00f3ci\u0142y do koszar.<\/p>\n<p>W DZIA\u0141ANIACH RATOWNICZYCH UDZIA\u0141 BRA\u0141O: 2 zast\u0119py, 10 ratownik\u00f3w.<\/p>\n<p><strong>KP PSP W\u0119gr\u00f3w<\/strong><\/p>\n","protected":false},"excerpt":{"rendered":"<p>W okresie 07 &#8211; 13.08.2023 na terenie powiatu w\u0119growskiego zanotowano: 34 zdarzenia, przy kt\u00f3rych interweniowa\u0142y jednostki ochrony przeciwpo\u017carowej, w tym: 3 po\u017cary, 30 miejscowych zagro\u017ce\u0144 i 1 alarm fa\u0142szywy.<\/p>\n","protected":false},"author":1,"featured_media":0,"comment_status":"closed","ping_status":"closed","sticky":false,"template":"","format":"standard","meta":{"footnotes":""},"categories":[5,4,267],"tags":[491,643],"class_list":["post-28006","post","type-post","status-publish","format-standard","hentry","category-newsy","category-policja-straz-pozarna-pogotowie-ratunkowe","category-straz-pozarna-policja-straz-pozarna-pogotowie-ratunkowe","tag-komenda-powiatowa-panstwowej-strazy-pozarnej-w-wegrowie","tag-kronika-strazacka"],"views":1648,"_links":{"self":[{"href":"http:\/\/info.sadowne.pl\/index.php?rest_route=\/wp\/v2\/posts\/28006","targetHints":{"allow":["GET"]}}],"collection":[{"href":"http:\/\/info.sadowne.pl\/index.php?rest_route=\/wp\/v2\/posts"}],"about":[{"href":"http:\/\/info.sadowne.pl\/index.php?rest_route=\/wp\/v2\/types\/post"}],"author":[{"embeddable":true,"href":"http:\/\/info.sadowne.pl\/index.php?rest_route=\/wp\/v2\/users\/1"}],"replies":[{"embeddable":true,"href":"http:\/\/info.sadowne.pl\/index.php?rest_route=%2Fwp%2Fv2%2Fcomments&post=28006"}],"version-history":[{"count":1,"href":"http:\/\/info.sadowne.pl\/index.php?rest_route=\/wp\/v2\/posts\/28006\/revisions"}],"predecessor-version":[{"id":28007,"href":"http:\/\/info.sadowne.pl\/index.php?rest_route=\/wp\/v2\/posts\/28006\/revisions\/28007"}],"wp:attachment":[{"href":"http:\/\/info.sadowne.pl\/index.php?rest_route=%2Fwp%2Fv2%2Fmedia&parent=28006"}],"wp:term":[{"taxonomy":"category","embeddable":true,"href":"http:\/\/info.sadowne.pl\/index.php?rest_route=%2Fwp%2Fv2%2Fcategories&post=28006"},{"taxonomy":"post_tag","embeddable":true,"href":"http:\/\/info.sadowne.pl\/index.php?rest_route=%2Fwp%2Fv2%2Ftags&post=28006"}],"curies":[{"name":"wp","href":"https:\/\/api.w.org\/{rel}","templated":true}]}}