{"id":28061,"date":"2023-08-21T16:33:19","date_gmt":"2023-08-21T14:33:19","guid":{"rendered":"http:\/\/info.sadowne.pl\/?p=28061"},"modified":"2023-08-21T16:33:19","modified_gmt":"2023-08-21T14:33:19","slug":"kronika-strazacka-14-20-08-2023","status":"publish","type":"post","link":"http:\/\/info.sadowne.pl\/?p=28061","title":{"rendered":"Kronika stra\u017cacka 14 \u2013 20.08.2023"},"content":{"rendered":"<p><strong><a href=\"http:\/\/info.sadowne.pl\/wp-content\/uploads\/2023\/06\/straz3-scaled.jpg\"><img loading=\"lazy\" decoding=\"async\" class=\"alignleft size-thumbnail wp-image-27687\" src=\"http:\/\/info.sadowne.pl\/wp-content\/uploads\/2023\/06\/straz3-180x130.jpg\" alt=\"\" width=\"180\" height=\"130\" \/><\/a>W<\/strong><strong> okresie<\/strong><strong> 14 &#8211; 20.08.2023 na<\/strong><strong> terenie<\/strong><strong> powiatu<\/strong><strong> w\u0119growskiego<\/strong><strong> zanotowano: <\/strong><strong>57 zdarze\u0144,<\/strong><strong> przy<\/strong><strong> kt\u00f3rych<\/strong><strong> interweniowa\u0142y<\/strong><strong> jednostki<\/strong><strong> ochrony<\/strong><strong> przeciwpo\u017carowej, w tym:<\/strong><strong> 11 po\u017car\u00f3w i 46 miejscowych zagro\u017ce\u0144.<\/strong><strong>\u00a0<\/strong><!--more--><\/p>\n<p><strong>18-08-2023 \u2013 Drgicz, gm. Stoczek &#8211; \u00a0po\u017car samochodu.<\/strong><\/p>\n<p>Po przybyciu na miejsce zdarzenia OSP Stoczek po\u017carem obj\u0119ty jest samoch\u00f3d osobowy w ca\u0142o\u015bci, na posesji prywatnej, brak os\u00f3b poszkodowanych. Dzia\u0142ania stra\u017cak\u00f3w polega\u0142y na zabezpieczeniu miejsca zdarzenia, rozwini\u0119ciu linii ga\u015bniczej oraz podaniu pr\u0105du piany ci\u0119\u017ckiej w natarciu. Po minucie na miejsce zdarzenia przyby\u0142 zast\u0119p Posterunek JRG, kt\u00f3ry wspar\u0142 prowadzone dzia\u0142ania ga\u015bnicze rozwijaj\u0105c jeszcze jedn\u0105 lini\u0119 oraz podaj\u0105c pr\u0105d wody na pal\u0105c\u0105 si\u0119 traw\u0119 oraz podwozie pojazdu. Dzia\u0142ania te doprowadzi\u0142y do lokalizacji,\u00a0\u00a0\u00a0\u00a0\u00a0\u00a0\u00a0\u00a0\u00a0\u00a0\u00a0\u00a0\u00a0\u00a0\u00a0\u00a0\u00a0 \u00a0a finalnie do ugaszenia po\u017caru.<\/p>\n<p>W DZIA\u0141ANIACH RATOWNICZYCH UDZIA\u0141 BRA\u0141O: 3 zast\u0119py, 13 ratownik\u00f3w.<\/p>\n<p>Uleg\u0142o zniszczeniu lub spaleniu: samoch\u00f3d osobowy.<\/p>\n<p><strong>19-08-2023 \u2013 Stawiska, gm. Gr\u0119bk\u00f3w \u2013 dachowanie samochodu osobowego.<\/strong><\/p>\n<p>Na drodze gminnej dosz\u0142o do dachowania samochodu osobowego (samoch\u00f3d na dachu, poza drog\u0105), dwoje podr\u00f3\u017cuj\u0105cych znajdowa\u0142o si\u0119 na zewn\u0105trz pojazdu. Kieruj\u0105cy dzia\u0142aniami uzyska\u0142 nieprecyzyjn\u0105 informacj\u0119 od podr\u00f3\u017cuj\u0105cych, \u017ce prawdopodobnie samochodem podr\u00f3\u017cowa\u0142o 4 osoby, z czego dwie oddali\u0142y si\u0119 w nieznanym kierunku. Dzia\u0142ania zast\u0119pu polega\u0142y na zabezpieczeniu miejsca zdarzenia, o\u015bwietleniu terenu dzia\u0142a\u0144, postawieniu pojazdu na ko\u0142a w celu sprawdzenia czy nie ma wi\u0119cej os\u00f3b poszkodowanych &#8211; nie stwierdzono oraz od\u0142\u0105czeniu akumulatora i zakr\u0119ceniu gazu w poje\u017adzie. Sprawdzono teren w promieniu 100 m czy nie ma os\u00f3b poszkodowanych.<\/p>\n<p>W DZIA\u0141ANIACH RATOWNICZYCH UDZIA\u0141 BRA\u0141O: 2 zast\u0119py, 10 ratownik\u00f3w.<\/p>\n<p>Uleg\u0142o zniszczeniu lub spaleniu: samoch\u00f3d osobowy Opel.<\/p>\n<p><strong>W dniu 14. 08. 2023<\/strong> przez teren p\u00f3\u0142nocno-wschodniej cz\u0119\u015bci powiatu przesz\u0142a nawa\u0142nica, gdzie\u00a0 interweniowa\u0142y JOP \/podtopienia w \u0141ochowie\/.<\/p>\n<p>14 wyjazd\u00f3w do lokalnych podtopie\u0144 posesji \u2013 71 stra\u017cak\u00f3w,<\/p>\n<p>8 wyjazd\u00f3w do uszkodzonych i powalonych drzew \u2013 54 stra\u017cak\u00f3w.<\/p>\n<p><strong>KP PSP W\u0119gr\u00f3w<\/strong><\/p>\n","protected":false},"excerpt":{"rendered":"<p>W okresie 14 &#8211; 20.08.2023 na terenie powiatu w\u0119growskiego zanotowano: 57 zdarze\u0144, przy kt\u00f3rych interweniowa\u0142y jednostki ochrony przeciwpo\u017carowej, w tym: 11 po\u017car\u00f3w i 46 miejscowych zagro\u017ce\u0144.\u00a0<\/p>\n","protected":false},"author":1,"featured_media":0,"comment_status":"closed","ping_status":"closed","sticky":false,"template":"","format":"standard","meta":{"footnotes":""},"categories":[5,4,267],"tags":[],"class_list":["post-28061","post","type-post","status-publish","format-standard","hentry","category-newsy","category-policja-straz-pozarna-pogotowie-ratunkowe","category-straz-pozarna-policja-straz-pozarna-pogotowie-ratunkowe"],"views":1587,"_links":{"self":[{"href":"http:\/\/info.sadowne.pl\/index.php?rest_route=\/wp\/v2\/posts\/28061","targetHints":{"allow":["GET"]}}],"collection":[{"href":"http:\/\/info.sadowne.pl\/index.php?rest_route=\/wp\/v2\/posts"}],"about":[{"href":"http:\/\/info.sadowne.pl\/index.php?rest_route=\/wp\/v2\/types\/post"}],"author":[{"embeddable":true,"href":"http:\/\/info.sadowne.pl\/index.php?rest_route=\/wp\/v2\/users\/1"}],"replies":[{"embeddable":true,"href":"http:\/\/info.sadowne.pl\/index.php?rest_route=%2Fwp%2Fv2%2Fcomments&post=28061"}],"version-history":[{"count":1,"href":"http:\/\/info.sadowne.pl\/index.php?rest_route=\/wp\/v2\/posts\/28061\/revisions"}],"predecessor-version":[{"id":28062,"href":"http:\/\/info.sadowne.pl\/index.php?rest_route=\/wp\/v2\/posts\/28061\/revisions\/28062"}],"wp:attachment":[{"href":"http:\/\/info.sadowne.pl\/index.php?rest_route=%2Fwp%2Fv2%2Fmedia&parent=28061"}],"wp:term":[{"taxonomy":"category","embeddable":true,"href":"http:\/\/info.sadowne.pl\/index.php?rest_route=%2Fwp%2Fv2%2Fcategories&post=28061"},{"taxonomy":"post_tag","embeddable":true,"href":"http:\/\/info.sadowne.pl\/index.php?rest_route=%2Fwp%2Fv2%2Ftags&post=28061"}],"curies":[{"name":"wp","href":"https:\/\/api.w.org\/{rel}","templated":true}]}}