{"id":28072,"date":"2023-08-24T20:21:43","date_gmt":"2023-08-24T18:21:43","guid":{"rendered":"http:\/\/info.sadowne.pl\/?p=28072"},"modified":"2023-08-24T20:21:43","modified_gmt":"2023-08-24T18:21:43","slug":"dobrodzieje-kosciola-brokowskiego","status":"publish","type":"post","link":"http:\/\/info.sadowne.pl\/?p=28072","title":{"rendered":"DOBRODZIEJE KO\u015aCIO\u0141A BROKOWSKIEGO"},"content":{"rendered":"<p><strong><a href=\"http:\/\/info.sadowne.pl\/wp-content\/uploads\/2023\/08\/Brok140.jpg\" target=\"_blank\" rel=\"noopener\"><img loading=\"lazy\" decoding=\"async\" class=\"alignleft wp-image-28073 size-thumbnail\" src=\"http:\/\/info.sadowne.pl\/wp-content\/uploads\/2023\/08\/Brok140-180x130.jpg\" alt=\"\" width=\"180\" height=\"130\" \/><\/a>\u2013 Ot\u00f3\u017c przyjecha\u0142em do rodziciel\u00f3w, kt\u00f3rzy radzi mnie widzieli i oczom nie chcieli wierzy\u0107, gdym im wszystko, com zebra\u0142, pokaza\u0142. <\/strong><!--more--><\/p>\n<p>Musia\u0142em dziadusiowi przysi\u0105dz, \u017cem uczciw\u0105 drog\u0105 do tego przyszed\u0142. Dopiero\u017c si\u0119 ucieszyli, bo trzeba waszmo\u015bciom wiedzie\u0107, \u017ce oni maj\u0105 tam proces z Jaworskimi o grusz\u0119, co na miedzy stoi i w po\u0142owie nad Jaworskimi gruntami, a w po\u0142owie nad naszymi ma ga\u0142\u0119zie. Ow\u00f3\u017c jak Jaworscy trz\u0119s\u0105, to i nasze gruszki opadaj\u0105, a du\u017co idzie na miedz\u0119. Oni tedy powiadaj\u0105, \u017ce te, co na miedzy le\u017c\u0105, to ich, a my\u2026<\/p>\n<p>\u2013 Ch\u0142opie, nie przyw\u00f3d\u017a\u017ce mnie do gniewu! \u2013 rzek\u0142 Zag\u0142oba \u2013 i nie m\u00f3w tego, co do rzeczy nie nale\u017cy\u2026<\/p>\n<p>\u2013 Najprz\u00f3d, z przeproszeniem jegomo\u015bci, nie jestem ja \u017caden ch\u0142op, jeno szlachcic, cho\u0107 ubogi, ale herbowy, co jegomo\u015bci i pan porucznik Wo\u0142odyjowski i pan Podbipi\u0119ta, jako znajomi pana Skrzetuskiego, powiedz\u0105, a powt\u00f3re ten proces trwa ju\u017c lat pi\u0119\u0107dziesi\u0105t\u2026<\/p>\n<p>Zapyta si\u0119 niejeden z czytelnik\u00f3w:<\/p>\n<p>\u2013 Gdzie Rzym, a gdzie Krym? Co ma si\u0119 grusza Rz\u0119dzian\u00f3w do brokowskich dobrodziej\u00f3w?<\/p>\n<p>Ot\u00f3\u017c ja odpowiem komu\u015b tak dociekliwemu wyczerpuj\u0105co, cho\u0107 nieco niegramatycznie:<\/p>\n<p>\u2013 Ano ma si\u0119!<\/p>\n<p>Gdy bowiem przegl\u0105da\u0142em dokumenty tycz\u0105ce nada\u0144, jakimi przer\u00f3\u017cni szlachetni i hojni ludzie obdarowali ko\u015bci\u00f3\u0142 brokowski, to raz za razem przypomina\u0142em sobie powy\u017cszy fragment z genialnego dzie\u0142a naszego noblisty. Ka\u017cdy z \u0142askawc\u00f3w, kt\u00f3rych nazwiska za chwil\u0119 poznamy, dokonywa\u0142 swego szczodrego zapisu z przekonaniem, i\u017c jego fundacja przetrwa wieki, a nagrod\u0105 \u2013 poza t\u0105 oczywist\u0105 w niebiosach \u2013 b\u0119dzie modlitwa za jego dusz\u0119 w brokowskiej \u015bwi\u0105tyni. Tymczasem bywa\u0142o, \u017ce wieki oznacza\u0142y lat ledwie kilka, a darowizna miast przysparza\u0107 \u015bwietno\u015bci wznosz\u0105cej si\u0119 w centrum staro\u017cytnego miasteczka budowli, wik\u0142a\u0142a administrator\u00f3w parafii w nieko\u0144cz\u0105ce si\u0119 s\u0105dowe spory.<\/p>\n<p><strong>Wi\u0119cej na stronie <span style=\"color: #0000ff;\"><a style=\"color: #0000ff;\" href=\"https:\/\/madzelan.cba.pl\/dobrodzieje-kosciola-brokowskiego\/\" target=\"_blank\" rel=\"noopener\">https:\/\/madzelan.cba.pl\/dobrodzieje-kosciola-brokowskiego\/<\/a><\/span><\/strong><\/p>\n","protected":false},"excerpt":{"rendered":"<p>\u2013 Ot\u00f3\u017c przyjecha\u0142em do rodziciel\u00f3w, kt\u00f3rzy radzi mnie widzieli i oczom nie chcieli wierzy\u0107, gdym im wszystko, com zebra\u0142, pokaza\u0142.<\/p>\n","protected":false},"author":1,"featured_media":0,"comment_status":"closed","ping_status":"closed","sticky":false,"template":"","format":"standard","meta":{"footnotes":""},"categories":[5,3436,31],"tags":[],"class_list":["post-28072","post","type-post","status-publish","format-standard","hentry","category-newsy","category-opowiesci-historie-legendy-brokowskie-i-nie-tylko","category-historia-gminy"],"views":1599,"_links":{"self":[{"href":"http:\/\/info.sadowne.pl\/index.php?rest_route=\/wp\/v2\/posts\/28072","targetHints":{"allow":["GET"]}}],"collection":[{"href":"http:\/\/info.sadowne.pl\/index.php?rest_route=\/wp\/v2\/posts"}],"about":[{"href":"http:\/\/info.sadowne.pl\/index.php?rest_route=\/wp\/v2\/types\/post"}],"author":[{"embeddable":true,"href":"http:\/\/info.sadowne.pl\/index.php?rest_route=\/wp\/v2\/users\/1"}],"replies":[{"embeddable":true,"href":"http:\/\/info.sadowne.pl\/index.php?rest_route=%2Fwp%2Fv2%2Fcomments&post=28072"}],"version-history":[{"count":1,"href":"http:\/\/info.sadowne.pl\/index.php?rest_route=\/wp\/v2\/posts\/28072\/revisions"}],"predecessor-version":[{"id":28074,"href":"http:\/\/info.sadowne.pl\/index.php?rest_route=\/wp\/v2\/posts\/28072\/revisions\/28074"}],"wp:attachment":[{"href":"http:\/\/info.sadowne.pl\/index.php?rest_route=%2Fwp%2Fv2%2Fmedia&parent=28072"}],"wp:term":[{"taxonomy":"category","embeddable":true,"href":"http:\/\/info.sadowne.pl\/index.php?rest_route=%2Fwp%2Fv2%2Fcategories&post=28072"},{"taxonomy":"post_tag","embeddable":true,"href":"http:\/\/info.sadowne.pl\/index.php?rest_route=%2Fwp%2Fv2%2Ftags&post=28072"}],"curies":[{"name":"wp","href":"https:\/\/api.w.org\/{rel}","templated":true}]}}