{"id":28075,"date":"2023-08-28T14:34:20","date_gmt":"2023-08-28T12:34:20","guid":{"rendered":"http:\/\/info.sadowne.pl\/?p=28075"},"modified":"2023-08-28T14:34:20","modified_gmt":"2023-08-28T12:34:20","slug":"kronika-strazacka-21-27-08-2023","status":"publish","type":"post","link":"http:\/\/info.sadowne.pl\/?p=28075","title":{"rendered":"Kronika stra\u017cacka 21 -27.08.2023"},"content":{"rendered":"<p><strong><a href=\"http:\/\/info.sadowne.pl\/wp-content\/uploads\/2023\/06\/straz3-scaled.jpg\"><img loading=\"lazy\" decoding=\"async\" class=\"alignleft size-thumbnail wp-image-27687\" src=\"http:\/\/info.sadowne.pl\/wp-content\/uploads\/2023\/06\/straz3-180x130.jpg\" alt=\"\" width=\"180\" height=\"130\" \/><\/a>W<\/strong><strong> okresie<\/strong><strong> 21 &#8211; 27.08.2023 na<\/strong><strong> terenie<\/strong><strong> powiatu<\/strong><strong> w\u0119growskiego<\/strong><strong> zanotowano: <\/strong><strong>25 zdarze\u0144,<\/strong><strong> przy<\/strong><strong> kt\u00f3rych<\/strong><strong> interweniowa\u0142y<\/strong><strong> jednostki<\/strong><strong> ochrony<\/strong><strong> przeciwpo\u017carowej, w tym:<\/strong><strong> 1 po\u017car, 22 miejscowe zagro\u017cenia, 1 alarm fa\u0142szywy.<\/strong><!--more--><\/p>\n<p><strong>21.08.2023 \u2013 \u00a0Majdan. gm. \u0141och\u00f3w<\/strong> \u2013 zabezpieczenie podczas usuwania beczek z nieznan\u0105 substancj\u0105.<\/p>\n<p>Do SKKP wp\u0142yn\u0119\u0142a pro\u015bba o pomoc w zabezpieczeniu miejsca w lesie, gdzie nielegalnie sk\u0142adowane s\u0105 odpady (brak ustalenia rodzaju substancji). Po przybyciu na miejsce zdarzenia dzia\u0142ania zast\u0119p\u00f3w JRG posterunek i OSP Ostr\u00f3wek sprowadza\u0142y si\u0119 do zabezpieczania miejsca podczas za\u0142adunku i transportu beczek do wyznaczonego przez ZGK \u0141och\u00f3w miejsca na terenie sk\u0142adowiska odpad\u00f3w.<\/p>\n<p>W DZIA\u0141ANIACH RATOWNICZYCH UDZIA\u0141 BRA\u0141O: 2 zast\u0119py, 10 ratownik\u00f3w.<\/p>\n<p><strong>23.08.2023 \u2013 W\u0119gr\u00f3w, DK nr 62<\/strong> &#8211; \u00a0zderzenie samochodu osobowego z sarn\u0105.<\/p>\n<p>Po dotarciu na miejsce zdarzenia stra\u017cacy ustalili, \u017ce dosz\u0142o do kolizji samochodu Peugeot Boxer z sarn\u0105 &#8211; droga przejezdna. Dzia\u0142ania zast\u0119pu polega\u0142y na od\u0142\u0105czeniu minusowej klemy akumulatora w poje\u017adzie &#8211; u\u017cycia sorbentu celem eliminacji wycieku z ch\u0142odnicy oraz kierowaniu ruchem do czasu przybycia policji.<\/p>\n<p>W DZIA\u0141ANIACH RATOWNICZYCH UDZIA\u0141 BRA\u0141O: 1 zast\u0119py, 4 ratownik\u00f3w.<\/p>\n<p>Uleg\u0142o zniszczeniu lub spaleniu: prz\u00f3d samochodu Peugeot Boxer.<\/p>\n<p><strong>25.08.2023 \u2013 \u00a0Laski, gm. \u0141och\u00f3w<\/strong> \u2013 kolizja samochodu osobowego z ci\u0119\u017carowym.<\/p>\n<p>Na drodze gminnej dosz\u0142o do zdarzenia drogowego z udzia\u0142em samochodu ci\u0119\u017carowego (szambiarka) i samochodu osobowego (kt\u00f3ry przodem uderzy\u0142 w prawy bok ci\u0119\u017car\u00f3wki). Oba pojazdy sta\u0142y cz\u0119\u015bciowo na drodze, nie by\u0142o os\u00f3b poszkodowanych, wyciek p\u0142ynu ch\u0142odniczego z samochodu osobowego. Dzia\u0142ania zast\u0119p\u00f3w polega\u0142y na zabezpieczeniu i oznakowaniu miejsca zdarzenia, od\u0142\u0105czono akumulator w jednym poje\u017adzie oraz do czasu przyjazdu Policji kierowano wahad\u0142owo ruchem drogowym. Powsta\u0142y wyciek usuni\u0119to przy pomocy sorbentu,<\/p>\n<p>W DZIA\u0141ANIACH RATOWNICZYCH UDZIA\u0141 BRA\u0141O: 2 zast\u0119py, 9 ratownik\u00f3w.<\/p>\n<p>Uleg\u0142o zniszczeniu lub spaleniu: prawe nadkole pojazdu Scania, prz\u00f3d pojazdu VW Golf.<\/p>\n<p><strong>25.08.2023 \u2013 Le\u015bnog\u00f3ra, gm. Gr\u0119bk\u00f3w<\/strong> \u2013 uderzenie samochodu osobowego w drzewo.<\/p>\n<p>W miejscowo\u015bci Le\u015bnog\u00f3ra dosz\u0142o do zdarzenia drogowego, w wyniku kt\u00f3rego kieruj\u0105cy pojazdem straci\u0142 nad nim panowanie i uderzy\u0142 w drzewo. W wyniku powy\u017cszego droga by\u0142a zablokowana. W poje\u017adzie znajdowa\u0142 si\u0119 uwi\u0119ziony kierowca. Na miejsce zdarzenia przyby\u0142 r\u00f3wnolegle LPR &#8222;Ratownik 19&#8221;. Dzia\u0142ania pierwszych zast\u0119p\u00f3w polega\u0142y na zabezpieczeniu miejsca zdarzenia (ustawienie pojazd\u00f3w, sto\u017ck\u00f3w drogowych, od\u0142\u0105czenie akumulatora) oraz pod nadzorem lekarza LPR wykonaniu dost\u0119pu przy pomocy narz\u0119dzi hydraulicznych do kierowcy uwi\u0119zionego w poje\u017adzie. Po wydobyciu poszkodowanego z pojazdu, stra\u017cacy pomogli ratownikom medycznym w opatrywaniu poszkodowanego, a nast\u0119pnie przeniesieniu do LPR.<\/p>\n<p>W DZIA\u0141ANIACH RATOWNICZYCH UDZIA\u0141 BRA\u0141O: 5 zast\u0119p\u00f3w, 24 ratownik\u00f3w.<\/p>\n<p>Uleg\u0142o zniszczeniu lub spaleniu Mercedes S &#8211; boki i prz\u00f3d pojazdu.<\/p>\n<p>Pozosta\u0142e interwencje prowadzono przy usuwaniu drzew i konar\u00f3w podczas ulewnych deszczy oraz usuwaniu gniazd owad\u00f3w b\u0142onkoskrzyd\u0142ych.<\/p>\n<p><strong>KP PSP W\u0119gr\u00f3w<\/strong><\/p>\n","protected":false},"excerpt":{"rendered":"<p>W okresie 21 &#8211; 27.08.2023 na terenie powiatu w\u0119growskiego zanotowano: 25 zdarze\u0144, przy kt\u00f3rych interweniowa\u0142y jednostki ochrony przeciwpo\u017carowej, w tym: 1 po\u017car, 22 miejscowe zagro\u017cenia, 1 alarm fa\u0142szywy.<\/p>\n","protected":false},"author":1,"featured_media":0,"comment_status":"closed","ping_status":"closed","sticky":false,"template":"","format":"standard","meta":{"footnotes":""},"categories":[5,4,267],"tags":[],"class_list":["post-28075","post","type-post","status-publish","format-standard","hentry","category-newsy","category-policja-straz-pozarna-pogotowie-ratunkowe","category-straz-pozarna-policja-straz-pozarna-pogotowie-ratunkowe"],"views":1613,"_links":{"self":[{"href":"http:\/\/info.sadowne.pl\/index.php?rest_route=\/wp\/v2\/posts\/28075","targetHints":{"allow":["GET"]}}],"collection":[{"href":"http:\/\/info.sadowne.pl\/index.php?rest_route=\/wp\/v2\/posts"}],"about":[{"href":"http:\/\/info.sadowne.pl\/index.php?rest_route=\/wp\/v2\/types\/post"}],"author":[{"embeddable":true,"href":"http:\/\/info.sadowne.pl\/index.php?rest_route=\/wp\/v2\/users\/1"}],"replies":[{"embeddable":true,"href":"http:\/\/info.sadowne.pl\/index.php?rest_route=%2Fwp%2Fv2%2Fcomments&post=28075"}],"version-history":[{"count":1,"href":"http:\/\/info.sadowne.pl\/index.php?rest_route=\/wp\/v2\/posts\/28075\/revisions"}],"predecessor-version":[{"id":28076,"href":"http:\/\/info.sadowne.pl\/index.php?rest_route=\/wp\/v2\/posts\/28075\/revisions\/28076"}],"wp:attachment":[{"href":"http:\/\/info.sadowne.pl\/index.php?rest_route=%2Fwp%2Fv2%2Fmedia&parent=28075"}],"wp:term":[{"taxonomy":"category","embeddable":true,"href":"http:\/\/info.sadowne.pl\/index.php?rest_route=%2Fwp%2Fv2%2Fcategories&post=28075"},{"taxonomy":"post_tag","embeddable":true,"href":"http:\/\/info.sadowne.pl\/index.php?rest_route=%2Fwp%2Fv2%2Ftags&post=28075"}],"curies":[{"name":"wp","href":"https:\/\/api.w.org\/{rel}","templated":true}]}}