{"id":28089,"date":"2023-09-02T21:28:24","date_gmt":"2023-09-02T19:28:24","guid":{"rendered":"http:\/\/info.sadowne.pl\/?p=28089"},"modified":"2023-09-02T21:28:24","modified_gmt":"2023-09-02T19:28:24","slug":"sadowianki-rozpoczal-sie-2022-rok","status":"publish","type":"post","link":"http:\/\/info.sadowne.pl\/?p=28089","title":{"rendered":"Sadowianki \u2013 rozpocz\u0105\u0142 si\u0119 2022 rok"},"content":{"rendered":"<p><strong><a href=\"http:\/\/info.sadowne.pl\/wp-content\/uploads\/2023\/09\/sad973.jpg\"><img loading=\"lazy\" decoding=\"async\" class=\"alignleft size-thumbnail wp-image-28115\" src=\"http:\/\/info.sadowne.pl\/wp-content\/uploads\/2023\/09\/sad973-180x130.jpg\" alt=\"\" width=\"180\" height=\"130\" \/><\/a>SADOWNE &#8211; <\/strong><strong>3 MAJA 2022 ROKU.<\/strong><!--more--><\/p>\n<p><a href=\"http:\/\/info.sadowne.pl\/wp-content\/uploads\/2023\/09\/sad949.jpg\"><img loading=\"lazy\" decoding=\"async\" class=\"alignleft size-full wp-image-28091\" src=\"http:\/\/info.sadowne.pl\/wp-content\/uploads\/2023\/09\/sad949.jpg\" alt=\"\" width=\"153\" height=\"153\" \/><\/a>3 Maja Polska i Polacy na ca\u0142ym \u015bwiecie obchodz\u0105 \u015bwi\u0119to narodowe upami\u0119tniaj\u0105ce przyj\u0119cie w 1791 r. pierwszej w Europie i drugiej na \u015bwiecie spisanej konstytucji.<\/p>\n<p><strong> <a href=\"http:\/\/info.sadowne.pl\/wp-content\/uploads\/2023\/09\/sad950.jpg\"><img loading=\"lazy\" decoding=\"async\" class=\"aligncenter size-full wp-image-28092\" src=\"http:\/\/info.sadowne.pl\/wp-content\/uploads\/2023\/09\/sad950.jpg\" alt=\"\" width=\"376\" height=\"304\" srcset=\"http:\/\/info.sadowne.pl\/wp-content\/uploads\/2023\/09\/sad950.jpg 376w, http:\/\/info.sadowne.pl\/wp-content\/uploads\/2023\/09\/sad950-300x243.jpg 300w\" sizes=\"auto, (max-width: 376px) 100vw, 376px\" \/><\/a><\/strong><\/p>\n<p>Mieszka\u0144cy Sadownego \u015bwi\u0119towali uroczy\u015bcie obchody 231 rocznicy uchwalenia Konstytucji 3 Maja po\u0142\u0105czone z obchodami \u015bwi\u0119ta stra\u017cak\u00f3w.<\/p>\n<p><a href=\"http:\/\/info.sadowne.pl\/wp-content\/uploads\/2023\/09\/sad951.jpg\"><img loading=\"lazy\" decoding=\"async\" class=\"aligncenter size-full wp-image-28093\" src=\"http:\/\/info.sadowne.pl\/wp-content\/uploads\/2023\/09\/sad951.jpg\" alt=\"\" width=\"601\" height=\"401\" srcset=\"http:\/\/info.sadowne.pl\/wp-content\/uploads\/2023\/09\/sad951.jpg 601w, http:\/\/info.sadowne.pl\/wp-content\/uploads\/2023\/09\/sad951-300x200.jpg 300w\" sizes=\"auto, (max-width: 601px) 100vw, 601px\" \/><\/a><\/p>\n<p style=\"text-align: center;\"><strong>Ksi\u0105dz proboszcz parafii Sadowne \u2013 Antoni Kunicki.<\/strong><\/p>\n<p><a href=\"http:\/\/info.sadowne.pl\/wp-content\/uploads\/2023\/09\/sad952.jpg\"><img loading=\"lazy\" decoding=\"async\" class=\"aligncenter size-full wp-image-28094\" src=\"http:\/\/info.sadowne.pl\/wp-content\/uploads\/2023\/09\/sad952.jpg\" alt=\"\" width=\"603\" height=\"977\" srcset=\"http:\/\/info.sadowne.pl\/wp-content\/uploads\/2023\/09\/sad952.jpg 603w, http:\/\/info.sadowne.pl\/wp-content\/uploads\/2023\/09\/sad952-185x300.jpg 185w\" sizes=\"auto, (max-width: 603px) 100vw, 603px\" \/><\/a><\/p>\n<p style=\"text-align: center;\">Druhowie OSP z Sadownego i druhowie jednostek z terenu gminy uczestniczyli w mszy \u015bwi\u0119tej w intencji Ojczyzny oraz Stra\u017cak\u00f3w.<\/p>\n<p><a href=\"http:\/\/info.sadowne.pl\/wp-content\/uploads\/2023\/09\/sad953.jpg\"><img loading=\"lazy\" decoding=\"async\" class=\"aligncenter size-full wp-image-28095\" src=\"http:\/\/info.sadowne.pl\/wp-content\/uploads\/2023\/09\/sad953.jpg\" alt=\"\" width=\"462\" height=\"264\" srcset=\"http:\/\/info.sadowne.pl\/wp-content\/uploads\/2023\/09\/sad953.jpg 462w, http:\/\/info.sadowne.pl\/wp-content\/uploads\/2023\/09\/sad953-300x171.jpg 300w\" sizes=\"auto, (max-width: 462px) 100vw, 462px\" \/><\/a><\/p>\n<p style=\"text-align: center;\">Ksi\u0105dz proboszcz Antoni Kunicki.<\/p>\n<p>Po Mszy \u015awi\u0119tej zebrani przeszli pod Kamie\u0144 Pami\u0119ci Mieszka\u0144c\u00f3w Sadownego, gdzie wys\u0142uchano okoliczno\u015bciowych przem\u00f3wie\u0144, m.in. w\u00f3jta gminy Sadowne \u2013 <strong>Waldemara Cyrana<\/strong> i go\u015bci.<\/p>\n<p><a href=\"http:\/\/info.sadowne.pl\/wp-content\/uploads\/2023\/09\/sad954.jpg\"><img loading=\"lazy\" decoding=\"async\" class=\"aligncenter size-full wp-image-28096\" src=\"http:\/\/info.sadowne.pl\/wp-content\/uploads\/2023\/09\/sad954.jpg\" alt=\"\" width=\"600\" height=\"401\" srcset=\"http:\/\/info.sadowne.pl\/wp-content\/uploads\/2023\/09\/sad954.jpg 600w, http:\/\/info.sadowne.pl\/wp-content\/uploads\/2023\/09\/sad954-300x201.jpg 300w\" sizes=\"auto, (max-width: 600px) 100vw, 600px\" \/><\/a><\/p>\n<p style=\"text-align: center;\">W\u00f3jt gminy Sadowne \u2013 <strong>Waldemar Cyran<\/strong>.<\/p>\n<p style=\"text-align: center;\"><strong>Zesp\u00f3\u0142 \u015apiewaczy Sadowianki<\/strong>, kt\u00f3ry ka\u017cdego roku odpowiada za opraw\u0119 muzyczn\u0105 uroczysto\u015bci.<\/p>\n<p><a href=\"http:\/\/info.sadowne.pl\/wp-content\/uploads\/2023\/09\/sad955.jpg\"><img loading=\"lazy\" decoding=\"async\" class=\"aligncenter size-full wp-image-28097\" src=\"http:\/\/info.sadowne.pl\/wp-content\/uploads\/2023\/09\/sad955.jpg\" alt=\"\" width=\"600\" height=\"400\" srcset=\"http:\/\/info.sadowne.pl\/wp-content\/uploads\/2023\/09\/sad955.jpg 600w, http:\/\/info.sadowne.pl\/wp-content\/uploads\/2023\/09\/sad955-300x200.jpg 300w\" sizes=\"auto, (max-width: 600px) 100vw, 600px\" \/><\/a><\/p>\n<p style=\"text-align: center;\">W obchodach uczestniczy\u0142 r\u00f3wnie\u017c wicestarosta w\u0119growski <strong>p.<\/strong> <strong>Marek Renik<\/strong>.<\/p>\n<p><a href=\"http:\/\/info.sadowne.pl\/wp-content\/uploads\/2023\/09\/sad956.jpg\"><img loading=\"lazy\" decoding=\"async\" class=\"aligncenter size-full wp-image-28098\" src=\"http:\/\/info.sadowne.pl\/wp-content\/uploads\/2023\/09\/sad956.jpg\" alt=\"\" width=\"603\" height=\"350\" srcset=\"http:\/\/info.sadowne.pl\/wp-content\/uploads\/2023\/09\/sad956.jpg 603w, http:\/\/info.sadowne.pl\/wp-content\/uploads\/2023\/09\/sad956-300x174.jpg 300w\" sizes=\"auto, (max-width: 603px) 100vw, 603px\" \/><\/a><\/p>\n<p style=\"text-align: center;\">Zosta\u0142y z\u0142o\u017cone kwiaty pod pomnikiem przez samorz\u0105dowc\u00f3w, go\u015bci, harcerzy i mieszka\u0144c\u00f3w Sadownego.<\/p>\n<p><a href=\"http:\/\/info.sadowne.pl\/wp-content\/uploads\/2023\/09\/sad957.jpg\"><img loading=\"lazy\" decoding=\"async\" class=\"aligncenter size-full wp-image-28099\" src=\"http:\/\/info.sadowne.pl\/wp-content\/uploads\/2023\/09\/sad957.jpg\" alt=\"\" width=\"603\" height=\"397\" srcset=\"http:\/\/info.sadowne.pl\/wp-content\/uploads\/2023\/09\/sad957.jpg 603w, http:\/\/info.sadowne.pl\/wp-content\/uploads\/2023\/09\/sad957-300x198.jpg 300w\" sizes=\"auto, (max-width: 603px) 100vw, 603px\" \/><\/a><\/p>\n<p style=\"text-align: center;\">W\u00f3jt Gminy Sadowne p. Waldemar Cyran z delegacj\u0105.<\/p>\n<p><a href=\"http:\/\/info.sadowne.pl\/wp-content\/uploads\/2023\/09\/sad958.jpg\"><img loading=\"lazy\" decoding=\"async\" class=\"aligncenter size-full wp-image-28100\" src=\"http:\/\/info.sadowne.pl\/wp-content\/uploads\/2023\/09\/sad958.jpg\" alt=\"\" width=\"600\" height=\"401\" srcset=\"http:\/\/info.sadowne.pl\/wp-content\/uploads\/2023\/09\/sad958.jpg 600w, http:\/\/info.sadowne.pl\/wp-content\/uploads\/2023\/09\/sad958-300x201.jpg 300w\" sizes=\"auto, (max-width: 600px) 100vw, 600px\" \/><\/a><\/p>\n<p style=\"text-align: center;\">Podczas uroczysto\u015bci odby\u0142 si\u0119 Apel i przegl\u0105d pododdzia\u0142\u00f3w.<\/p>\n<p><a href=\"http:\/\/info.sadowne.pl\/wp-content\/uploads\/2023\/09\/sad959.jpg\"><img loading=\"lazy\" decoding=\"async\" class=\"aligncenter size-full wp-image-28101\" src=\"http:\/\/info.sadowne.pl\/wp-content\/uploads\/2023\/09\/sad959.jpg\" alt=\"\" width=\"600\" height=\"401\" srcset=\"http:\/\/info.sadowne.pl\/wp-content\/uploads\/2023\/09\/sad959.jpg 600w, http:\/\/info.sadowne.pl\/wp-content\/uploads\/2023\/09\/sad959-300x201.jpg 300w\" sizes=\"auto, (max-width: 600px) 100vw, 600px\" \/><\/a><\/p>\n<p style=\"text-align: center;\">Po Apelu i przegl\u0105dzie pododdzia\u0142\u00f3w nast\u0105pi\u0142o po\u015bwi\u0119cenie samochod\u00f3w stra\u017cackich dla OSP.<\/p>\n<p style=\"text-align: center;\">*<\/p>\n<p style=\"text-align: center;\"><strong>Wszystkim Stra\u017cakom <\/strong><\/p>\n<p style=\"text-align: center;\"><strong>w ho\u0142dzie za ich trud i nara\u017canie \u017cycia, w podzi\u0119kowaniu za ratunek i pomoc <\/strong><\/p>\n<p style=\"text-align: center;\"><strong>w walce przeciwko jednemu wsp\u00f3lnemu wrogowi, <\/strong><\/p>\n<p style=\"text-align: center;\"><strong>jakim jest po\u017car oraz inne kataklizmy, bez wzgl\u0119du na kraj, pochodzenie, mundur, jaki nosz\u0105 i w jakim j\u0119zyku m\u00f3wi\u0105.<\/strong><\/p>\n<p style=\"text-align: center;\"><strong>\u00a0<\/strong><\/p>\n<p style=\"text-align: center;\"><strong>B\u00f3g zap\u0142a\u0107 i miej w opiece.<\/strong><\/p>\n<p><strong> <a href=\"http:\/\/info.sadowne.pl\/wp-content\/uploads\/2023\/09\/sad960.jpg\"><img loading=\"lazy\" decoding=\"async\" class=\"aligncenter size-full wp-image-28102\" src=\"http:\/\/info.sadowne.pl\/wp-content\/uploads\/2023\/09\/sad960.jpg\" alt=\"\" width=\"178\" height=\"185\" \/><\/a><\/strong><\/p>\n<h3 style=\"text-align: center;\"><span style=\"color: #0000ff;\"><strong>SADOWNE<\/strong><\/span><\/h3>\n<h3 style=\"text-align: center;\"><span style=\"color: #ff0000;\"><em>31 maja 2022<\/em><\/span><\/h3>\n<h3 style=\"text-align: center;\"><span style=\"color: #339966;\"><em><strong>Coroczne spotkania w miejscu \u2013 Gaj\u00f3wka Klin, gdzie urodzi\u0142 si\u0119 b\u0142. ks. Edward Grzyma\u0142a.<\/strong><\/em><\/span><\/h3>\n<p><strong> <a href=\"http:\/\/info.sadowne.pl\/wp-content\/uploads\/2023\/09\/sad961.jpg\"><img loading=\"lazy\" decoding=\"async\" class=\"aligncenter size-full wp-image-28103\" src=\"http:\/\/info.sadowne.pl\/wp-content\/uploads\/2023\/09\/sad961.jpg\" alt=\"\" width=\"535\" height=\"402\" srcset=\"http:\/\/info.sadowne.pl\/wp-content\/uploads\/2023\/09\/sad961.jpg 535w, http:\/\/info.sadowne.pl\/wp-content\/uploads\/2023\/09\/sad961-300x225.jpg 300w\" sizes=\"auto, (max-width: 535px) 100vw, 535px\" \/><\/a><\/strong><\/p>\n<p style=\"text-align: center;\"><strong>B\u0142. ks. Edward Grzyma\u0142a<\/strong><br \/>\n<strong>(1906-1942)<\/strong><\/p>\n<p>Ksi\u0105dz Edward Grzyma\u0142a urodzi\u0142 si\u0119 29 wrze\u015bnia 1906 roku na Podlasiu. W 1926 roku uzyska\u0142 \u015bwiadectwo dojrza\u0142o\u015bci w Gimnazjum Ziemi Kujawskiej we W\u0142oc\u0142awku. W tym samym roku, realizuj\u0105c swe dawne pragnienia, wst\u0105pi\u0142 do Seminarium Duchownego we W\u0142oc\u0142awku. By\u0142 gorliwym alumnem, odznacza\u0142 si\u0119 wyrobieniem wewn\u0119trznym, a tak\u017ce prawym charakterem, zdolno\u015bciami oraz pilno\u015bci\u0105 w nauce. \u015awi\u0119cenia kap\u0142a\u0144skie przyj\u0105\u0142 14.06.1931 roku. Jesieni\u0105 wyjecha\u0142 na studia do Rzymu. W 1935 r. uzyska\u0142 doktorat z prawa kanonicznego. Po powrocie do kraju, by\u0142 wikariuszem w Lipnie, w Koninie i w Kaliszu. W 1938 roku wr\u00f3ci\u0142 do W\u0142oc\u0142awka. Zosta\u0142 mianowany prefektem gimnazjum. Pe\u0142ni\u0142 tak\u017ce funkcj\u0119 obro\u0144cy w\u0119z\u0142a ma\u0142\u017ce\u0144skiego oraz drugiego sekretarza kurii diecezjalnej. Na pocz\u0105tku okupacji, jesieni\u0105 1939 roku, ks. Grzyma\u0142a na polecenie biskupa Rado\u0144skiego, przeni\u00f3s\u0142 si\u0119 do Aleksandrowa Kujawskiego, by pe\u0142ni\u0107 obowi\u0105zki wikariusza generalnego p\u00f3\u0142nocnych rejon\u00f3w diecezji. Po\u015bwi\u0119ca\u0142 si\u0119 pracy duszpasterskiej w parafii oraz w okolicy. Wspomaga\u0142 uwi\u0119zionych kap\u0142an\u00f3w z bp. Kozalem w L\u0105dzie. Ci\u0105gle jednak pragn\u0105\u0142 dzieli\u0107 ich los, jakby przeczuwaj\u0105c, \u017ce tam jest jego miejsce. 26 sierpnia 1940 roku spe\u0142ni\u0142o si\u0119 to ciche pragnienie. Gestapo aresztowa\u0142o ks. Grzyma\u0142\u0119 w domu Si\u00f3str S\u0142u\u017cebniczek, gdzie mieszka\u0142. Zosta\u0142 uwi\u0119ziony pocz\u0105tkowo w Sachsenhausen, a nast\u0119pnie wywieziony do obozu w Dachau. Udr\u0119ki obozowe znosi\u0142 cierpliwie, przyjmuj\u0105c je jako wol\u0119 Bo\u017c\u0105.<\/p>\n<p>Sam s\u0142aby i wyniszczony, pomaga\u0142 innym i cieszy\u0142 si\u0119, gdy m\u00f3g\u0142 cierpie\u0107 dla Imienia Jezus. W obozie aposto\u0142owa\u0142, g\u0142osz\u0105c pe\u0142ne teologicznej g\u0142\u0119bi konferencje. Nie chcia\u0142 si\u0119 oszcz\u0119dza\u0107, opad\u0142 z si\u0142, zosta\u0142 przeznaczony do transportu inwalid\u00f3w. 10 sierpnia 1942 roku wywieziony z obozu, poni\u00f3s\u0142 \u015bmier\u0107 przez zagazowanie.<\/p>\n<p style=\"text-align: center;\"><strong>Trzy miesi\u0105ce wcze\u015bniej napisa\u0142:<\/strong><\/p>\n<p style=\"text-align: center;\"><span style=\"color: #ff0000;\">\u201e<strong>Jestem przekonany, \u017ce zbli\u017ca si\u0119 czas ostatecznego rozstrzygni\u0119cia i \u017ce wkr\u00f3tce si\u0119 zobaczymy, gdy\u017c wszystko le\u017cy w d\u0142oniach Bo\u017cych, kt\u00f3ry w\u00a0przedziwny spos\u00f3b pozwala dostrzega\u0107 swoj\u0105 moc.\u201d<\/strong><\/span><\/p>\n<p>Z zachowanych list\u00f3w z Dachau, wy\u0142ania si\u0119 posta\u0107 ks. Edwarda, kt\u00f3ry podejmowa\u0142 m\u0119cze\u0144stwo \u015bwiadomie jako ofiar\u0119 i \u015bwiadectwo mi\u0142o\u015bci ku Chrystusowi. Zosta\u0142 zaliczony do grona 108 M\u0119czennik\u00f3w II wojny \u015bwiatowej i beatyfikowany wraz z nimi 13 czerwca 1999 roku w Warszawie przez papie\u017ca Jana Paw\u0142a II.<\/p>\n<p><a href=\"http:\/\/info.sadowne.pl\/wp-content\/uploads\/2023\/09\/sad962.jpg\"><img loading=\"lazy\" decoding=\"async\" class=\"aligncenter size-full wp-image-28104\" src=\"http:\/\/info.sadowne.pl\/wp-content\/uploads\/2023\/09\/sad962.jpg\" alt=\"\" width=\"418\" height=\"314\" srcset=\"http:\/\/info.sadowne.pl\/wp-content\/uploads\/2023\/09\/sad962.jpg 418w, http:\/\/info.sadowne.pl\/wp-content\/uploads\/2023\/09\/sad962-300x225.jpg 300w\" sizes=\"auto, (max-width: 418px) 100vw, 418px\" \/><\/a><\/p>\n<p><a href=\"http:\/\/info.sadowne.pl\/wp-content\/uploads\/2023\/09\/sad963.jpg\"><img loading=\"lazy\" decoding=\"async\" class=\"aligncenter size-full wp-image-28105\" src=\"http:\/\/info.sadowne.pl\/wp-content\/uploads\/2023\/09\/sad963.jpg\" alt=\"\" width=\"418\" height=\"314\" srcset=\"http:\/\/info.sadowne.pl\/wp-content\/uploads\/2023\/09\/sad963.jpg 418w, http:\/\/info.sadowne.pl\/wp-content\/uploads\/2023\/09\/sad963-300x225.jpg 300w\" sizes=\"auto, (max-width: 418px) 100vw, 418px\" \/><\/a><\/p>\n<p style=\"text-align: center;\"><span style=\"color: #ff0000;\"><em><strong>Zesp\u00f3<\/strong><strong>\u0142<\/strong> <strong>\u015a<\/strong><strong>piewaczy Sadowianki<\/strong><strong> \u2013 <\/strong><\/em><\/span><\/p>\n<p style=\"text-align: center;\">ju\u017c od kilku lat uczestniczy w tych spotkaniach, w\u0142\u0105czaj\u0105c si\u0119 do wsp\u00f3lnej modlitwy i \u015bpiewu pie\u015bni religijnych. Jak wida\u0107 na za\u0142\u0105czonym zdj\u0119ciu modlitwy i \u015bpiewy trwaj\u0105 do p\u00f3\u017anych godzin wieczornych, bo nikt nie chce odchodzi\u0107, ani odje\u017cd\u017ca\u0107 z tego miejsca.<\/p>\n<p style=\"text-align: center;\"><span style=\"color: #0000ff;\"><strong>SADOWNE<\/strong><\/span><\/p>\n<p style=\"text-align: center;\"><span style=\"color: #ff0000;\"><em><strong>16 czerwca 2022 roku<\/strong><\/em><\/span><\/p>\n<h2 style=\"text-align: center;\"><span style=\"color: #99cc00;\"><em>BO\u017bE CIA\u0141O<\/em><\/span><\/h2>\n<p><a href=\"http:\/\/info.sadowne.pl\/wp-content\/uploads\/2023\/09\/sad964.jpg\"><img loading=\"lazy\" decoding=\"async\" class=\"aligncenter size-full wp-image-28106\" src=\"http:\/\/info.sadowne.pl\/wp-content\/uploads\/2023\/09\/sad964.jpg\" alt=\"\" width=\"601\" height=\"729\" srcset=\"http:\/\/info.sadowne.pl\/wp-content\/uploads\/2023\/09\/sad964.jpg 601w, http:\/\/info.sadowne.pl\/wp-content\/uploads\/2023\/09\/sad964-247x300.jpg 247w\" sizes=\"auto, (max-width: 601px) 100vw, 601px\" \/><\/a><\/p>\n<p>Msza \u015bwi\u0119ta celebrowana przez proboszcza Antoniego Kunickiego w Ko\u015bciele Parafialnym w Sadownem, rozpocz\u0119\u0142a uroczysto\u015b\u0107 Naj\u015bwi\u0119tszego Cia\u0142a i Krwi Chrystusa <strong>\u2013 Bo\u017ce Cia\u0142o.<\/strong><\/p>\n<p>\u015awi\u0119to obchodzimy co roku, dok\u0142adnie 60 dni po Wielkanocy, w czwartek po uroczysto\u015bci <strong>Tr\u00f3jcy \u015awi\u0119tej.<\/strong><\/p>\n<p><a href=\"http:\/\/info.sadowne.pl\/wp-content\/uploads\/2023\/09\/sad965.jpg\"><img loading=\"lazy\" decoding=\"async\" class=\"aligncenter size-full wp-image-28107\" src=\"http:\/\/info.sadowne.pl\/wp-content\/uploads\/2023\/09\/sad965.jpg\" alt=\"\" width=\"455\" height=\"607\" srcset=\"http:\/\/info.sadowne.pl\/wp-content\/uploads\/2023\/09\/sad965.jpg 455w, http:\/\/info.sadowne.pl\/wp-content\/uploads\/2023\/09\/sad965-225x300.jpg 225w\" sizes=\"auto, (max-width: 455px) 100vw, 455px\" \/><\/a><\/p>\n<p style=\"text-align: center;\">Msza \u015awi\u0119ta<\/p>\n<p style=\"text-align: center;\">Pi\u0119knie udekorowany ko\u015bci\u00f3\u0142 pw. \u015bw. Jana Chrzciciela w Sadownem.<\/p>\n<p style=\"text-align: center;\">Po zako\u0144czeniu nabo\u017ce\u0144stwa wierni pod kierownictwem ksi\u0119\u017cy uczestniczyli w procesji, zatrzymuj\u0105c si\u0119 i modl\u0105c przy czterech o\u0142tarzach.<\/p>\n<p><a href=\"http:\/\/info.sadowne.pl\/wp-content\/uploads\/2023\/09\/sad966.jpg\"><img loading=\"lazy\" decoding=\"async\" class=\"aligncenter size-full wp-image-28108\" src=\"http:\/\/info.sadowne.pl\/wp-content\/uploads\/2023\/09\/sad966.jpg\" alt=\"\" width=\"604\" height=\"419\" srcset=\"http:\/\/info.sadowne.pl\/wp-content\/uploads\/2023\/09\/sad966.jpg 604w, http:\/\/info.sadowne.pl\/wp-content\/uploads\/2023\/09\/sad966-300x208.jpg 300w\" sizes=\"auto, (max-width: 604px) 100vw, 604px\" \/><\/a><\/p>\n<p style=\"text-align: center;\">Procesja przechodzi ulic\u0105 Ko\u015bciuszki.<\/p>\n<p><a href=\"http:\/\/info.sadowne.pl\/wp-content\/uploads\/2023\/09\/sad967.jpg\"><img loading=\"lazy\" decoding=\"async\" class=\"aligncenter size-full wp-image-28109\" src=\"http:\/\/info.sadowne.pl\/wp-content\/uploads\/2023\/09\/sad967.jpg\" alt=\"\" width=\"509\" height=\"604\" srcset=\"http:\/\/info.sadowne.pl\/wp-content\/uploads\/2023\/09\/sad967.jpg 509w, http:\/\/info.sadowne.pl\/wp-content\/uploads\/2023\/09\/sad967-253x300.jpg 253w\" sizes=\"auto, (max-width: 509px) 100vw, 509px\" \/><\/a><\/p>\n<p style=\"text-align: center;\">O\u0142tarz przygotowany przez pracownik\u00f3w GOK w Sadownem.<\/p>\n<p><a href=\"http:\/\/info.sadowne.pl\/wp-content\/uploads\/2023\/09\/sad968.jpg\"><img loading=\"lazy\" decoding=\"async\" class=\"aligncenter size-full wp-image-28110\" src=\"http:\/\/info.sadowne.pl\/wp-content\/uploads\/2023\/09\/sad968.jpg\" alt=\"\" width=\"604\" height=\"411\" srcset=\"http:\/\/info.sadowne.pl\/wp-content\/uploads\/2023\/09\/sad968.jpg 604w, http:\/\/info.sadowne.pl\/wp-content\/uploads\/2023\/09\/sad968-300x204.jpg 300w\" sizes=\"auto, (max-width: 604px) 100vw, 604px\" \/><\/a><\/p>\n<p style=\"text-align: center;\"><strong>SADOWIANKI <\/strong>\u2013 Dorota Olkowska, Teresa W\u00f3jcik, Teresa Biernat, Jadwiga Borowa i Piotr Olkowski.<\/p>\n<p><a href=\"http:\/\/info.sadowne.pl\/wp-content\/uploads\/2023\/09\/sad969.jpg\"><img loading=\"lazy\" decoding=\"async\" class=\"aligncenter size-full wp-image-28111\" src=\"http:\/\/info.sadowne.pl\/wp-content\/uploads\/2023\/09\/sad969.jpg\" alt=\"\" width=\"369\" height=\"438\" srcset=\"http:\/\/info.sadowne.pl\/wp-content\/uploads\/2023\/09\/sad969.jpg 369w, http:\/\/info.sadowne.pl\/wp-content\/uploads\/2023\/09\/sad969-253x300.jpg 253w\" sizes=\"auto, (max-width: 369px) 100vw, 369px\" \/><\/a><\/p>\n<p style=\"text-align: center;\">O\u0142tarz przy ulicy Armii Krajowej.<\/p>\n<p><a href=\"http:\/\/info.sadowne.pl\/wp-content\/uploads\/2023\/09\/sad970.jpg\"><img loading=\"lazy\" decoding=\"async\" class=\"aligncenter size-full wp-image-28112\" src=\"http:\/\/info.sadowne.pl\/wp-content\/uploads\/2023\/09\/sad970.jpg\" alt=\"\" width=\"523\" height=\"664\" srcset=\"http:\/\/info.sadowne.pl\/wp-content\/uploads\/2023\/09\/sad970.jpg 523w, http:\/\/info.sadowne.pl\/wp-content\/uploads\/2023\/09\/sad970-236x300.jpg 236w\" sizes=\"auto, (max-width: 523px) 100vw, 523px\" \/><\/a><\/p>\n<p style=\"text-align: center;\">Nasze <strong>SADOWIANKI<\/strong> \u2013 Dorota Olkowska, Piotr Olkowski, Jadwiga Borowa, Teresa W\u00f3jcik i Teresa Biernat.<\/p>\n<p style=\"text-align: center;\"><strong>SADOWNE<\/strong><\/p>\n<p style=\"text-align: center;\"><span style=\"color: #0000ff;\"><strong>SOBOTA\u00a0 25.06.2022<\/strong><\/span><\/p>\n<p style=\"text-align: center;\"><span style=\"color: #0000ff;\"><strong>NIEDZIELA\u00a0 26.06.2022<\/strong><\/span><\/p>\n<h3 style=\"text-align: center;\"><span style=\"color: #99cc00;\"><em>VIII Mi\u0119dzynarodowy FESTIWAL POLONEZA w Polsce<\/em><\/span><\/h3>\n<p style=\"text-align: center;\">VIII Festiwal odbywa\u0142 si\u0119, nie tylko w Warszawie, gdzie by\u0142o jego uroczyste rozpocz\u0119cie wraz z\u00a0konferencj\u0105 prasow\u0105 i\u00a0debat\u0105\u00a0<strong>pt.: <\/strong><strong>\u201eNarodowe niematerialne dziedzictwo kulturowe <\/strong><strong>\u2013 si\u0142a polskiej tradycji\u201d, <\/strong>lecz podobnie jak w roku ubieg\u0142ym, w naszej go\u015bcinnej Gminie Sadowne.<\/p>\n<p style=\"text-align: center;\"><strong>Tegoroczny koncert zaszczycili swoj\u0105 obecno\u015bci\u0105:<\/strong><\/p>\n<p style=\"text-align: center;\">Wicemarsza\u0142ek Wojew\u00f3dztwa Mazowieckiego <strong>p. El\u017cbieta Lanc,<\/strong><\/p>\n<p style=\"text-align: center;\">Wicestarosta W\u0119growski <strong>p. Marek Renik,<\/strong><\/p>\n<p style=\"text-align: center;\">W\u00f3jt Gminy Sadowne <strong>p. Waldemar Cyran z ma\u0142\u017conk\u0105 Katarzyn\u0105,<\/strong><\/p>\n<p style=\"text-align: center;\">Pracownik Urz\u0119du Marsza\u0142kowskiego <strong>p. Anna Panas<\/strong>,<\/p>\n<p style=\"text-align: center;\">Dyrektor GOK w Sadownem <strong>p. Ewa Pi\u00f3rkowska,<\/strong><\/p>\n<p style=\"text-align: center;\">Dyrektor SP w Sadownem <strong>p. Ma\u0142gorzata Koro\u015b, <\/strong><\/p>\n<p style=\"text-align: center;\">Wicedyrektor SP Sadowne <strong>p. Ma\u0142gorzata Zy\u015bk, <\/strong><\/p>\n<p style=\"text-align: center;\">Dyrektor ZSP w Sadownem <strong>p. S\u0142awomir Ryszawa,<\/strong><\/p>\n<p style=\"text-align: center;\">Proboszcz Parafii Sadowne <strong>ks. Antoni Kunicki<\/strong><\/p>\n<p style=\"text-align: center;\">oraz <strong>mieszka\u0144cy<\/strong> gminy Sadowne i ich <strong>go\u015bcie<\/strong>.<\/p>\n<p>&nbsp;<\/p>\n<p style=\"text-align: center;\"><span style=\"color: #ff0000;\"><strong>Koncert fina\u0142owy VIII FESTIWALU POLONEZA<\/strong><\/span><\/p>\n<p style=\"text-align: center;\"><strong>Gala w Sadownem<\/strong><\/p>\n<p style=\"text-align: center;\"><strong>rozpocz\u0119\u0142a si\u0119 oczywi\u015bcie polonezem i przem\u00f3wieniami Organizator\u00f3w oraz zaproszonych go\u015bci.\u00a0<\/strong><\/p>\n<p style=\"text-align: center;\"><strong>Nast\u0119pnie podczas koncertu galowego wyst\u0105pili:<\/strong><\/p>\n<p style=\"text-align: center;\">\u2013 Zesp\u00f3\u0142 Ta\u0144ca Historycznego CHOREA ANTIQUA<\/p>\n<p style=\"text-align: center;\">\u2013 Zesp\u00f3\u0142 Ta\u0144ca Ludowego ORKAN<\/p>\n<p style=\"text-align: center;\">\u2013 Piotr Latoszy\u0144ski<\/p>\n<p style=\"text-align: center;\">\u2013 Bo\u017cena Sitek<\/p>\n<p style=\"text-align: center;\">\u2013 Grupa Integracyjna S\u0141ONECZNI<\/p>\n<p style=\"text-align: center;\">\u2013 Leonid Volodko<\/p>\n<p style=\"text-align: center;\">\u2013 Zesp\u00f3\u0142 Folklorystyczny CALISIA<\/p>\n<p style=\"text-align: center;\">\u2013 Zesp\u00f3\u0142 Pie\u015bni i Ta\u0144ca Ziemi Nowomiejskiej<\/p>\n<p style=\"text-align: center;\">\u2013 TAKT Zesp\u00f3\u0142 Taneczny z ZSOiZ w Ciechanowcu<\/p>\n<p style=\"text-align: center;\">\u2013 Tadeusz Kowalczyk<\/p>\n<p style=\"text-align: center;\">\u2013 Antonina Kokszar<\/p>\n<p style=\"text-align: center;\"><strong>\u2013 Zesp\u00f3\u0142 \u015apiewaczy SADOWIANKI<\/strong><\/p>\n<p style=\"text-align: left;\"><strong>Troch\u0119\u00a0o Festiwalu: zaczerpni\u0119te ze strony infosadowne:<\/strong><\/p>\n<p>,,Pomimo tak du\u017cej popularno\u015bci tego ta\u0144ca, nie spos\u00f3b znale\u017a\u0107 przedsi\u0119wzi\u0119cie, kt\u00f3re by\u0142oby w ca\u0142o\u015bci po\u015bwi\u0119cone tej cudownej sztuce. W odpowiedzi na ten problem <strong>Fundacja CZE-NE-KA <\/strong>i dzia\u0142aj\u0105cy w jej ramach <strong>Zesp\u00f3\u0142 Ta\u0144ca Historycznego CHOREA ANTIQUA<\/strong> postanowi\u0142y zorganizowa\u0107 <strong>I Mi\u0119dzynarodowy Festiwal POLONEZA. <\/strong>Odby\u0142 si\u0119 on w <strong>2015 roku<\/strong> pod honorowym patronatem Marsza\u0142ka Wojew\u00f3dztwa Mazowieckiego Pana Adama Struzika.<\/p>\n<p>W tym roku odby\u0142a si\u0119 ju\u017c \u00f3sma edycja Festiwalu, a rozpocz\u0119\u0142a si\u0119 ona 4 czerwca w Warszawie. Organizatorzy zaplanowali te\u017c koncert g\u0142\u00f3wny z udzia\u0142em uczestnik\u00f3w Festiwalu. Odby\u0142 si\u0119 on popo\u0142udniem 25 czerwca 2022 roku <strong>w Gminnej Hali Sportowej w Sadownem. <\/strong>Poprowadzi\u0142 go, jak w poprzedniej edycji, <strong>p. Pawe\u0142 \u015awi\u0119torecki.\u201d<\/strong><\/p>\n<p><strong> <a href=\"http:\/\/info.sadowne.pl\/wp-content\/uploads\/2023\/09\/sad971.jpg\"><img loading=\"lazy\" decoding=\"async\" class=\"aligncenter size-full wp-image-28113\" src=\"http:\/\/info.sadowne.pl\/wp-content\/uploads\/2023\/09\/sad971.jpg\" alt=\"\" width=\"600\" height=\"464\" srcset=\"http:\/\/info.sadowne.pl\/wp-content\/uploads\/2023\/09\/sad971.jpg 600w, http:\/\/info.sadowne.pl\/wp-content\/uploads\/2023\/09\/sad971-300x232.jpg 300w\" sizes=\"auto, (max-width: 600px) 100vw, 600px\" \/><\/a><\/strong><\/p>\n<p style=\"text-align: center;\">Wej\u015bcie SADOWIANEK krokiem poloneza.<\/p>\n<p><strong> <a href=\"http:\/\/info.sadowne.pl\/wp-content\/uploads\/2023\/09\/sad972.jpg\"><img loading=\"lazy\" decoding=\"async\" class=\"aligncenter size-full wp-image-28114\" src=\"http:\/\/info.sadowne.pl\/wp-content\/uploads\/2023\/09\/sad972.jpg\" alt=\"\" width=\"385\" height=\"601\" srcset=\"http:\/\/info.sadowne.pl\/wp-content\/uploads\/2023\/09\/sad972.jpg 385w, http:\/\/info.sadowne.pl\/wp-content\/uploads\/2023\/09\/sad972-192x300.jpg 192w\" sizes=\"auto, (max-width: 385px) 100vw, 385px\" \/><\/a><\/strong><\/p>\n<p style=\"text-align: center;\">Akordeonista zespo\u0142u Andrzej Olton.<\/p>\n<p><strong> <a href=\"http:\/\/info.sadowne.pl\/wp-content\/uploads\/2023\/09\/sad973.jpg\"><img loading=\"lazy\" decoding=\"async\" class=\"aligncenter size-full wp-image-28115\" src=\"http:\/\/info.sadowne.pl\/wp-content\/uploads\/2023\/09\/sad973.jpg\" alt=\"\" width=\"601\" height=\"401\" srcset=\"http:\/\/info.sadowne.pl\/wp-content\/uploads\/2023\/09\/sad973.jpg 601w, http:\/\/info.sadowne.pl\/wp-content\/uploads\/2023\/09\/sad973-300x200.jpg 300w\" sizes=\"auto, (max-width: 601px) 100vw, 601px\" \/><\/a><\/strong><\/p>\n<p style=\"text-align: center;\">Zesp\u00f3\u0142 Sadowianki wykonuje piosenk\u0119 pt.: Polonez Warszawski.<\/p>\n<p style=\"text-align: center;\">Tekst: Jerzy Ficowski.<\/p>\n<p style=\"text-align: center;\">Kompozytor: Tadeusz Sygiety\u0144ski.<\/p>\n<p style=\"text-align: center;\">Oryginalne wykonanie: Zesp\u00f3\u0142 Mazowsze.<\/p>\n<p><strong> <a href=\"http:\/\/info.sadowne.pl\/wp-content\/uploads\/2023\/09\/sad974.jpg\"><img loading=\"lazy\" decoding=\"async\" class=\"aligncenter size-full wp-image-28117\" src=\"http:\/\/info.sadowne.pl\/wp-content\/uploads\/2023\/09\/sad974.jpg\" alt=\"\" width=\"605\" height=\"403\" srcset=\"http:\/\/info.sadowne.pl\/wp-content\/uploads\/2023\/09\/sad974.jpg 605w, http:\/\/info.sadowne.pl\/wp-content\/uploads\/2023\/09\/sad974-300x200.jpg 300w\" sizes=\"auto, (max-width: 605px) 100vw, 605px\" \/><\/a><\/strong><\/p>\n<p style=\"text-align: center;\">Andrzej Olton i Krysia Wetoszka.<\/p>\n<p><strong> <a href=\"http:\/\/info.sadowne.pl\/wp-content\/uploads\/2023\/09\/sad975.jpg\"><img loading=\"lazy\" decoding=\"async\" class=\"aligncenter size-full wp-image-28118\" src=\"http:\/\/info.sadowne.pl\/wp-content\/uploads\/2023\/09\/sad975.jpg\" alt=\"\" width=\"601\" height=\"289\" srcset=\"http:\/\/info.sadowne.pl\/wp-content\/uploads\/2023\/09\/sad975.jpg 601w, http:\/\/info.sadowne.pl\/wp-content\/uploads\/2023\/09\/sad975-300x144.jpg 300w\" sizes=\"auto, (max-width: 601px) 100vw, 601px\" \/><\/a><\/strong><\/p>\n<p style=\"text-align: center;\">Zesp\u00f3\u0142 Sadowianki na widowni.<\/p>\n<p><a href=\"http:\/\/info.sadowne.pl\/wp-content\/uploads\/2023\/09\/sad976.jpg\"><img loading=\"lazy\" decoding=\"async\" class=\"aligncenter size-full wp-image-28119\" src=\"http:\/\/info.sadowne.pl\/wp-content\/uploads\/2023\/09\/sad976.jpg\" alt=\"\" width=\"600\" height=\"287\" srcset=\"http:\/\/info.sadowne.pl\/wp-content\/uploads\/2023\/09\/sad976.jpg 600w, http:\/\/info.sadowne.pl\/wp-content\/uploads\/2023\/09\/sad976-300x144.jpg 300w\" sizes=\"auto, (max-width: 600px) 100vw, 600px\" \/><\/a><\/p>\n<p><a href=\"http:\/\/info.sadowne.pl\/wp-content\/uploads\/2023\/09\/sad977.jpg\"><img loading=\"lazy\" decoding=\"async\" class=\"aligncenter size-full wp-image-28120\" src=\"http:\/\/info.sadowne.pl\/wp-content\/uploads\/2023\/09\/sad977.jpg\" alt=\"\" width=\"602\" height=\"331\" srcset=\"http:\/\/info.sadowne.pl\/wp-content\/uploads\/2023\/09\/sad977.jpg 602w, http:\/\/info.sadowne.pl\/wp-content\/uploads\/2023\/09\/sad977-300x165.jpg 300w\" sizes=\"auto, (max-width: 602px) 100vw, 602px\" \/><\/a><\/p>\n<p style=\"text-align: center;\">Ksi\u0105dz proboszcz Antoni Kunicki na widowni.<\/p>\n<p><strong><a href=\"http:\/\/info.sadowne.pl\/wp-content\/uploads\/2023\/09\/sad978.jpg\"><img loading=\"lazy\" decoding=\"async\" class=\"aligncenter size-full wp-image-28121\" src=\"http:\/\/info.sadowne.pl\/wp-content\/uploads\/2023\/09\/sad978.jpg\" alt=\"\" width=\"602\" height=\"401\" srcset=\"http:\/\/info.sadowne.pl\/wp-content\/uploads\/2023\/09\/sad978.jpg 602w, http:\/\/info.sadowne.pl\/wp-content\/uploads\/2023\/09\/sad978-300x200.jpg 300w\" sizes=\"auto, (max-width: 602px) 100vw, 602px\" \/><\/a>\u00a0<\/strong><\/p>\n<p style=\"text-align: center;\">Pani marsza\u0142ek El\u017cbieta Lanc oraz pan W\u00f3jt Waldemar Cyran wr\u0119czyli wszystkim dyplomy uczestnictwa w tym pi\u0119knym koncercie.<\/p>\n<p><a href=\"http:\/\/info.sadowne.pl\/wp-content\/uploads\/2023\/09\/sad979.jpg\"><img loading=\"lazy\" decoding=\"async\" class=\"aligncenter size-full wp-image-28122\" src=\"http:\/\/info.sadowne.pl\/wp-content\/uploads\/2023\/09\/sad979.jpg\" alt=\"\" width=\"605\" height=\"403\" srcset=\"http:\/\/info.sadowne.pl\/wp-content\/uploads\/2023\/09\/sad979.jpg 605w, http:\/\/info.sadowne.pl\/wp-content\/uploads\/2023\/09\/sad979-300x200.jpg 300w\" sizes=\"auto, (max-width: 605px) 100vw, 605px\" \/><\/a><\/p>\n<p style=\"text-align: center;\">Krysia Wetoszka, kierownik Zespo\u0142u Sadowianki odebra\u0142a dyplom.<\/p>\n<p><a href=\"http:\/\/info.sadowne.pl\/wp-content\/uploads\/2023\/09\/sad980.jpg\"><img loading=\"lazy\" decoding=\"async\" class=\"aligncenter size-full wp-image-28123\" src=\"http:\/\/info.sadowne.pl\/wp-content\/uploads\/2023\/09\/sad980.jpg\" alt=\"\" width=\"598\" height=\"828\" srcset=\"http:\/\/info.sadowne.pl\/wp-content\/uploads\/2023\/09\/sad980.jpg 598w, http:\/\/info.sadowne.pl\/wp-content\/uploads\/2023\/09\/sad980-217x300.jpg 217w\" sizes=\"auto, (max-width: 598px) 100vw, 598px\" \/><\/a><\/p>\n<p><a href=\"http:\/\/info.sadowne.pl\/wp-content\/uploads\/2023\/09\/sad981.jpg\"><img loading=\"lazy\" decoding=\"async\" class=\"aligncenter size-full wp-image-28124\" src=\"http:\/\/info.sadowne.pl\/wp-content\/uploads\/2023\/09\/sad981.jpg\" alt=\"\" width=\"603\" height=\"413\" srcset=\"http:\/\/info.sadowne.pl\/wp-content\/uploads\/2023\/09\/sad981.jpg 603w, http:\/\/info.sadowne.pl\/wp-content\/uploads\/2023\/09\/sad981-300x205.jpg 300w\" sizes=\"auto, (max-width: 603px) 100vw, 603px\" \/><\/a><\/p>\n<p>Po Koncercie, uczestnicy Festiwalu zostali zaproszeni na biesiad\u0119 szlacheck\u0105. Go\u015bci\u0142 ich Alfred Robak w swojej niezwyk\u0142ej <strong>\u201eOstoi Dworskiej\u201d<\/strong> <strong>w Oci\u0119tem<\/strong>.<\/p>\n<p>Nast\u0119pnego dnia wszyscy uczestnicy w swoich pi\u0119knych strojach, zostali zaproszeni na msz\u0119 \u015bwi\u0119t\u0105 do naszego neogotyckiego ko\u015bcio\u0142a pw. \u015bw. Jana Chrzciciela.<\/p>\n<p><strong> <a href=\"http:\/\/info.sadowne.pl\/wp-content\/uploads\/2023\/09\/sad982.jpg\"><img loading=\"lazy\" decoding=\"async\" class=\"aligncenter size-full wp-image-28125\" src=\"http:\/\/info.sadowne.pl\/wp-content\/uploads\/2023\/09\/sad982.jpg\" alt=\"\" width=\"606\" height=\"257\" srcset=\"http:\/\/info.sadowne.pl\/wp-content\/uploads\/2023\/09\/sad982.jpg 606w, http:\/\/info.sadowne.pl\/wp-content\/uploads\/2023\/09\/sad982-300x127.jpg 300w\" sizes=\"auto, (max-width: 606px) 100vw, 606px\" \/><\/a><\/strong><\/p>\n<p><strong> <a href=\"http:\/\/info.sadowne.pl\/wp-content\/uploads\/2023\/09\/sad983.jpg\"><img loading=\"lazy\" decoding=\"async\" class=\"aligncenter size-full wp-image-28126\" src=\"http:\/\/info.sadowne.pl\/wp-content\/uploads\/2023\/09\/sad983.jpg\" alt=\"\" width=\"601\" height=\"372\" srcset=\"http:\/\/info.sadowne.pl\/wp-content\/uploads\/2023\/09\/sad983.jpg 601w, http:\/\/info.sadowne.pl\/wp-content\/uploads\/2023\/09\/sad983-300x186.jpg 300w\" sizes=\"auto, (max-width: 601px) 100vw, 601px\" \/><\/a><\/strong><\/p>\n<p style=\"text-align: center;\">Na koniec pami\u0105tkowe zdj\u0119cie.<\/p>\n<p><strong>\u0179r\u00f3d\u0142o: <\/strong>SADOWIANKI, Barbara Wr\u00f3bel, Sadowne 2023<\/p>\n","protected":false},"excerpt":{"rendered":"<p>SADOWNE &#8211; 3 MAJA 2022 ROKU.<\/p>\n","protected":false},"author":1,"featured_media":0,"comment_status":"closed","ping_status":"closed","sticky":false,"template":"","format":"standard","meta":{"footnotes":""},"categories":[5,31,1202],"tags":[],"class_list":["post-28089","post","type-post","status-publish","format-standard","hentry","category-newsy","category-historia-gminy","category-zespol-spiewaczy-sadowianki"],"views":1765,"_links":{"self":[{"href":"http:\/\/info.sadowne.pl\/index.php?rest_route=\/wp\/v2\/posts\/28089","targetHints":{"allow":["GET"]}}],"collection":[{"href":"http:\/\/info.sadowne.pl\/index.php?rest_route=\/wp\/v2\/posts"}],"about":[{"href":"http:\/\/info.sadowne.pl\/index.php?rest_route=\/wp\/v2\/types\/post"}],"author":[{"embeddable":true,"href":"http:\/\/info.sadowne.pl\/index.php?rest_route=\/wp\/v2\/users\/1"}],"replies":[{"embeddable":true,"href":"http:\/\/info.sadowne.pl\/index.php?rest_route=%2Fwp%2Fv2%2Fcomments&post=28089"}],"version-history":[{"count":4,"href":"http:\/\/info.sadowne.pl\/index.php?rest_route=\/wp\/v2\/posts\/28089\/revisions"}],"predecessor-version":[{"id":28128,"href":"http:\/\/info.sadowne.pl\/index.php?rest_route=\/wp\/v2\/posts\/28089\/revisions\/28128"}],"wp:attachment":[{"href":"http:\/\/info.sadowne.pl\/index.php?rest_route=%2Fwp%2Fv2%2Fmedia&parent=28089"}],"wp:term":[{"taxonomy":"category","embeddable":true,"href":"http:\/\/info.sadowne.pl\/index.php?rest_route=%2Fwp%2Fv2%2Fcategories&post=28089"},{"taxonomy":"post_tag","embeddable":true,"href":"http:\/\/info.sadowne.pl\/index.php?rest_route=%2Fwp%2Fv2%2Ftags&post=28089"}],"curies":[{"name":"wp","href":"https:\/\/api.w.org\/{rel}","templated":true}]}}