{"id":28165,"date":"2023-09-08T17:17:31","date_gmt":"2023-09-08T15:17:31","guid":{"rendered":"http:\/\/info.sadowne.pl\/?p=28165"},"modified":"2023-09-08T19:59:22","modified_gmt":"2023-09-08T17:59:22","slug":"bedziemy-pamietac-o-bohaterach","status":"publish","type":"post","link":"http:\/\/info.sadowne.pl\/?p=28165","title":{"rendered":"B\u0119dziemy pami\u0119ta\u0107 o bohaterach!"},"content":{"rendered":"<p><a href=\"http:\/\/info.sadowne.pl\/wp-content\/uploads\/2023\/09\/2023.09.08.1.jpg\" target=\"_blank\" rel=\"noopener\"><img loading=\"lazy\" decoding=\"async\" class=\"alignleft wp-image-28167 size-thumbnail\" src=\"http:\/\/info.sadowne.pl\/wp-content\/uploads\/2023\/09\/2023.09.08.1-180x130.jpg\" alt=\"\" width=\"180\" height=\"130\" \/><\/a><\/p>\n<p><strong>9 wrze\u015bnia 1939 r. 33. Dywizja Piechoty Rezerwy powstrzyma\u0142a Niemc\u00f3w pod Sadownem i odesz\u0142a st\u0105d nie jako pokonana, lecz na rozkaz wy\u017cszych prze\u0142o\u017conych &#8211; w\u0142adze i mieszka\u0144cy gminy Sadowne pami\u0119taj\u0105 o rocznicy tej bitwy.<\/strong><!--more--><\/p>\n<p>8 wrze\u015bnia 2023 roku na cmentarzu parafialnym w Sadownem uczczono pami\u0119\u0107 50-ciu bohaterskich \u017co\u0142nierzy 33. Dywizji Piechoty Rezerwy, kt\u00f3rzy polegli w obronie Sadownego i kt\u00f3rych symbolizuje zbiorowa mogi\u0142a oraz gr\u00f3b \u201enieznanego \u017co\u0142nierza\u201d. W imieniu mieszka\u0144c\u00f3w na grobach wi\u0105zanki kwiat\u00f3w z\u0142o\u017cyli i zapalili symboliczne lampki: W\u00f3jt Gminy Sadowne p. Waldemar Cyran, Zast\u0119pca W\u00f3jta Gminy Sadowne p. Marcin Gr\u0119da, Proboszcz Parafii Sadowne ks. Antoni Kunicki, Dyrektor Szko\u0142y Podstawowej im. b\u0142. ks. Edwarda Grzyma\u0142y p. Ma\u0142gorzata Koro\u015b oraz uczniowie tej szko\u0142y. Wart\u0119 honorow\u0105 przy grobach wystawi\u0142a 123 Dru\u017cyna Harcerska \u201eW\u0142\u00f3czykije\u201d funkcjonuj\u0105ca przy sadowie\u0144skiej szkole podstawowej. Kilka s\u0142\u00f3w na temat bohater\u00f3w okresu wojennego przekaza\u0142 przyby\u0142ym ks. A. Kunicki. O samej bitwie, jej przebiegu i poleg\u0142ych \u017co\u0142nierzach opowiedzia\u0142 lokalny historyk p. S\u0142awomir Akonom. On te\u017c poprowadzi\u0142 marsz uczestnik\u00f3w spotkania cmentarnymi alejkami, opowiadaj\u0105c o wojennej historii gminy Sadowne (wi\u0119cej o bitwie i poleg\u0142ych \u017co\u0142nierzach mo\u017cna dowiedzie\u0107 si\u0119 na stronie \u201eBohaterowie wrze\u015bnia\u201d &#8211; <span style=\"color: #0000ff;\"><strong><a style=\"color: #0000ff;\" href=\"http:\/\/info.sadowne.pl\/?p=13484\" target=\"_blank\" rel=\"noopener\">http:\/\/info.sadowne.pl\/?p=13484<\/a><\/strong><\/span>).<\/p>\n<p>Nawi\u0105zuj\u0105c do tematu II wojny \u015bwiatowej, p. Akonom zaprosi\u0142 r\u00f3wnie\u017c wszystkich do Gminnego O\u015brodka Kultury w Sadownem, gdzie odby\u0142o si\u0119 otwarcie przygotowanej przez IPN wystawy p.t. \u201eSamarytanie z Markowej\u201d. Tam go\u015bci powita\u0142a p. Ewa Pi\u00f3rkowska \u2013 Dyrektor GOK w Sadownem, a nast\u0119pnie p. S\u0142awomir przedstawi\u0142 multimedialn\u0105 prezentacj\u0119 oraz opowiedzia\u0142 o rodzinie Ulm\u00f3w z Markowej na Podkarpaciu, kt\u00f3ra, pomimo zagro\u017ceniem \u015bmierci\u0105, ukrywa\u0142a w swoim domu \u017byd\u00f3w. Za ten czyn mi\u0142osierdzia ca\u0142a rodzina zosta\u0142a zamordowana przez nazist\u00f3w w marcu 1944 roku \u2013 w najbli\u017csz\u0105 niedziel\u0119 10 wrze\u015bnia 2023 roku odb\u0119dzie si\u0119 beatyfikacja J\u00f3zefa i Wktorii Ulm\u00f3w wraz z ich siedmiorgiem dzieci.<\/p>\n<p>Wi\u0119cej o rodzinie Ulm\u00f3w na stronie IPN &#8211; <span style=\"color: #0000ff;\"><strong><a style=\"color: #0000ff;\" href=\"https:\/\/rodzinaulmow.ipn.gov.pl\/ulm\/publikacje-o-ulmach\/artykuly\/20827,Historia-Markowej.html\" target=\"_blank\" rel=\"noopener\">https:\/\/rodzinaulmow.ipn.gov.pl\/ulm\/publikacje-o-ulmach\/artykuly\/20827,Historia-Markowej.html<\/a><\/strong><\/span><\/p>\n<p><span style=\"color: #0000ff;\"><a style=\"color: #0000ff;\" href=\"https:\/\/photos.app.goo.gl\/8bDGAW538eMedZhdA\" target=\"_blank\" rel=\"noopener\"><strong>Zdj\u0119cia w galerii Google&gt;&gt;&gt;<\/strong><\/a><\/span><\/p>\n<p><strong>Teks\/foto:<\/strong> S\u0142awek Chyli\u0144ski<\/p>\n","protected":false},"excerpt":{"rendered":"<p>9 wrze\u015bnia 1939 r. 33. Dywizja Piechoty Rezerwy powstrzyma\u0142a Niemc\u00f3w pod Sadownem i odesz\u0142a st\u0105d nie jako pokonana, lecz na rozkaz wy\u017cszych prze\u0142o\u017conych &#8211; w\u0142adze i mieszka\u0144cy gminy Sadowne pami\u0119taj\u0105 o rocznicy tej bitwy.<\/p>\n","protected":false},"author":1,"featured_media":0,"comment_status":"closed","ping_status":"closed","sticky":false,"template":"","format":"standard","meta":{"footnotes":""},"categories":[5,41],"tags":[4017,1827,169,4016],"class_list":["post-28165","post","type-post","status-publish","format-standard","hentry","category-newsy","category-wiesci-gminne","tag-beatyfikowanie-rodziny-ulmow","tag-gmina-sadowne","tag-gminny-osrodek-kultury-w-sadownem","tag-rocznica-bitwy-o-sadowne"],"views":1877,"_links":{"self":[{"href":"http:\/\/info.sadowne.pl\/index.php?rest_route=\/wp\/v2\/posts\/28165","targetHints":{"allow":["GET"]}}],"collection":[{"href":"http:\/\/info.sadowne.pl\/index.php?rest_route=\/wp\/v2\/posts"}],"about":[{"href":"http:\/\/info.sadowne.pl\/index.php?rest_route=\/wp\/v2\/types\/post"}],"author":[{"embeddable":true,"href":"http:\/\/info.sadowne.pl\/index.php?rest_route=\/wp\/v2\/users\/1"}],"replies":[{"embeddable":true,"href":"http:\/\/info.sadowne.pl\/index.php?rest_route=%2Fwp%2Fv2%2Fcomments&post=28165"}],"version-history":[{"count":4,"href":"http:\/\/info.sadowne.pl\/index.php?rest_route=\/wp\/v2\/posts\/28165\/revisions"}],"predecessor-version":[{"id":28170,"href":"http:\/\/info.sadowne.pl\/index.php?rest_route=\/wp\/v2\/posts\/28165\/revisions\/28170"}],"wp:attachment":[{"href":"http:\/\/info.sadowne.pl\/index.php?rest_route=%2Fwp%2Fv2%2Fmedia&parent=28165"}],"wp:term":[{"taxonomy":"category","embeddable":true,"href":"http:\/\/info.sadowne.pl\/index.php?rest_route=%2Fwp%2Fv2%2Fcategories&post=28165"},{"taxonomy":"post_tag","embeddable":true,"href":"http:\/\/info.sadowne.pl\/index.php?rest_route=%2Fwp%2Fv2%2Ftags&post=28165"}],"curies":[{"name":"wp","href":"https:\/\/api.w.org\/{rel}","templated":true}]}}