{"id":28182,"date":"2023-03-10T17:32:27","date_gmt":"2023-03-10T16:32:27","guid":{"rendered":"http:\/\/info.sadowne.pl\/?p=28182"},"modified":"2023-10-03T17:58:25","modified_gmt":"2023-10-03T15:58:25","slug":"uwaga-plener-malarski","status":"publish","type":"post","link":"http:\/\/info.sadowne.pl\/?p=28182","title":{"rendered":"Wernisa\u017c ju\u017c w t\u0119 niedziel\u0119!"},"content":{"rendered":"<p><strong><a href=\"http:\/\/info.sadowne.pl\/wp-content\/uploads\/2023\/09\/2023.09.12.2.jpg\"><img loading=\"lazy\" decoding=\"async\" class=\"alignleft size-thumbnail wp-image-28183\" src=\"http:\/\/info.sadowne.pl\/wp-content\/uploads\/2023\/09\/2023.09.12.2-180x130.jpg\" alt=\"\" width=\"180\" height=\"130\" \/><\/a>W dniach 01 \u2013 12 pa\u017adziernika br., w ramach projektu \u201e\u015aladami Pami\u0119ci bohater\u00f3w Powstania Styczniowego w powiecie w\u0119growskim\u201d, na terenie gminy Sadowne b\u0119dzie odbywa\u0142 si\u0119 plener malarski pn. \u201eDrogi wolno\u015bci\u201d.<\/strong><!--more--><\/p>\n<p><strong>Jest to ju\u017c XXIII Plener Malarski Artyst\u00f3w Plastyk\u00f3w im. Edwarda Hermana w Sadownem, ale w roku jubileuszowym powstania styczniowego zosta\u0142 w\u0142\u0105czony w obchody tej rocznicy na terenie powiatu w\u0119growskiego.<\/strong><\/p>\n<p><strong>Wernisa\u017c wystawy poplenerowej odb\u0119dzie si\u0119 w niedziel\u0119 8 pa\u017adziernika br. w Sali Ochotniczej Stra\u017cy Po\u017carnej w Sadownem. Serdecznie zapraszamy!<\/strong><\/p>\n<p><a href=\"http:\/\/info.sadowne.pl\/wp-content\/uploads\/2023\/09\/2023.09.12.2.jpg\"><img loading=\"lazy\" decoding=\"async\" class=\"aligncenter size-full wp-image-28183\" src=\"http:\/\/info.sadowne.pl\/wp-content\/uploads\/2023\/09\/2023.09.12.2.jpg\" alt=\"\" width=\"603\" height=\"853\" srcset=\"http:\/\/info.sadowne.pl\/wp-content\/uploads\/2023\/09\/2023.09.12.2.jpg 603w, http:\/\/info.sadowne.pl\/wp-content\/uploads\/2023\/09\/2023.09.12.2-212x300.jpg 212w\" sizes=\"auto, (max-width: 603px) 100vw, 603px\" \/><\/a><\/p>\n","protected":false},"excerpt":{"rendered":"<p>W dniach 01 \u2013 12 pa\u017adziernika br., w ramach projektu \u201e\u015aladami Pami\u0119ci bohater\u00f3w Powstania Styczniowego w powiecie w\u0119growskim\u201d, na terenie gminy Sadowne b\u0119dzie odbywa\u0142 si\u0119 plener malarski pn. \u201eDrogi wolno\u015bci\u201d.<\/p>\n","protected":false},"author":1,"featured_media":0,"comment_status":"closed","ping_status":"closed","sticky":false,"template":"","format":"standard","meta":{"footnotes":""},"categories":[5,91,6],"tags":[169,2064,4023],"class_list":["post-28182","post","type-post","status-publish","format-standard","hentry","category-newsy","category-gminny-osrodek-kultury","category-kultura-rozrywka-edukacja","tag-gminny-osrodek-kultury-w-sadownem","tag-wernisaz-wystawy-poplenerowej","tag-xxiii-plener-malarski-im-edwarda-hermana-w-sadownem"],"views":1510,"_links":{"self":[{"href":"http:\/\/info.sadowne.pl\/index.php?rest_route=\/wp\/v2\/posts\/28182","targetHints":{"allow":["GET"]}}],"collection":[{"href":"http:\/\/info.sadowne.pl\/index.php?rest_route=\/wp\/v2\/posts"}],"about":[{"href":"http:\/\/info.sadowne.pl\/index.php?rest_route=\/wp\/v2\/types\/post"}],"author":[{"embeddable":true,"href":"http:\/\/info.sadowne.pl\/index.php?rest_route=\/wp\/v2\/users\/1"}],"replies":[{"embeddable":true,"href":"http:\/\/info.sadowne.pl\/index.php?rest_route=%2Fwp%2Fv2%2Fcomments&post=28182"}],"version-history":[{"count":5,"href":"http:\/\/info.sadowne.pl\/index.php?rest_route=\/wp\/v2\/posts\/28182\/revisions"}],"predecessor-version":[{"id":28268,"href":"http:\/\/info.sadowne.pl\/index.php?rest_route=\/wp\/v2\/posts\/28182\/revisions\/28268"}],"wp:attachment":[{"href":"http:\/\/info.sadowne.pl\/index.php?rest_route=%2Fwp%2Fv2%2Fmedia&parent=28182"}],"wp:term":[{"taxonomy":"category","embeddable":true,"href":"http:\/\/info.sadowne.pl\/index.php?rest_route=%2Fwp%2Fv2%2Fcategories&post=28182"},{"taxonomy":"post_tag","embeddable":true,"href":"http:\/\/info.sadowne.pl\/index.php?rest_route=%2Fwp%2Fv2%2Ftags&post=28182"}],"curies":[{"name":"wp","href":"https:\/\/api.w.org\/{rel}","templated":true}]}}