{"id":28204,"date":"2023-09-19T16:26:32","date_gmt":"2023-09-19T14:26:32","guid":{"rendered":"http:\/\/info.sadowne.pl\/?p=28204"},"modified":"2023-09-19T16:26:32","modified_gmt":"2023-09-19T14:26:32","slug":"kronika-strazacka-11-17-wrzesnia-2023","status":"publish","type":"post","link":"http:\/\/info.sadowne.pl\/?p=28204","title":{"rendered":"Kronika stra\u017cacka 11 \u2013 17 wrze\u015bnia 2023"},"content":{"rendered":"<p><strong><a href=\"http:\/\/info.sadowne.pl\/wp-content\/uploads\/2023\/06\/straz3-scaled.jpg\"><img loading=\"lazy\" decoding=\"async\" class=\"alignleft size-thumbnail wp-image-27687\" src=\"http:\/\/info.sadowne.pl\/wp-content\/uploads\/2023\/06\/straz3-180x130.jpg\" alt=\"\" width=\"180\" height=\"130\" \/><\/a>W<\/strong><strong> okresie<\/strong><strong> od<\/strong><strong> 11.09 do 17.09.2023 na<\/strong><strong> terenie<\/strong><strong> powiatu<\/strong><strong> w\u0119growskiego<\/strong><strong> zanotowano:<\/strong><strong> 15 zdarze\u0144,<\/strong><strong> przy<\/strong><strong> kt\u00f3rych<\/strong><strong> interweniowa\u0142y<\/strong><strong> jednostki<\/strong><strong> ochrony<\/strong><strong> przeciwpo\u017carowej, w tym:<\/strong><strong> 3 po\u017cary i 12 miejscowych zagro\u017ce\u0144.<\/strong><!--more--><\/p>\n<p><strong>12.09.2023 \u2013 Zawady. gm. Liw \u2013 wypadek samochodu osobowego.<\/strong><\/p>\n<p><strong>N<\/strong>a miejsce zdarzenia zosta\u0142y zadysponowane dwa zast\u0119py JRG i miejscowe OSP. Po przybyciu stra\u017cacy stwierdzili, \u017ce na drodze powiatowej samoch\u00f3d osobowy zjecha\u0142 z trasy i uderzy\u0142 przodem w drzewo. Samoch\u00f3d znajdowa\u0142 si\u0119 w ca\u0142o\u015bci poza drog\u0105, podr\u00f3\u017cowa\u0142 nim wy\u0142\u0105cznie kierowca (nieprzytomny, z zachowanymi funkcjami \u017cyciowymi, zakleszczony w poje\u017adzie, widoczne z\u0142amanie ko\u0144czyny dolnej lewej, obra\u017cenia i krwotoki na ciele). Na miejsce zdarzenia dotar\u0142a r\u00f3wnie\u017c policja i ZRM. Dzia\u0142ania zast\u0119p\u00f3w polega\u0142y na zabezpieczeniu miejsca zdarzenia, wykonaniu dost\u0119pu do poszkodowanego przy pomocy narz\u0119dzi hydraulicznych przy r\u0119cznej stabilizacji odcinka szyjnego kr\u0119gos\u0142upa oraz wyci\u0105gni\u0119ciu go na nosze ortopedyczne i przeniesieniu do ambulansu pod nadzorem ZRM. Dzia\u0142ania medyczne przy poszkodowanym prowadzi\u0142 ZRM. Po odje\u017adzie karetki z poszkodowanym do szpitala, miejsce zdarzenia przekazano protoko\u0142em policji, na tym dzia\u0142ania zako\u0144czono.<\/p>\n<p>W DZIA\u0141ANIACH RATOWNICZYCH UDZIA\u0141 BRA\u0141O: 3 zast\u0119py, 12 ratownik\u00f3w.<strong>\u00a0<\/strong><\/p>\n<p><strong>13.09.2023 \u2013 \u0141och\u00f3w, ul. 10-lecia &#8211; <\/strong><strong>budyn<\/strong><strong>ek mieszkalny- uderzenie pioruna w komin<\/strong><strong>.<\/strong><\/p>\n<p>Na miejsce zosta\u0142 zadysponowany zast\u0119p OSP \u0141och\u00f3w. Stra\u017cacy ustalili, \u017ce w wyniku uderzenia pioruna uleg\u0142 uszkodzeniu fragment komina w budynku mieszkalnym jednorodzinnym, brak oznak po\u017caru, brak os\u00f3b poszkodowanych, policja na miejscu. Dzia\u0142ania zast\u0119pu polega\u0142y na zabezpieczeniu miejsca zdarzenia, rozebraniu fragmentu uszkodzonego komina, kt\u00f3ry grozi\u0142 upadkiem oraz sprawdzeniu ca\u0142ego budynku kamer\u0105 termowizyjn\u0105 pod katem powstania zarzewi ognia (wynik negatywny). Na tym dzia\u0142ania zako\u0144czono, a zast\u0119p powr\u00f3ci\u0142 do bazy.<\/p>\n<p>W DZIA\u0141ANIACH RATOWNICZYCH UDZIA\u0141 BRA\u0141O: 1 zast\u0119p, 6 ratownik\u00f3w.<\/p>\n<p><strong>16.09.2023 \u2013 Wrotn\u00f3w, gm. Miedzna \u2013 kolizja dw\u00f3ch samochod\u00f3w osobowych.<\/strong><\/p>\n<p>Dyspozytor SK KP PSP w W\u0119growie zadysponowa\u0142 pobliskie OSP Miedzna oraz zast\u0119p JRG W\u0119gr\u00f3w SLRt. Po doje\u017adzie na miejsce zdarzenia stra\u017cacy stwierdzili, \u017ce dosz\u0142o do zderzenia dw\u00f3ch samochod\u00f3w osobowych Kia oraz VW Golf, brak os\u00f3b poszkodowanych. Jeden samoch\u00f3d znajduje si\u0119 na pasie drogi, a drugi poza drog\u0105 na \u0142\u0105ce. Dzia\u0142ania zast\u0119p\u00f3w polega\u0142y na zabezpieczeniu miejsca zdarzenia, od\u0142\u0105czeniu klem akumulator\u00f3w, zneutralizowaniu p\u0142yn\u00f3w eksploatacyjnych wydobywaj\u0105cych si\u0119 z pojazdy na jezdnie oraz zmyciu ich pr\u0105dem wody. Zepchni\u0119to samoch\u00f3d Kia \u00a0z jezdni na pobocze. Na tym dzia\u0142ania zosta\u0142y zako\u0144czone, zast\u0119py powr\u00f3ci\u0142y do bazy.<\/p>\n<p>W DZIA\u0141ANIACH RATOWNICZYCH UDZIA\u0141 BRA\u0141O: 2 zast\u0119py, 11 ratownik\u00f3w.<\/p>\n<p><strong>17.09.2023 \u2013 \u0141och\u00f3w, Al. \u0141ochowska \u2013 <\/strong><strong>dachowanie samochodu osobowego<\/strong><strong>.<\/strong><\/p>\n<p>Dy\u017curny na miejsce zdarzenia zadysponowa\u0142 zast\u0119p OSP \u0141och\u00f3w, ul. Fabryczna, OSP Ostr\u00f3wek i zast\u0119p SLRT z JRG W\u0119gr\u00f3w. Po przybyciu na miejsce zast\u0119p\u00f3w OSP i przeprowadzonym rozpoznaniu, KDR stwierdzi\u0142, \u017ce dosz\u0142o do wypadku samochodu osobowego (dachowanie pojazdu), kierowca wypad\u0142 z pojazdu, kt\u00f3rym zajmowa\u0142 si\u0119 ZRM, Policja na miejscu. Dzia\u0142ania zast\u0119p\u00f3w polega\u0142y na zabezpieczeniu miejsca zdarzenia, od\u0142\u0105czeniu akumulatora i rozstawieniu parawanu. Po zabraniu przez ZRM poszkodowanego m\u0119\u017cczyzny do szpitala, KDR na pro\u015bb\u0119 Policji pozostawi\u0142 zast\u0119p OSP \u0141och\u00f3w, ul. Fabryczna do pomocy Policji. Po czym zast\u0119p OSP Ostr\u00f3wek i zast\u0119p SLRT powr\u00f3ci\u0142y do bazy.<\/p>\n<p>W DZIA\u0141ANIACH RATOWNICZYCH UDZIA\u0141 BRA\u0141O: 3 zast\u0119py, 18 ratownik\u00f3w.<\/p>\n<p><strong>KP PSP W\u0119gr\u00f3w<\/strong><\/p>\n","protected":false},"excerpt":{"rendered":"<p>W okresie od 11.09 do 17.09.2023 na terenie powiatu w\u0119growskiego zanotowano: 15 zdarze\u0144, przy kt\u00f3rych interweniowa\u0142y jednostki ochrony przeciwpo\u017carowej, w tym: 3 po\u017cary i 12 miejscowych zagro\u017ce\u0144.<\/p>\n","protected":false},"author":1,"featured_media":0,"comment_status":"closed","ping_status":"closed","sticky":false,"template":"","format":"standard","meta":{"footnotes":""},"categories":[5,4,267],"tags":[491,643],"class_list":["post-28204","post","type-post","status-publish","format-standard","hentry","category-newsy","category-policja-straz-pozarna-pogotowie-ratunkowe","category-straz-pozarna-policja-straz-pozarna-pogotowie-ratunkowe","tag-komenda-powiatowa-panstwowej-strazy-pozarnej-w-wegrowie","tag-kronika-strazacka"],"views":1816,"_links":{"self":[{"href":"http:\/\/info.sadowne.pl\/index.php?rest_route=\/wp\/v2\/posts\/28204","targetHints":{"allow":["GET"]}}],"collection":[{"href":"http:\/\/info.sadowne.pl\/index.php?rest_route=\/wp\/v2\/posts"}],"about":[{"href":"http:\/\/info.sadowne.pl\/index.php?rest_route=\/wp\/v2\/types\/post"}],"author":[{"embeddable":true,"href":"http:\/\/info.sadowne.pl\/index.php?rest_route=\/wp\/v2\/users\/1"}],"replies":[{"embeddable":true,"href":"http:\/\/info.sadowne.pl\/index.php?rest_route=%2Fwp%2Fv2%2Fcomments&post=28204"}],"version-history":[{"count":1,"href":"http:\/\/info.sadowne.pl\/index.php?rest_route=\/wp\/v2\/posts\/28204\/revisions"}],"predecessor-version":[{"id":28205,"href":"http:\/\/info.sadowne.pl\/index.php?rest_route=\/wp\/v2\/posts\/28204\/revisions\/28205"}],"wp:attachment":[{"href":"http:\/\/info.sadowne.pl\/index.php?rest_route=%2Fwp%2Fv2%2Fmedia&parent=28204"}],"wp:term":[{"taxonomy":"category","embeddable":true,"href":"http:\/\/info.sadowne.pl\/index.php?rest_route=%2Fwp%2Fv2%2Fcategories&post=28204"},{"taxonomy":"post_tag","embeddable":true,"href":"http:\/\/info.sadowne.pl\/index.php?rest_route=%2Fwp%2Fv2%2Ftags&post=28204"}],"curies":[{"name":"wp","href":"https:\/\/api.w.org\/{rel}","templated":true}]}}