{"id":28257,"date":"2023-09-25T19:07:57","date_gmt":"2023-09-25T17:07:57","guid":{"rendered":"http:\/\/info.sadowne.pl\/?p=28257"},"modified":"2023-09-25T19:07:57","modified_gmt":"2023-09-25T17:07:57","slug":"kronika-strazacka-18-24-wrzesnia-2023","status":"publish","type":"post","link":"http:\/\/info.sadowne.pl\/?p=28257","title":{"rendered":"Kronika stra\u017cacka 18 \u2013 24 wrze\u015bnia 2023"},"content":{"rendered":"<p><strong><a href=\"http:\/\/info.sadowne.pl\/wp-content\/uploads\/2023\/06\/straz3-scaled.jpg\"><img loading=\"lazy\" decoding=\"async\" class=\"alignleft size-thumbnail wp-image-27687\" src=\"http:\/\/info.sadowne.pl\/wp-content\/uploads\/2023\/06\/straz3-180x130.jpg\" alt=\"\" width=\"180\" height=\"130\" \/><\/a>W<\/strong><strong> okresie<\/strong><strong> 18 &#8211; 24.09.2023 na<\/strong><strong> terenie<\/strong><strong> powiatu<\/strong><strong> w\u0119growskiego<\/strong><strong> zanotowano:<\/strong><strong> 20 zdarze\u0144,<\/strong><strong> przy<\/strong><strong> kt\u00f3rych<\/strong><strong> interweniowa\u0142y<\/strong><strong> jednostki<\/strong><strong> ochrony<\/strong><strong> przeciwpo\u017carowej, w tym:<\/strong><strong> 5 po\u017car\u00f3w, 14 miejscowych zagro\u017ce\u0144 i 1 alarm fa\u0142szywy.<\/strong><!--more--><\/p>\n<p><strong>18.09.2023 \u2013 Budziska, gm. \u0141och\u00f3w \u2013 po\u017car samochodu osobowego.<\/strong><\/p>\n<p>Po przybyciu na miejsce zdarzenia zast\u0119p\u00f3w OSP Ostr\u00f3wek i OSP \u0141och\u00f3w stra\u017cacy ustalili, \u017ce dosz\u0142o do po\u017caru w komorze silnikowej pojazdu marki Ford Mondeo. Kieruj\u0105cy samodzielnie ugasi\u0142 po\u017car ga\u015bnic\u0105 samochodow\u0105 przed przybyciem stra\u017cy. Dzia\u0142ania zast\u0119p\u00f3w polega\u0142y na zabezpieczeniu miejsca zdarzenia, od\u0142\u0105czeniu akumulatora w poje\u017adzie, a nast\u0119pnie sprawdzeniu auta kamer\u0105 termowizyjn\u0105 (nie stwierdzaj\u0105c zarzewi ognia). Po przekazaniu pojazdu i miejsca zdarzenia kierowcy dzia\u0142ania zako\u0144czono, a zast\u0119py powr\u00f3ci\u0142y do koszar.<\/p>\n<p>W DZIA\u0141ANIACH RATOWNICZYCH UDZIA\u0141 BRA\u0141O: 2 zast\u0119py, 12 ratownik\u00f3w.<\/p>\n<p><strong>21.09.2023 \u2013 Morzyczyn W\u0142\u00f3ki, gm. Sadowne \u2013\u00a0 po\u017car trawy.<\/strong><\/p>\n<p>Do zdarzenia zosta\u0142y zadysponowane zast\u0119py OSP Sadowne i Sok\u00f3\u0142ka. Po przybyciu na miejsce stra\u017cacy stwierdzili, \u017ce na powierzchni 0,5 ha pali si\u0119 trawa na nieu\u017cytkach w pobli\u017cu lasu. Dzia\u0142ania ratownik\u00f3w polega\u0142y na zabezpieczeniu miejsca zdarzenia oraz podaniu dw\u00f3ch pr\u0105d\u00f3w wody na po\u017car, co doprowadzi\u0142o do lokalizacji, a nast\u0119pnie likwidacji po\u017caru. Na tym dzia\u0142ania zast\u0119pu zako\u0144czono, zast\u0119p powr\u00f3ci\u0142 do koszar.<\/p>\n<p>W DZIA\u0141ANIACH RATOWNICZYCH UDZIA\u0141 BRA\u0141O: 2 zast\u0119py, 12 ratownik\u00f3w.<strong>\u00a0<\/strong><\/p>\n<p><strong>22.09.2023 \u2013 Sek\u0142ak, gm. Korytnica \u00a0<\/strong><strong>&#8211; po\u017car lasu<\/strong><strong>.<\/strong><\/p>\n<p>Do zdarzenia zadysponowano dwa zast\u0119py z OSP K\u0105ty i Rabiany. Po przybyciu na miejsce zdarzenia stra\u017cacy stwierdzili, \u017ce po\u017carem obj\u0119te jest ok. 1 ar \u015bci\u00f3\u0142ki w zagajniku sosnowym przy rzece Liwiec, po czym przyst\u0105piono do dzia\u0142a\u0144 ga\u015bniczych. Dzia\u0142ania zast\u0119p\u00f3w polega\u0142y na podaniu pr\u0105du wody, co doprowadzi\u0142o do lokalizacji i ugaszenia po\u017caru.<\/p>\n<p>W DZIA\u0141ANIACH RATOWNICZYCH UDZIA\u0141 BRA\u0141O: 2 zast\u0119py, 7 ratownik\u00f3w.<\/p>\n<p><strong>24.09.2023 \u2013 Jasior\u00f3wka, gm. \u0141och\u00f3w \u2013 po\u017car budynk\u00f3w gospodarczych.<\/strong><\/p>\n<p>Do zdarzenia zadysponowano zast\u0119py JRG W\u0119gr\u00f3w oraz s\u0105siednie OSP. Stra\u017cacy stwierdzili, \u017ce obj\u0119ty w ca\u0142o\u015bci po\u017carem jest drewniany budynek gospodarczy kryty eternitem, przylegaj\u0105cy do murowanego budynku gospodarczego. Obok znajdowa\u0142a si\u0119 zagro\u017cona drewniana stodo\u0142a oraz nieco dalej inne zabudowania. Dzia\u0142ania zast\u0119p\u00f3w polega\u0142y na zabezpieczeniu miejsca zdarzenia i podaniu pr\u0105du wody w natarciu na po\u017car oraz pr\u0105du wody w obronie murowanego budynku gospodarczego. Nast\u0119pne przyby\u0142e zast\u0119py poda\u0142y kolejny pr\u0105dy wody w natarciu na pal\u0105cy si\u0119 budynek. Doprowadzi\u0142o to do lokalizacji po\u017caru. Przeprowadzono drobne prace rozbi\u00f3rkowe spalonej konstrukcji budynku i przelano dok\u0142adnie wod\u0105 nadpalone materia\u0142y znajduj\u0105ce si\u0119 w \u015brodku (siano, s\u0142oma). Doprowadzi\u0142o to do ugaszenia po\u017caru. Sprawdzono uratowany murowany budynek gospodarczy. Miejsce zdarzenia przekazano w\u0142a\u015bcicielom posesji.<\/p>\n<p>W DZIA\u0141ANIACH RATOWNICZYCH UDZIA\u0141 BRA\u0141O: 9 zast\u0119py, 46 ratownik\u00f3w.<\/p>\n<p><strong>KP PSP W\u0119gr\u00f3w<\/strong><\/p>\n","protected":false},"excerpt":{"rendered":"<p>W okresie 18 &#8211; 24.09.2023 na terenie powiatu w\u0119growskiego zanotowano: 20 zdarze\u0144, przy kt\u00f3rych interweniowa\u0142y jednostki ochrony przeciwpo\u017carowej, w tym: 5 po\u017car\u00f3w, 14 miejscowych zagro\u017ce\u0144 i 1 alarm fa\u0142szywy.<\/p>\n","protected":false},"author":1,"featured_media":0,"comment_status":"closed","ping_status":"closed","sticky":false,"template":"","format":"standard","meta":{"footnotes":""},"categories":[5,4,267],"tags":[491,643],"class_list":["post-28257","post","type-post","status-publish","format-standard","hentry","category-newsy","category-policja-straz-pozarna-pogotowie-ratunkowe","category-straz-pozarna-policja-straz-pozarna-pogotowie-ratunkowe","tag-komenda-powiatowa-panstwowej-strazy-pozarnej-w-wegrowie","tag-kronika-strazacka"],"views":1670,"_links":{"self":[{"href":"http:\/\/info.sadowne.pl\/index.php?rest_route=\/wp\/v2\/posts\/28257","targetHints":{"allow":["GET"]}}],"collection":[{"href":"http:\/\/info.sadowne.pl\/index.php?rest_route=\/wp\/v2\/posts"}],"about":[{"href":"http:\/\/info.sadowne.pl\/index.php?rest_route=\/wp\/v2\/types\/post"}],"author":[{"embeddable":true,"href":"http:\/\/info.sadowne.pl\/index.php?rest_route=\/wp\/v2\/users\/1"}],"replies":[{"embeddable":true,"href":"http:\/\/info.sadowne.pl\/index.php?rest_route=%2Fwp%2Fv2%2Fcomments&post=28257"}],"version-history":[{"count":1,"href":"http:\/\/info.sadowne.pl\/index.php?rest_route=\/wp\/v2\/posts\/28257\/revisions"}],"predecessor-version":[{"id":28258,"href":"http:\/\/info.sadowne.pl\/index.php?rest_route=\/wp\/v2\/posts\/28257\/revisions\/28258"}],"wp:attachment":[{"href":"http:\/\/info.sadowne.pl\/index.php?rest_route=%2Fwp%2Fv2%2Fmedia&parent=28257"}],"wp:term":[{"taxonomy":"category","embeddable":true,"href":"http:\/\/info.sadowne.pl\/index.php?rest_route=%2Fwp%2Fv2%2Fcategories&post=28257"},{"taxonomy":"post_tag","embeddable":true,"href":"http:\/\/info.sadowne.pl\/index.php?rest_route=%2Fwp%2Fv2%2Ftags&post=28257"}],"curies":[{"name":"wp","href":"https:\/\/api.w.org\/{rel}","templated":true}]}}