{"id":28290,"date":"2023-10-09T09:36:58","date_gmt":"2023-10-09T07:36:58","guid":{"rendered":"http:\/\/info.sadowne.pl\/?p=28290"},"modified":"2023-10-10T10:16:35","modified_gmt":"2023-10-10T08:16:35","slug":"xxiii-plener-malarski-w-sadownem","status":"publish","type":"post","link":"http:\/\/info.sadowne.pl\/?p=28290","title":{"rendered":"XXIII Plener Malarski w Sadownem"},"content":{"rendered":"<p><a href=\"http:\/\/info.sadowne.pl\/wp-content\/uploads\/2023\/10\/2023.10.08.1.jpg\" target=\"_blank\" rel=\"noopener\"><img loading=\"lazy\" decoding=\"async\" class=\"alignleft wp-image-28291 size-thumbnail\" src=\"http:\/\/info.sadowne.pl\/wp-content\/uploads\/2023\/10\/2023.10.08.1-180x130.jpg\" alt=\"\" width=\"180\" height=\"130\" \/><\/a><\/p>\n<p><strong>Na terenie gminy Sadowne trwa XXIII Plener Malarski. W mi\u0119dzyczasie odby\u0142 si\u0119 wernisa\u017c, podczas kt\u00f3rego mogli\u015bmy podziwia\u0107 efekty tegorocznego pleneru.<\/strong><!--more--><\/p>\n<p>Od 1 pa\u017adziernika na terenie gminy Sadowne trwa XXIII Plener Malarski Artyst\u00f3w Plastyk\u00f3w im. Edwarda Hermana pn. \u201eDrogi wolno\u015bci\u201d. Tegoroczny plener realizowany jest w ramach obchod\u00f3w 160-tej rocznicy wybuchu Powstania Styczniowego pn. \u201e\u015aladami Pami\u0119ci bohater\u00f3w Powstania Styczniowego w powiecie w\u0119growskim\u201d. Jego organizatorami s\u0105: Gminny O\u015brodek Kultury w Sadownem oraz Gmina Sadowne i dofinansowano go ze \u015brodk\u00f3w Biura \u201eNiepodleg\u0142a\u201d w ramach Programu Dotacyjnego \u201eNiepodleg\u0142a\u201d.<\/p>\n<p>W tegorocznym plenerze bior\u0105 udzia\u0142 pp.: Danuta Ros\u0144ska, Gabriela Czarnecka, Teresa Urbanowska, Gabriela Siewiera, Katarzyna J\u00f3\u017awik, Mariola Talkowska, Zbigniew Dziwosz, Jarek Komorowski, Stefan Krawczyk, Magdalena Czelej, Anna Boszko, Halina Sobczy\u0144ska, Danuta Ko\u015bciukiewicz, Szymon Pi\u00f3rkowski, Piotr Olton i Weronika Olton.<\/p>\n<p>Efekty pleneru mogli\u015bmy podziwia\u0107 podczas wernisa\u017cu poplenerowego, kt\u00f3ry odby\u0142 si\u0119 w niedziel\u0119 8 pa\u017adziernika br. w Sali Ochotniczej Stra\u017cy Po\u017carnej w Sadownem. Wernisa\u017c oficjalnie otworzy\u0142a P. Ewa Pi\u00f3rkowska \u2013 Dyrektor Gminnego O\u015brodka Kultury w Sadownem, a par\u0119 s\u0142\u00f3w o uczestnikach pleneru, jego przebiegu i powsta\u0142ych pracach przekaza\u0142a zebranym P. Teresa Urbanowska \u2013 komisarz pleneru. Obie Panie oraz ks. Antoni Kunicki wyr\u00f3\u017cnili uczestnik\u00f3w pleneru niekonwencjonalnymi statuetkami, kt\u00f3re powsta\u0142y w Gminnym O\u015brodku Kultury w Sadownem.<\/p>\n<p>Po oficjalnym otwarciu spotkania pozosta\u0142o ju\u017c tylko obejrzenie prac umieszczonych na wystawie XXIII Pleneru Malarskiego w Sadownem.<\/p>\n<p>Uwaga! Wystawa b\u0119dzie czynna jeszcze w do czwartku 12 pa\u017adziernika 2023 r. ZAPRASZAMY!<\/p>\n<p><span style=\"color: #0000ff;\"><a style=\"color: #0000ff;\" href=\"https:\/\/photos.app.goo.gl\/K5BZWk4pMaPbfwry8\" target=\"_blank\" rel=\"noopener\"><strong>Zdj\u0119cia w galerii Google&gt;&gt;&gt;<\/strong><\/a><\/span><\/p>\n<p><strong>Tekst\/foto: <\/strong>S\u0142awek Chyli\u0144ski<\/p>\n","protected":false},"excerpt":{"rendered":"<p>Na terenie gminy Sadowne trwa XXIII Plener Malarski. W mi\u0119dzyczasie odby\u0142 si\u0119 wernisa\u017c, podczas kt\u00f3rego mogli\u015bmy podziwia\u0107 efekty tegorocznego pleneru.<\/p>\n","protected":false},"author":1,"featured_media":0,"comment_status":"closed","ping_status":"closed","sticky":false,"template":"","format":"standard","meta":{"footnotes":""},"categories":[5,91,6],"tags":[169,4023],"class_list":["post-28290","post","type-post","status-publish","format-standard","hentry","category-newsy","category-gminny-osrodek-kultury","category-kultura-rozrywka-edukacja","tag-gminny-osrodek-kultury-w-sadownem","tag-xxiii-plener-malarski-im-edwarda-hermana-w-sadownem"],"views":2066,"_links":{"self":[{"href":"http:\/\/info.sadowne.pl\/index.php?rest_route=\/wp\/v2\/posts\/28290","targetHints":{"allow":["GET"]}}],"collection":[{"href":"http:\/\/info.sadowne.pl\/index.php?rest_route=\/wp\/v2\/posts"}],"about":[{"href":"http:\/\/info.sadowne.pl\/index.php?rest_route=\/wp\/v2\/types\/post"}],"author":[{"embeddable":true,"href":"http:\/\/info.sadowne.pl\/index.php?rest_route=\/wp\/v2\/users\/1"}],"replies":[{"embeddable":true,"href":"http:\/\/info.sadowne.pl\/index.php?rest_route=%2Fwp%2Fv2%2Fcomments&post=28290"}],"version-history":[{"count":3,"href":"http:\/\/info.sadowne.pl\/index.php?rest_route=\/wp\/v2\/posts\/28290\/revisions"}],"predecessor-version":[{"id":28296,"href":"http:\/\/info.sadowne.pl\/index.php?rest_route=\/wp\/v2\/posts\/28290\/revisions\/28296"}],"wp:attachment":[{"href":"http:\/\/info.sadowne.pl\/index.php?rest_route=%2Fwp%2Fv2%2Fmedia&parent=28290"}],"wp:term":[{"taxonomy":"category","embeddable":true,"href":"http:\/\/info.sadowne.pl\/index.php?rest_route=%2Fwp%2Fv2%2Fcategories&post=28290"},{"taxonomy":"post_tag","embeddable":true,"href":"http:\/\/info.sadowne.pl\/index.php?rest_route=%2Fwp%2Fv2%2Ftags&post=28290"}],"curies":[{"name":"wp","href":"https:\/\/api.w.org\/{rel}","templated":true}]}}