{"id":28297,"date":"2023-10-10T15:15:53","date_gmt":"2023-10-10T13:15:53","guid":{"rendered":"http:\/\/info.sadowne.pl\/?p=28297"},"modified":"2023-10-10T15:16:25","modified_gmt":"2023-10-10T13:16:25","slug":"juz-cos-widac","status":"publish","type":"post","link":"http:\/\/info.sadowne.pl\/?p=28297","title":{"rendered":"Ju\u017c co\u015b wida\u0107\u2026"},"content":{"rendered":"<p><strong><a href=\"http:\/\/info.sadowne.pl\/wp-content\/uploads\/2023\/10\/2023.10.10.6.jpg\"><img loading=\"lazy\" decoding=\"async\" class=\"alignleft size-thumbnail wp-image-28303\" src=\"http:\/\/info.sadowne.pl\/wp-content\/uploads\/2023\/10\/2023.10.10.6-180x130.jpg\" alt=\"\" width=\"180\" height=\"130\" \/><\/a>Rozpocz\u0119\u0142a si\u0119 budowa przedszkola gminnego w Sadownem. Przed zim\u0105 prawdopodobnie obiekt zostanie zadaszony.<\/strong><!--more--><\/p>\n<p>Jak wszyscy pami\u0119taj\u0105, do niedawna sadowie\u0144skie przedszkole mie\u015bci\u0142o si\u0119 w budynku przy ko\u015bciele w Sadownem, <a href=\"http:\/\/info.sadowne.pl\/wp-content\/uploads\/2023\/10\/2023.10.10.1.jpg\" target=\"_blank\" rel=\"noopener\"><img loading=\"lazy\" decoding=\"async\" class=\"alignright wp-image-28298 size-thumbnail\" src=\"http:\/\/info.sadowne.pl\/wp-content\/uploads\/2023\/10\/2023.10.10.1-180x130.jpg\" alt=\"\" width=\"180\" height=\"130\" \/><\/a>kt\u00f3ry wcze\u015bniej by\u0142 domem jednorodzinnym. Jakie tam by\u0142y warunki? Szkoda m\u00f3wi\u0107, potwierdz\u0105 to rodzice i pracownicy przedszkola, kt\u00f3rzy ka\u017cdego dnia musieli boryka\u0107 si\u0119 z ciasnot\u0105 i brakiem warunk\u00f3w do pe\u0142nej opieki nad maluchami. Nast\u0119pnie przedszkolaki przenios\u0142y si\u0119 do sadowie\u0144skiej szko\u0142y podstawowej.<\/p>\n<p><a href=\"http:\/\/info.sadowne.pl\/wp-content\/uploads\/2023\/10\/2023.10.10.2.jpg\" target=\"_blank\" rel=\"noopener\"><img loading=\"lazy\" decoding=\"async\" class=\"alignleft wp-image-28299 size-thumbnail\" src=\"http:\/\/info.sadowne.pl\/wp-content\/uploads\/2023\/10\/2023.10.10.2-180x130.jpg\" alt=\"\" width=\"180\" height=\"130\" \/><\/a>Warunki polepszy\u0142y si\u0119, ale i tak jest ciasno, brak pe\u0142nego komfortu dla nauczycieli i dzieci. Od wielu lat planowano budow\u0119 nowego przedszkola, ale czas mija\u0142, p\u0142yn\u0119\u0142y lata i\u2026 nic. W ko\u0144cu podj\u0119to decyzj\u0119 i zgromadzono \u015brodki finansowe. W Sadownem powstanie nowe, nowoczesne przedszkole, w kt\u00f3rym opiek\u0105 zostanie obj\u0119tych ok. 200 dzieci. W obiekcie, kt\u00f3ry b\u0119dzie zlokalizowany w Sadownem przy ul. B\u0142. ks. E. Grzyma\u0142y, uruchomiony zostanie te\u017c o wysokim standardzie \u017c\u0142obek dla naszych najm\u0142odszych. Nowy obiekt oczywi\u015bcie b\u0119dzie te\u017c przystosowany dla os\u00f3b z niepe\u0142nosprawno\u015bci\u0105.<\/p>\n<p>&#8211; <em>Od pomys\u0142u, poprzez planowanie, doszli\u015bmy do realizacji inwestycji. 22 sierpnia 2022 r. w Sadownem podpisali\u015bmy umowy z wykonawc\u0105 oraz inspektorem budowy przedszkola gminnego w Sadownem<\/em> \u2013 informuje W\u00f3jt Gminy Sadowne p. Waldemar Cyran. <em>Wykonawc\u0105 zosta\u0142o konsorcjum trzech firm: Liderem jest \u00a0firma Modanta Sp. z o.o. z Zielonki, a konsorcjantami: Cora New Sp. z o.o. z Warszawy i Przedsi\u0119biorstwo Budownictwa Elektroenergetycznego \u201eELBUD\u201d Gda\u0144sk &#8211; Sp\u00f3\u0142ka Akcyjna z Gda\u0144ska. Warto\u015b\u0107 oferty wynosi \u2013 10 983 900 z\u0142. Ju\u017c wiemy, \u017ce inwestycja zostanie dofinansowana ze \u015brodk\u00f3w Samorz\u0105du Wojew\u00f3dztwa Mazowieckiego w kwocie 4 miliony z\u0142otych oraz ze \u015brodk\u00f3w w ramach Rz\u0105dowego Funduszu Polski \u0141ad Program Inwestycji Strategicznych w kwocie 5 milion\u00f3w z\u0142otych<\/em> \u2013 dodaje p. W\u00f3jt.<\/p>\n\n\t\t<style type=\"text\/css\">\n\t\t\t#gallery-1 {\n\t\t\t\tmargin: auto;\n\t\t\t}\n\t\t\t#gallery-1 .gallery-item {\n\t\t\t\tfloat: left;\n\t\t\t\tmargin-top: 10px;\n\t\t\t\ttext-align: center;\n\t\t\t\twidth: 33%;\n\t\t\t}\n\t\t\t#gallery-1 img {\n\t\t\t\tborder: 2px solid #cfcfcf;\n\t\t\t}\n\t\t\t#gallery-1 .gallery-caption {\n\t\t\t\tmargin-left: 0;\n\t\t\t}\n\t\t\t\/* see gallery_shortcode() in wp-includes\/media.php *\/\n\t\t<\/style>\n\t\t<div id='gallery-1' class='gallery galleryid-28297 gallery-columns-3 gallery-size-thumbnail'><dl class='gallery-item'>\n\t\t\t<dt class='gallery-icon landscape'>\n\t\t\t\t<a href='http:\/\/info.sadowne.pl\/?attachment_id=28300'><img loading=\"lazy\" decoding=\"async\" width=\"180\" height=\"130\" src=\"http:\/\/info.sadowne.pl\/wp-content\/uploads\/2023\/10\/2023.10.10.3-180x130.jpg\" class=\"attachment-thumbnail size-thumbnail\" alt=\"\" \/><\/a>\n\t\t\t<\/dt><\/dl><dl class='gallery-item'>\n\t\t\t<dt class='gallery-icon landscape'>\n\t\t\t\t<a href='http:\/\/info.sadowne.pl\/?attachment_id=28301'><img loading=\"lazy\" decoding=\"async\" width=\"180\" height=\"130\" src=\"http:\/\/info.sadowne.pl\/wp-content\/uploads\/2023\/10\/2023.10.10.4-180x130.jpg\" class=\"attachment-thumbnail size-thumbnail\" alt=\"\" \/><\/a>\n\t\t\t<\/dt><\/dl><dl class='gallery-item'>\n\t\t\t<dt class='gallery-icon landscape'>\n\t\t\t\t<a href='http:\/\/info.sadowne.pl\/?attachment_id=28302'><img loading=\"lazy\" decoding=\"async\" width=\"180\" height=\"130\" src=\"http:\/\/info.sadowne.pl\/wp-content\/uploads\/2023\/10\/2023.10.10.5-180x130.jpg\" class=\"attachment-thumbnail size-thumbnail\" alt=\"\" \/><\/a>\n\t\t\t<\/dt><\/dl><br style=\"clear: both\" \/>\n\t\t<\/div>\n\n<p>W przeddzie\u0144 rozpocz\u0119cia budowy, 4 wrze\u015bnia br. widzimy przygotowane fundamenty pod budynek przedszkola, a po miesi\u0105cu\u2026<\/p>\n\n\t\t<style type=\"text\/css\">\n\t\t\t#gallery-2 {\n\t\t\t\tmargin: auto;\n\t\t\t}\n\t\t\t#gallery-2 .gallery-item {\n\t\t\t\tfloat: left;\n\t\t\t\tmargin-top: 10px;\n\t\t\t\ttext-align: center;\n\t\t\t\twidth: 33%;\n\t\t\t}\n\t\t\t#gallery-2 img {\n\t\t\t\tborder: 2px solid #cfcfcf;\n\t\t\t}\n\t\t\t#gallery-2 .gallery-caption {\n\t\t\t\tmargin-left: 0;\n\t\t\t}\n\t\t\t\/* see gallery_shortcode() in wp-includes\/media.php *\/\n\t\t<\/style>\n\t\t<div id='gallery-2' class='gallery galleryid-28297 gallery-columns-3 gallery-size-thumbnail'><dl class='gallery-item'>\n\t\t\t<dt class='gallery-icon landscape'>\n\t\t\t\t<a href='http:\/\/info.sadowne.pl\/?attachment_id=28303'><img loading=\"lazy\" decoding=\"async\" width=\"180\" height=\"130\" src=\"http:\/\/info.sadowne.pl\/wp-content\/uploads\/2023\/10\/2023.10.10.6-180x130.jpg\" class=\"attachment-thumbnail size-thumbnail\" alt=\"\" \/><\/a>\n\t\t\t<\/dt><\/dl><dl class='gallery-item'>\n\t\t\t<dt class='gallery-icon landscape'>\n\t\t\t\t<a href='http:\/\/info.sadowne.pl\/?attachment_id=28304'><img loading=\"lazy\" decoding=\"async\" width=\"180\" height=\"130\" src=\"http:\/\/info.sadowne.pl\/wp-content\/uploads\/2023\/10\/2023.10.10.7-180x130.jpg\" class=\"attachment-thumbnail size-thumbnail\" alt=\"\" \/><\/a>\n\t\t\t<\/dt><\/dl><dl class='gallery-item'>\n\t\t\t<dt class='gallery-icon landscape'>\n\t\t\t\t<a href='http:\/\/info.sadowne.pl\/?attachment_id=28305'><img loading=\"lazy\" decoding=\"async\" width=\"180\" height=\"130\" src=\"http:\/\/info.sadowne.pl\/wp-content\/uploads\/2023\/10\/2023.10.10.8-180x130.jpg\" class=\"attachment-thumbnail size-thumbnail\" alt=\"\" \/><\/a>\n\t\t\t<\/dt><\/dl><br style=\"clear: both\" \/>\n\t\t<\/div>\n\n<p>\u2026stoj\u0105 \u015bciany, wkr\u00f3tce wykonane zostanie ogrodzenie posesji i zadaszenie, kt\u00f3re umo\u017cliwi prowadzenie prac w okresie zimowym. I bardzo dobrze \u2013 co si\u0119 zbuduje, to ju\u017c nam pozostanie. Budowa przedszkola ma przebiega\u0107 szybko \u2013 p. Waldemar Cyran, podczas gminnej inauguracji roku szkolnego 2023\/2024 w Szkole Podstawowej w Sadfownem, obieca\u0142, i\u017c w przysz\u0142ym roku podobna uroczysto\u015b\u0107 rozpocz\u0119cia nowego roku szkolnego odb\u0119dzie si\u0119 ju\u017c w nowym budynku sadowie\u0144skiego przedszkola. Trzymamy za s\u0142owo Panie W\u00f3jcie!<\/p>\n<p><strong>Tekst\/foto:<\/strong> S\u0142awek Chyli\u0144ski<\/p>\n","protected":false},"excerpt":{"rendered":"<p>Rozpocz\u0119\u0142a si\u0119 budowa przedszkola gminnego w Sadownem. Przed zim\u0105 prawdopodobnie obiekt zostanie zadaszony.<\/p>\n","protected":false},"author":1,"featured_media":0,"comment_status":"closed","ping_status":"closed","sticky":false,"template":"","format":"standard","meta":{"footnotes":""},"categories":[5,41],"tags":[4030,2286],"class_list":["post-28297","post","type-post","status-publish","format-standard","hentry","category-newsy","category-wiesci-gminne","tag-budowa-nowego-przedszkola-w-sadownem","tag-przedszkole-w-sadownem"],"views":3872,"_links":{"self":[{"href":"http:\/\/info.sadowne.pl\/index.php?rest_route=\/wp\/v2\/posts\/28297","targetHints":{"allow":["GET"]}}],"collection":[{"href":"http:\/\/info.sadowne.pl\/index.php?rest_route=\/wp\/v2\/posts"}],"about":[{"href":"http:\/\/info.sadowne.pl\/index.php?rest_route=\/wp\/v2\/types\/post"}],"author":[{"embeddable":true,"href":"http:\/\/info.sadowne.pl\/index.php?rest_route=\/wp\/v2\/users\/1"}],"replies":[{"embeddable":true,"href":"http:\/\/info.sadowne.pl\/index.php?rest_route=%2Fwp%2Fv2%2Fcomments&post=28297"}],"version-history":[{"count":3,"href":"http:\/\/info.sadowne.pl\/index.php?rest_route=\/wp\/v2\/posts\/28297\/revisions"}],"predecessor-version":[{"id":28308,"href":"http:\/\/info.sadowne.pl\/index.php?rest_route=\/wp\/v2\/posts\/28297\/revisions\/28308"}],"wp:attachment":[{"href":"http:\/\/info.sadowne.pl\/index.php?rest_route=%2Fwp%2Fv2%2Fmedia&parent=28297"}],"wp:term":[{"taxonomy":"category","embeddable":true,"href":"http:\/\/info.sadowne.pl\/index.php?rest_route=%2Fwp%2Fv2%2Fcategories&post=28297"},{"taxonomy":"post_tag","embeddable":true,"href":"http:\/\/info.sadowne.pl\/index.php?rest_route=%2Fwp%2Fv2%2Ftags&post=28297"}],"curies":[{"name":"wp","href":"https:\/\/api.w.org\/{rel}","templated":true}]}}