{"id":28310,"date":"2023-10-11T17:33:58","date_gmt":"2023-10-11T15:33:58","guid":{"rendered":"http:\/\/info.sadowne.pl\/?p=28310"},"modified":"2023-10-11T17:35:28","modified_gmt":"2023-10-11T15:35:28","slug":"nowa-siedziba-wydzialu-komunikacji","status":"publish","type":"post","link":"http:\/\/info.sadowne.pl\/?p=28310","title":{"rendered":"Nowa siedziba Wydzia\u0142u Komunikacji"},"content":{"rendered":"<p><strong><a href=\"http:\/\/info.sadowne.pl\/wp-content\/uploads\/2023\/10\/2023.10.11-1.jpg\"><img loading=\"lazy\" decoding=\"async\" class=\"alignleft size-thumbnail wp-image-28311\" src=\"http:\/\/info.sadowne.pl\/wp-content\/uploads\/2023\/10\/2023.10.11-1-180x130.jpg\" alt=\"\" width=\"180\" height=\"130\" \/><\/a>Od dnia 4 pa\u017adziernika br. Wydzia\u0142 Komunikacji Starostwa Powiatowego w W\u0119growie przyjmuje interesant\u00f3w w nowej siedzibie, kt\u00f3ra znajduje si\u0119 na ul. Pi\u0142sudskiego 23 w W\u0119growie. <\/strong><!--more--><\/p>\n<p>Usprawnienie rejestracji pojazd\u00f3w i wydawanie praw jazdy, to g\u0142\u00f3wne powody, dla kt\u00f3rych w\u0142adze Powiatu W\u0119growskiego zdecydowa\u0142y si\u0119 na modernizacj\u0119 pomieszcze\u0144 po dawnej sto\u0142\u00f3wce i przeniesienie tam wydzia\u0142u. Nowa siedziba da\u0142a mo\u017cliwo\u015b\u0107 stworzenia odpowiednich warunk\u00f3w dla interesant\u00f3w w obszernym lokalu zaprojektowanym w formie otwartego biura (tzw. open space). Nowoczesna sala obs\u0142ugi posiada wygodne sofy i k\u0105cik dla dzieci. Budynek dostosowano do potrzeb os\u00f3b niepe\u0142nosprawnych i wyposa\u017cono w odpowiednie archiwum do przechowywania du\u017cych zasob\u00f3w archiwalnych wydzia\u0142u, kt\u00f3re s\u0105 wykorzystywane r\u00f3wnie\u017c w pracy bie\u017c\u0105cej.<\/p>\n<p><strong>Godziny przyj\u0119\u0107 interesant\u00f3w:<\/strong><\/p>\n<p>Poniedzia\u0142ek-Wtorek-Czwartek: 8.00-16.00<\/p>\n<p>\u015aroda: 8.00-17.00<\/p>\n<p>Pi\u0105tek: 8.00-15.00<\/p>\n<p>&#8212;&#8212;&#8212;&#8212;&#8212;&#8212;&#8212;&#8212;&#8212;&#8212;&#8212;&#8212;&#8212;&#8212;&#8212;&#8212;&#8212;&#8212;&#8212;&#8212;&#8212;-<\/p>\n<p>Zakres rob\u00f3t przy modernizacji budynku Powiatu W\u0119growskiego mieszcz\u0105cego si\u0119 na ul. Pi\u0142sudskiego 23\u00a0 na potrzeby nowej siedziby Wydzia\u0142u Komunikacji i Transportu obejmowa\u0142 m.in.: przebudow\u0119 pomieszcze\u0144 sto\u0142\u00f3wki i kuchni z przeznaczeniem do obs\u0142ugi interesariuszy Wydzia\u0142u Komunikacji Starostwa Powiatowego w W\u0119growie, roboty rozbi\u00f3rkowe, roboty murowe, wymian\u0119 stolarki drzwiowej, wykonanie tynk\u00f3w i ok\u0142adzin wewn\u0119trznych, wykonanie posadzek, prace malarskie, przebudow\u0119 instalacji centralnego ogrzewania, wykonanie wentylacji hybrydowej, prace zwi\u0105zane z instalacj\u0105 wodno-kanalizacyjn\u0105, monta\u017c osprz\u0119tu i wykonanie instalacji p.po\u017c.<\/p>\n<p>Warto\u015b\u0107 inwestycji \u2013 1 307 800,57 z\u0142 w tym:<\/p>\n<p>&#8211; \u015brodki w ramach Rz\u0105dowego Funduszu Polski \u0141ad: Program Inwestycji Strategicznych &#8211; Polski \u0141ad \u2013 850 000,00 z\u0142<\/p>\n<p>&#8211; \u015brodki z bud\u017cetu Powiatu W\u0119growskiego \u2013 457 800,57 z\u0142<\/p>\n\n\t\t<style type=\"text\/css\">\n\t\t\t#gallery-1 {\n\t\t\t\tmargin: auto;\n\t\t\t}\n\t\t\t#gallery-1 .gallery-item {\n\t\t\t\tfloat: left;\n\t\t\t\tmargin-top: 10px;\n\t\t\t\ttext-align: center;\n\t\t\t\twidth: 33%;\n\t\t\t}\n\t\t\t#gallery-1 img {\n\t\t\t\tborder: 2px solid #cfcfcf;\n\t\t\t}\n\t\t\t#gallery-1 .gallery-caption {\n\t\t\t\tmargin-left: 0;\n\t\t\t}\n\t\t\t\/* see gallery_shortcode() in wp-includes\/media.php *\/\n\t\t<\/style>\n\t\t<div id='gallery-1' class='gallery galleryid-28310 gallery-columns-3 gallery-size-thumbnail'><dl class='gallery-item'>\n\t\t\t<dt class='gallery-icon portrait'>\n\t\t\t\t<a href='http:\/\/info.sadowne.pl\/?attachment_id=28311'><img loading=\"lazy\" decoding=\"async\" width=\"180\" height=\"130\" src=\"http:\/\/info.sadowne.pl\/wp-content\/uploads\/2023\/10\/2023.10.11-1-180x130.jpg\" class=\"attachment-thumbnail size-thumbnail\" alt=\"\" \/><\/a>\n\t\t\t<\/dt><\/dl><dl class='gallery-item'>\n\t\t\t<dt class='gallery-icon portrait'>\n\t\t\t\t<a href='http:\/\/info.sadowne.pl\/?attachment_id=28312'><img loading=\"lazy\" decoding=\"async\" width=\"180\" height=\"130\" src=\"http:\/\/info.sadowne.pl\/wp-content\/uploads\/2023\/10\/2023.10.11-2-180x130.jpg\" class=\"attachment-thumbnail size-thumbnail\" alt=\"\" \/><\/a>\n\t\t\t<\/dt><\/dl><dl class='gallery-item'>\n\t\t\t<dt class='gallery-icon portrait'>\n\t\t\t\t<a href='http:\/\/info.sadowne.pl\/?attachment_id=28313'><img loading=\"lazy\" decoding=\"async\" width=\"180\" height=\"130\" src=\"http:\/\/info.sadowne.pl\/wp-content\/uploads\/2023\/10\/2023.10.11-3-180x130.jpg\" class=\"attachment-thumbnail size-thumbnail\" alt=\"\" \/><\/a>\n\t\t\t<\/dt><\/dl><br style=\"clear: both\" \/><dl class='gallery-item'>\n\t\t\t<dt class='gallery-icon portrait'>\n\t\t\t\t<a href='http:\/\/info.sadowne.pl\/?attachment_id=28314'><img loading=\"lazy\" decoding=\"async\" width=\"180\" height=\"130\" src=\"http:\/\/info.sadowne.pl\/wp-content\/uploads\/2023\/10\/2023.10.11-5-180x130.jpg\" class=\"attachment-thumbnail size-thumbnail\" alt=\"\" \/><\/a>\n\t\t\t<\/dt><\/dl><dl class='gallery-item'>\n\t\t\t<dt class='gallery-icon portrait'>\n\t\t\t\t<a href='http:\/\/info.sadowne.pl\/?attachment_id=28315'><img loading=\"lazy\" decoding=\"async\" width=\"180\" height=\"130\" src=\"http:\/\/info.sadowne.pl\/wp-content\/uploads\/2023\/10\/2023.10.11-6-180x130.jpg\" class=\"attachment-thumbnail size-thumbnail\" alt=\"\" \/><\/a>\n\t\t\t<\/dt><\/dl>\n\t\t\t<br style='clear: both' \/>\n\t\t<\/div>\n\n<p><strong>Katarzyna Go\u0142\u0119biewska &#8211; Inspektor ds. promocji Starostwa Powiatowego w W\u0119growie<\/strong><\/p>\n","protected":false},"excerpt":{"rendered":"<p>Od dnia 4 pa\u017adziernika br. Wydzia\u0142 Komunikacji Starostwa Powiatowego w W\u0119growie przyjmuje interesant\u00f3w w nowej siedzibie, kt\u00f3ra znajduje si\u0119 na ul. Pi\u0142sudskiego 23 w W\u0119growie.<\/p>\n","protected":false},"author":1,"featured_media":0,"comment_status":"closed","ping_status":"closed","sticky":false,"template":"","format":"standard","meta":{"footnotes":""},"categories":[5,1,3960],"tags":[4031,198],"class_list":["post-28310","post","type-post","status-publish","format-standard","hentry","category-newsy","category-inne","category-starostwo-powiatowe-w-wegrowie","tag-nowa-siedziba-wydzialu-komunikacji","tag-starostwo-powiatowe-w-wegrowie"],"views":2276,"_links":{"self":[{"href":"http:\/\/info.sadowne.pl\/index.php?rest_route=\/wp\/v2\/posts\/28310","targetHints":{"allow":["GET"]}}],"collection":[{"href":"http:\/\/info.sadowne.pl\/index.php?rest_route=\/wp\/v2\/posts"}],"about":[{"href":"http:\/\/info.sadowne.pl\/index.php?rest_route=\/wp\/v2\/types\/post"}],"author":[{"embeddable":true,"href":"http:\/\/info.sadowne.pl\/index.php?rest_route=\/wp\/v2\/users\/1"}],"replies":[{"embeddable":true,"href":"http:\/\/info.sadowne.pl\/index.php?rest_route=%2Fwp%2Fv2%2Fcomments&post=28310"}],"version-history":[{"count":2,"href":"http:\/\/info.sadowne.pl\/index.php?rest_route=\/wp\/v2\/posts\/28310\/revisions"}],"predecessor-version":[{"id":28317,"href":"http:\/\/info.sadowne.pl\/index.php?rest_route=\/wp\/v2\/posts\/28310\/revisions\/28317"}],"wp:attachment":[{"href":"http:\/\/info.sadowne.pl\/index.php?rest_route=%2Fwp%2Fv2%2Fmedia&parent=28310"}],"wp:term":[{"taxonomy":"category","embeddable":true,"href":"http:\/\/info.sadowne.pl\/index.php?rest_route=%2Fwp%2Fv2%2Fcategories&post=28310"},{"taxonomy":"post_tag","embeddable":true,"href":"http:\/\/info.sadowne.pl\/index.php?rest_route=%2Fwp%2Fv2%2Ftags&post=28310"}],"curies":[{"name":"wp","href":"https:\/\/api.w.org\/{rel}","templated":true}]}}