{"id":2833,"date":"2013-08-19T12:15:39","date_gmt":"2013-08-19T10:15:39","guid":{"rendered":"http:\/\/www.infosadowne.boo.pl\/?p=2833"},"modified":"2020-04-24T20:12:03","modified_gmt":"2020-04-24T18:12:03","slug":"karawana-przejechala-przez-sadowne","status":"publish","type":"post","link":"http:\/\/info.sadowne.pl\/?p=2833","title":{"rendered":"Karawana &#8222;przesz\u0142a&#8221; przez Sadowne"},"content":{"rendered":"<p style=\"text-align: justify;\"><strong><img loading=\"lazy\" decoding=\"async\" class=\"alignleft size-thumbnail wp-image-2835\" src=\"http:\/\/www.info.sadowne.pl\/wp-content\/uploads\/2013\/08\/2013.08.19-180x130.jpg\" alt=\"2013.08.19\" width=\"180\" height=\"130\" \/>Absorbuj\u0105ca muzyka, ruch, \u015bwiat\u0142o i pantomima w jednym, a dla ciekawskich i \u017c\u0105dnych nowych rozwi\u0105za\u0144, animacje rodzinne Stowarzyszenia Klanza. Tak by\u0142o w niedzielne popo\u0142udnie (18 sierpnia) na placu przy Gimnazjum w Sadownem.<!--more--><\/strong><\/p>\n<p style=\"text-align: justify;\">Wiele atrakcji i dozna\u0144 artystycznych przygotowa\u0142a dla mieszka\u0144c\u00f3w Sadownego KARAWANA \u2013 W\u0119druj\u0105cy Festiwal Sztuki. Najm\u0142odsi obejrzeli spektakl \u201e\u015amietnik\u201d w wykonaniu aktor\u00f3w Teatru AKT z Warszawy, po czym mogli bra\u0107 udzia\u0142 w rodzinnych animacjach realizowanych przez Polskie Stowarzyszenie Pedagog\u00f3w i Animator\u00f3w KLANZA.<\/p>\n<p style=\"text-align: justify;\">Uwie\u0144czeniem Karawany by\u0142 wieczorny spektakl Teatru AKT \u201eIn Blue\u201d &#8211; przedstawienie o lekkiej, niebanalnej formie, stanowi\u0105ce po\u0142\u0105czenie teatru pantomimy, ta\u0144ca, cyrku, teatru ulicznego i happeningu. Temat przewodni to podr\u00f3\u017c w krain\u0119 wyobra\u017ani, w kt\u00f3r\u0105 niespodziewanie wyrusza g\u0142\u00f3wny bohater. Fantazyjny \u015bwiat wodny inspiruje do stworzenia wielu ciekawych wizualnie obraz\u00f3w; czasem lirycznych, jak spokojna to\u0144 wodna, czasem plastycznych jak rw\u0105cy strumie\u0144, a czasem gwa\u0142townych, jak wzburzone morze. \u015arodki wyrazu to: klasyczna pantomima, taniec z wielkimi pelerynami-skrzyd\u0142ami, taniec z wachlarzami w ogromnych kulach, popis na podwieszonej szarfie, taniec na szczud\u0142ach, powerizerach oraz akrobatyczny duet w wykonaniu Melkart Ball.<\/p>\n<p style=\"text-align: justify;\"><strong>Og\u00f3lnie m\u00f3wi\u0105c, niezapomniane wra\u017cenia dzi\u0119ki garstce ludzi, kt\u00f3rzy dbaj\u0105 o rozw\u00f3j kulturowy miejscowej ludno\u015bci i nawi\u0105zuj\u0105 takie kontakty, kt\u00f3rych efektem s\u0105 tego rodzaju zdarzenia lokalne \u2013 wielkie dzi\u0119ki dla Gminnego O\u015brodka Kultury.<\/strong><\/p>\n<p style=\"text-align: justify;\">A ci, kt\u00f3rzy pomin\u0119li to wydarzenie kulturalne, niech \u017ca\u0142uj\u0105.<\/p>\n<p><a href=\"https:\/\/photos.app.goo.gl\/B4Bj5pNziKA5d2aR7\" target=\"_blank\" rel=\"noopener noreferrer\"><strong>Zdj\u0119cia w galerii Google&gt;&gt;&gt;<\/strong><\/a><\/p>\n<p style=\"text-align: justify;\"><strong>Zobacz te\u017c fragmenty spektaklu &#8222;In Blue&#8221; <span style=\"color: #0000ff;\"><a href=\"http:\/\/youtu.be\/NZ4Z6B5vjA4\" target=\"_blank\" rel=\"noopener noreferrer\"><span style=\"color: #0000ff;\">&gt;&gt;&gt;<\/span><\/a><\/span><\/strong><\/p>\n<p><strong>Tekst\/foto:<\/strong> S\u0142awek Chyli\u0144ski<\/p>\n<p>&nbsp;<\/p>\n","protected":false},"excerpt":{"rendered":"<p>Absorbuj\u0105ca muzyka, ruch, \u015bwiat\u0142o i pantomima w jednym, a dla ciekawskich i \u017c\u0105dnych nowych rozwi\u0105za\u0144, animacje rodzinne Stowarzyszenia Klanza. Tak by\u0142o w niedzielne popo\u0142udnie (18 sierpnia) na placu przy Gimnazjum w Sadownem.<\/p>\n","protected":false},"author":1,"featured_media":0,"comment_status":"open","ping_status":"open","sticky":false,"template":"","format":"standard","meta":{"footnotes":""},"categories":[5,91,6],"tags":[169,334,336,335],"class_list":["post-2833","post","type-post","status-publish","format-standard","hentry","category-newsy","category-gminny-osrodek-kultury","category-kultura-rozrywka-edukacja","tag-gminny-osrodek-kultury-w-sadownem","tag-karawana-wedrujacy-festiwal-sztuki","tag-klanza","tag-teatr-akt"],"views":2914,"_links":{"self":[{"href":"http:\/\/info.sadowne.pl\/index.php?rest_route=\/wp\/v2\/posts\/2833","targetHints":{"allow":["GET"]}}],"collection":[{"href":"http:\/\/info.sadowne.pl\/index.php?rest_route=\/wp\/v2\/posts"}],"about":[{"href":"http:\/\/info.sadowne.pl\/index.php?rest_route=\/wp\/v2\/types\/post"}],"author":[{"embeddable":true,"href":"http:\/\/info.sadowne.pl\/index.php?rest_route=\/wp\/v2\/users\/1"}],"replies":[{"embeddable":true,"href":"http:\/\/info.sadowne.pl\/index.php?rest_route=%2Fwp%2Fv2%2Fcomments&post=2833"}],"version-history":[{"count":11,"href":"http:\/\/info.sadowne.pl\/index.php?rest_route=\/wp\/v2\/posts\/2833\/revisions"}],"predecessor-version":[{"id":23360,"href":"http:\/\/info.sadowne.pl\/index.php?rest_route=\/wp\/v2\/posts\/2833\/revisions\/23360"}],"wp:attachment":[{"href":"http:\/\/info.sadowne.pl\/index.php?rest_route=%2Fwp%2Fv2%2Fmedia&parent=2833"}],"wp:term":[{"taxonomy":"category","embeddable":true,"href":"http:\/\/info.sadowne.pl\/index.php?rest_route=%2Fwp%2Fv2%2Fcategories&post=2833"},{"taxonomy":"post_tag","embeddable":true,"href":"http:\/\/info.sadowne.pl\/index.php?rest_route=%2Fwp%2Fv2%2Ftags&post=2833"}],"curies":[{"name":"wp","href":"https:\/\/api.w.org\/{rel}","templated":true}]}}